{"id":94262,"date":"2023-01-22T14:34:29","date_gmt":"2023-01-22T19:34:29","guid":{"rendered":"https:\/\/itayachtscanada.com\/?p=94262"},"modified":"2024-05-05T19:42:06","modified_gmt":"2024-05-05T23:42:06","slug":"new-catamaran-prestige-m8","status":"publish","type":"post","link":"https:\/\/itayachtscanada.com\/fr\/new-catamaran-prestige-m8\/","title":{"rendered":"Nouveau catamaran moteur Prestige M8"},"content":{"rendered":"<p><strong>Nouveau catamaran moteur Prestige M8 (65 pi)<\/strong><\/p>\n<p>Le groupe Jeanneau-Beneteau annonce pour sa division PRESTIGE YACHTS \u00a0la sortie du nouveau catamaran M8 pour le prochain <a href=\"https:\/\/itayachtscanada.com\/fr\/boat-show-listing\/au-debut-de-cet-automne-on-debute-avec-le-cannes-yachting-festival-qui-se-deroule-du-mardi-7-au-dimanche-12-septembre-2021\/\">B<\/a>oat Show de Cannes \u00e0 l&rsquo;automne 2023 et il sera pr\u00e9sent lors du Fort Lauderdale International Boat Show \u00e9dition 2023.<\/p>\n<p><strong>Ajout nov 2023 : Effectivement, il y \u00e9tait mais sur visite priv\u00e9e, bizarre pour une op\u00e9ration publique qu&rsquo;est un boat show.<\/strong><\/p>\n<p>Apr\u00e8s la sortie du M48 (48.6 pi), Prestige Yachts continue son plan de d\u00e9veloppement pour sa nouvelle division catamaran et augmente en puissance avec un nouveau 65 pieds qui va se nommer le M8, portant il mesure 65 pi (LOA), c&rsquo;est probablement la m\u00eame explication que pour Fountaine-Pajot, on fait allusion \u00e0 8 pour 80 pieds si on tient compte du volume d&rsquo;un yacht comparable (mono-coque conventionnel) qui s&rsquo;apparente vraiment \u00e0 un yacht de 80 pi.<\/p>\n<p>Le prix de vente n&rsquo;a pas \u00e9t\u00e9 d\u00e9voil\u00e9 da mani\u00e8re formelle lors de ce boat show (FLIBS), mais le prix du M48 est d&rsquo;environ \u20ac1,489,500 euros. Alors, nous serons probablement aux alentours de \u20ac4.75 millions d&rsquo;euros pour le M8. C\u2019est le prix demand\u00e9 pour l\u2019Europe.Ce prix \u00e9quivaut environ \u00e0 plus de $5 millions usd et ce n&rsquo;est que le PDSF. J&rsquo;ai bien h\u00e2te de voir comment va r\u00e9agir le march\u00e9 face \u00e0 ce prix disons tr\u00e8s \u00e9lev\u00e9 pour un nouveau catamaran. On n\u2019est pas ici devant un catamaran avec une r\u00e9putation bien \u00e9tablie comme SUNREEF par exemple.<\/p>\n<p>Si un catamaran vous int\u00e9resse, il va nous faire grand plaisir de discuter avec vous de ce mod\u00e8le mais \u00e9galement aussi de ceux des autres manufacturiers qui ont des catamaran de la m\u00eame cat\u00e9gorie (grandeur) comme Lagoon, Leopard(Robertson &amp; Caine), Fountaine-Pajot, Bali et bien s\u00fbr SUNREEF mais ce dernier est un catamaran Custom.<\/p>\n<p>Bien s\u00fbr, lorsque nous sommes en mode achat, viens naturellement la question NEUF ou D&rsquo;OCCASION, nous tentons de r\u00e9pondre \u00e0 cette question <a href=\"https:\/\/itayachtscanada.com\/fr\/new-or-used-yacht\/\">avec cet article<\/a>, \u00e0 lire pour bien comprendre la port\u00e9e de ce questionnement.<\/p>\n<p>Notre bureau est dans la grande r\u00e9gion de Montr\u00e9al, contactez-nous au 514-521-1221<\/p>\n<p><strong>Voici les informations donn\u00e9es par le manufacturier Prestige Yachts :<\/strong><\/p>\n<p><a href=\"https:\/\/www.youtube.com\/watch?v=buB-jb0fo5E\">Cliquez ici<\/a> pour une pr\u00e9sentation vid\u00e9o du nouveau M8.<\/p>\n<p><a href=\"https:\/\/www.youtube.com\/watch?v=wrq6FKiXc7k\">Cliquez ici<\/a> pour voir une visite et un Sea Trial du nouveau Prestige M8.<\/p>\n<p><a href=\"https:\/\/www.youtube.com\/watch?v=gyNqaVROkgA\">Cliquez ici<\/a> pour une visite priv\u00e9e du nouveau M8 en fran\u00e7ais.<\/p>\n<p><a href=\"https:\/\/www.youtube.com\/watch?v=zuy4P83CCJY\">Cliquez ici<\/a> pour voir la pr\u00e9sentation en anglais par THE BOAT SHOW.<\/p>\n<p>EN HARMONIE ULTIME AVEC LA MER<\/p>\n<p>D\u00e9couvrir de nouveaux horizons, renouer avec la nature, avec soi-m\u00eame et avec les autres dans un environnement spacieux, raffin\u00e9 et luxueux : c&rsquo;est l&rsquo;Art de Vivre qu&rsquo;offre le nouveau M8.<br \/>\nUne croisi\u00e8re douce et sereine, plus respectueuse de l&rsquo;environnement, avec une consommation d&rsquo;\u00e9nergie r\u00e9duite.<br \/>\nCe vaisseau amiral promet une exp\u00e9rience in\u00e9dite et des moments pr\u00e9cieux sur l&rsquo;eau \u00e0 savourer avec ceux que vous aimez.<\/p>\n<p><strong>Quelques donn\u00e9es techniques pr\u00e9liminaires<\/strong> :<\/p>\n<p>LOA (hors tout) : 65 pi<\/p>\n<p>Longueur de coque : 60 pi<\/p>\n<p>Largeur : 28.10 pi<\/p>\n<p>Tirant d&rsquo;eau : 5.5 pi<\/p>\n<p>Poids l\u00e9ger : 90,654 lbs<\/p>\n<p>Poids max : 116,117 lbs<\/p>\n<p>R\u00e9servoir carburant : 2 x 489 us gal<\/p>\n<p>R\u00e9servoir eau potable : 2 x 112 us gal<\/p>\n<p>R\u00e9servoir eau noire : 63 us gal<\/p>\n<p>Moteurs : 2 x Volvo D8-600 V-Drive (arbre d&rsquo;h\u00e9lice ou shafts)<\/p>\n<p>Vitesse maxi : 20 kn<\/p>\n<p>Vitesse de croisi\u00e8re : 15 kn<\/p>\n<p>Rayon de d\u00e9placement : 350 MN (\u00e0 vitesse de croisi\u00e8re)<\/p>\n<p>Rayon de d\u00e9placement : 850 MN \u00e0 8 kn.<\/p>\n<p>Nb de chambres : 4 ou 5<\/p>\n<p>Cabine \u00e9quipage : \u00a02<\/p>\n<div class=\"label\">Homologation CE :\u00a0A-10\/B-12\/C-16\/D-20<\/div>\n<p>&nbsp;<\/p>\n<p><strong>Quelques photos :<\/strong><\/p>\n<div class=\"tiled-gallery type-square tiled-gallery-unresized\" data-original-width=\"700\" data-carousel-extra='{&quot;blog_id&quot;:1,&quot;permalink&quot;:&quot;https:\\\/\\\/itayachtscanada.com\\\/fr\\\/new-catamaran-prestige-m8\\\/&quot;,&quot;likes_blog_id&quot;:198557287}' itemscope itemtype=\"http:\/\/schema.org\/ImageGallery\" > <div class=\"gallery-row\" style=\"width: 700px; height: 700px;\" data-original-width=\"700\" data-original-height=\"700\" > <div class=\"gallery-group\" style=\"width: 700px; height: 700px;\" data-original-width=\"700\" data-original-height=\"700\" > <div class=\"tiled-gallery-item \" itemprop=\"associatedMedia\" itemscope itemtype=\"http:\/\/schema.org\/ImageObject\"> <a href=\"https:\/\/itayachtscanada.com\/fr\/new-catamaran-prestige-m8\/prestige-m8-aerial\/\" border=\"0\" itemprop=\"url\"> <meta itemprop=\"width\" content=\"696\"> <meta itemprop=\"height\" content=\"696\"> <img decoding=\"async\" class=\"\" data-attachment-id=\"94272\" data-orig-file=\"https:\/\/itayachtscanada.com\/wp-content\/uploads\/2023\/01\/Prestige-M8-aerial.jpeg\" data-orig-size=\"1280,853\" data-comments-opened=\"1\" data-image-meta=\"{&quot;aperture&quot;:&quot;0&quot;,&quot;credit&quot;:&quot;&quot;,&quot;camera&quot;:&quot;&quot;,&quot;caption&quot;:&quot;&quot;,&quot;created_timestamp&quot;:&quot;0&quot;,&quot;copyright&quot;:&quot;&quot;,&quot;focal_length&quot;:&quot;0&quot;,&quot;iso&quot;:&quot;0&quot;,&quot;shutter_speed&quot;:&quot;0&quot;,&quot;title&quot;:&quot;&quot;,&quot;orientation&quot;:&quot;0&quot;}\" data-image-title=\"Prestige M8 aerial\" data-image-description=\"\" data-medium-file=\"https:\/\/i0.wp.com\/itayachtscanada.com\/wp-content\/uploads\/2023\/01\/Prestige-M8-aerial.jpeg?fit=300%2C200&#038;ssl=1\" data-large-file=\"https:\/\/i0.wp.com\/itayachtscanada.com\/wp-content\/uploads\/2023\/01\/Prestige-M8-aerial.jpeg?fit=700%2C466&#038;ssl=1\" src=\"https:\/\/i0.wp.com\/itayachtscanada.com\/wp-content\/uploads\/2023\/01\/Prestige-M8-aerial.jpeg?w=696&#038;h=696&#038;crop=1&#038;ssl=1\" srcset=\"https:\/\/i0.wp.com\/itayachtscanada.com\/wp-content\/uploads\/2023\/01\/Prestige-M8-aerial.jpeg?resize=150%2C150&amp;ssl=1 150w, https:\/\/i0.wp.com\/itayachtscanada.com\/wp-content\/uploads\/2023\/01\/Prestige-M8-aerial.jpeg?resize=60%2C60&amp;ssl=1 60w, https:\/\/i0.wp.com\/itayachtscanada.com\/wp-content\/uploads\/2023\/01\/Prestige-M8-aerial.jpeg?resize=800%2C800&amp;ssl=1 800w, https:\/\/i0.wp.com\/itayachtscanada.com\/wp-content\/uploads\/2023\/01\/Prestige-M8-aerial.jpeg?resize=400%2C400&amp;ssl=1 400w, https:\/\/i0.wp.com\/itayachtscanada.com\/wp-content\/uploads\/2023\/01\/Prestige-M8-aerial.jpeg?resize=200%2C200&amp;ssl=1 200w, https:\/\/i0.wp.com\/itayachtscanada.com\/wp-content\/uploads\/2023\/01\/Prestige-M8-aerial.jpeg?resize=100%2C100&amp;ssl=1 100w, https:\/\/i0.wp.com\/itayachtscanada.com\/wp-content\/uploads\/2023\/01\/Prestige-M8-aerial.jpeg?resize=50%2C50&amp;ssl=1 50w\" width=\"696\" height=\"696\" loading=\"lazy\" data-original-width=\"696\" data-original-height=\"696\" itemprop=\"http:\/\/schema.org\/image\" title=\"Prestige M8 aerial\" alt=\"Prestige M8 aerial\" style=\"width: 696px; height: 696px;\" \/> <\/a> <\/div> <\/div> <\/div> <div class=\"gallery-row\" style=\"width: 700px; height: 233px;\" data-original-width=\"700\" data-original-height=\"233\" > <div class=\"gallery-group\" style=\"width: 233px; height: 233px;\" data-original-width=\"233\" data-original-height=\"233\" > <div class=\"tiled-gallery-item \" itemprop=\"associatedMedia\" itemscope itemtype=\"http:\/\/schema.org\/ImageObject\"> <a href=\"https:\/\/itayachtscanada.com\/fr\/new-catamaran-prestige-m8\/capture-decran-le-2023-11-12-a-18-36-11\/\" border=\"0\" itemprop=\"url\"> <meta itemprop=\"width\" content=\"229\"> <meta itemprop=\"height\" content=\"229\"> <img decoding=\"async\" class=\"\" data-attachment-id=\"141068\" data-orig-file=\"https:\/\/itayachtscanada.com\/wp-content\/uploads\/2023\/01\/Capture-decran-le-2023-11-12-a-18.36.11.png\" data-orig-size=\"2220,1256\" data-comments-opened=\"1\" data-image-meta=\"{&quot;aperture&quot;:&quot;0&quot;,&quot;credit&quot;:&quot;&quot;,&quot;camera&quot;:&quot;&quot;,&quot;caption&quot;:&quot;&quot;,&quot;created_timestamp&quot;:&quot;0&quot;,&quot;copyright&quot;:&quot;&quot;,&quot;focal_length&quot;:&quot;0&quot;,&quot;iso&quot;:&quot;0&quot;,&quot;shutter_speed&quot;:&quot;0&quot;,&quot;title&quot;:&quot;&quot;,&quot;orientation&quot;:&quot;0&quot;}\" data-image-title=\"Capture d\u2019\u00e9cran, le 2023-11-12 \u00e0 18.36.11\" data-image-description=\"\" data-medium-file=\"https:\/\/i0.wp.com\/itayachtscanada.com\/wp-content\/uploads\/2023\/01\/Capture-decran-le-2023-11-12-a-18.36.11.png?fit=300%2C170&#038;ssl=1\" data-large-file=\"https:\/\/i0.wp.com\/itayachtscanada.com\/wp-content\/uploads\/2023\/01\/Capture-decran-le-2023-11-12-a-18.36.11.png?fit=700%2C396&#038;ssl=1\" src=\"https:\/\/i0.wp.com\/itayachtscanada.com\/wp-content\/uploads\/2023\/01\/Capture-decran-le-2023-11-12-a-18.36.11.png?w=229&#038;h=229&#038;crop=1&#038;ssl=1\" srcset=\"https:\/\/i0.wp.com\/itayachtscanada.com\/wp-content\/uploads\/2023\/01\/Capture-decran-le-2023-11-12-a-18.36.11.png?resize=150%2C150&amp;ssl=1 150w, https:\/\/i0.wp.com\/itayachtscanada.com\/wp-content\/uploads\/2023\/01\/Capture-decran-le-2023-11-12-a-18.36.11.png?resize=60%2C60&amp;ssl=1 60w, https:\/\/i0.wp.com\/itayachtscanada.com\/wp-content\/uploads\/2023\/01\/Capture-decran-le-2023-11-12-a-18.36.11.png?resize=80%2C80&amp;ssl=1 80w, https:\/\/i0.wp.com\/itayachtscanada.com\/wp-content\/uploads\/2023\/01\/Capture-decran-le-2023-11-12-a-18.36.11.png?resize=1200%2C1200&amp;ssl=1 1200w, https:\/\/i0.wp.com\/itayachtscanada.com\/wp-content\/uploads\/2023\/01\/Capture-decran-le-2023-11-12-a-18.36.11.png?resize=800%2C800&amp;ssl=1 800w, https:\/\/i0.wp.com\/itayachtscanada.com\/wp-content\/uploads\/2023\/01\/Capture-decran-le-2023-11-12-a-18.36.11.png?resize=600%2C600&amp;ssl=1 600w, https:\/\/i0.wp.com\/itayachtscanada.com\/wp-content\/uploads\/2023\/01\/Capture-decran-le-2023-11-12-a-18.36.11.png?resize=400%2C400&amp;ssl=1 400w, https:\/\/i0.wp.com\/itayachtscanada.com\/wp-content\/uploads\/2023\/01\/Capture-decran-le-2023-11-12-a-18.36.11.png?resize=200%2C200&amp;ssl=1 200w, https:\/\/i0.wp.com\/itayachtscanada.com\/wp-content\/uploads\/2023\/01\/Capture-decran-le-2023-11-12-a-18.36.11.png?resize=100%2C100&amp;ssl=1 100w, https:\/\/i0.wp.com\/itayachtscanada.com\/wp-content\/uploads\/2023\/01\/Capture-decran-le-2023-11-12-a-18.36.11.png?resize=50%2C50&amp;ssl=1 50w, https:\/\/i0.wp.com\/itayachtscanada.com\/wp-content\/uploads\/2023\/01\/Capture-decran-le-2023-11-12-a-18.36.11.png?zoom=2&amp;resize=229%2C229&amp;ssl=1 458w, https:\/\/i0.wp.com\/itayachtscanada.com\/wp-content\/uploads\/2023\/01\/Capture-decran-le-2023-11-12-a-18.36.11.png?zoom=3&amp;resize=229%2C229&amp;ssl=1 687w\" width=\"229\" height=\"229\" loading=\"lazy\" data-original-width=\"229\" data-original-height=\"229\" itemprop=\"http:\/\/schema.org\/image\" title=\"Capture d\u2019\u00e9cran, le 2023-11-12 \u00e0 18.36.11\" alt=\"Capture d\u2019\u00e9cran, le 2023-11-12 \u00e0 18.36.11\" style=\"width: 229px; height: 229px;\" \/> <\/a> <\/div> <\/div> <div class=\"gallery-group\" style=\"width: 233px; height: 233px;\" data-original-width=\"233\" data-original-height=\"233\" > <div class=\"tiled-gallery-item \" itemprop=\"associatedMedia\" itemscope itemtype=\"http:\/\/schema.org\/ImageObject\"> <a href=\"https:\/\/itayachtscanada.com\/fr\/new-catamaran-prestige-m8\/capture-decran-le-2023-11-12-a-18-34-43\/\" border=\"0\" itemprop=\"url\"> <meta itemprop=\"width\" content=\"229\"> <meta itemprop=\"height\" content=\"229\"> <img decoding=\"async\" class=\"\" data-attachment-id=\"141075\" data-orig-file=\"https:\/\/itayachtscanada.com\/wp-content\/uploads\/2023\/01\/Capture-decran-le-2023-11-12-a-18.34.43.png\" data-orig-size=\"1678,1254\" data-comments-opened=\"1\" data-image-meta=\"{&quot;aperture&quot;:&quot;0&quot;,&quot;credit&quot;:&quot;&quot;,&quot;camera&quot;:&quot;&quot;,&quot;caption&quot;:&quot;&quot;,&quot;created_timestamp&quot;:&quot;0&quot;,&quot;copyright&quot;:&quot;&quot;,&quot;focal_length&quot;:&quot;0&quot;,&quot;iso&quot;:&quot;0&quot;,&quot;shutter_speed&quot;:&quot;0&quot;,&quot;title&quot;:&quot;&quot;,&quot;orientation&quot;:&quot;0&quot;}\" data-image-title=\"Capture d\u2019\u00e9cran, le 2023-11-12 \u00e0 18.34.43\" data-image-description=\"\" data-medium-file=\"https:\/\/i0.wp.com\/itayachtscanada.com\/wp-content\/uploads\/2023\/01\/Capture-decran-le-2023-11-12-a-18.34.43.png?fit=300%2C224&#038;ssl=1\" data-large-file=\"https:\/\/i0.wp.com\/itayachtscanada.com\/wp-content\/uploads\/2023\/01\/Capture-decran-le-2023-11-12-a-18.34.43.png?fit=700%2C523&#038;ssl=1\" src=\"https:\/\/i0.wp.com\/itayachtscanada.com\/wp-content\/uploads\/2023\/01\/Capture-decran-le-2023-11-12-a-18.34.43.png?w=229&#038;h=229&#038;crop=1&#038;ssl=1\" srcset=\"https:\/\/i0.wp.com\/itayachtscanada.com\/wp-content\/uploads\/2023\/01\/Capture-decran-le-2023-11-12-a-18.34.43.png?resize=150%2C150&amp;ssl=1 150w, https:\/\/i0.wp.com\/itayachtscanada.com\/wp-content\/uploads\/2023\/01\/Capture-decran-le-2023-11-12-a-18.34.43.png?resize=60%2C60&amp;ssl=1 60w, https:\/\/i0.wp.com\/itayachtscanada.com\/wp-content\/uploads\/2023\/01\/Capture-decran-le-2023-11-12-a-18.34.43.png?resize=80%2C80&amp;ssl=1 80w, https:\/\/i0.wp.com\/itayachtscanada.com\/wp-content\/uploads\/2023\/01\/Capture-decran-le-2023-11-12-a-18.34.43.png?resize=1200%2C1200&amp;ssl=1 1200w, https:\/\/i0.wp.com\/itayachtscanada.com\/wp-content\/uploads\/2023\/01\/Capture-decran-le-2023-11-12-a-18.34.43.png?resize=800%2C800&amp;ssl=1 800w, https:\/\/i0.wp.com\/itayachtscanada.com\/wp-content\/uploads\/2023\/01\/Capture-decran-le-2023-11-12-a-18.34.43.png?resize=600%2C600&amp;ssl=1 600w, https:\/\/i0.wp.com\/itayachtscanada.com\/wp-content\/uploads\/2023\/01\/Capture-decran-le-2023-11-12-a-18.34.43.png?resize=400%2C400&amp;ssl=1 400w, https:\/\/i0.wp.com\/itayachtscanada.com\/wp-content\/uploads\/2023\/01\/Capture-decran-le-2023-11-12-a-18.34.43.png?resize=200%2C200&amp;ssl=1 200w, https:\/\/i0.wp.com\/itayachtscanada.com\/wp-content\/uploads\/2023\/01\/Capture-decran-le-2023-11-12-a-18.34.43.png?resize=100%2C100&amp;ssl=1 100w, https:\/\/i0.wp.com\/itayachtscanada.com\/wp-content\/uploads\/2023\/01\/Capture-decran-le-2023-11-12-a-18.34.43.png?resize=50%2C50&amp;ssl=1 50w, https:\/\/i0.wp.com\/itayachtscanada.com\/wp-content\/uploads\/2023\/01\/Capture-decran-le-2023-11-12-a-18.34.43.png?zoom=2&amp;resize=229%2C229&amp;ssl=1 458w, https:\/\/i0.wp.com\/itayachtscanada.com\/wp-content\/uploads\/2023\/01\/Capture-decran-le-2023-11-12-a-18.34.43.png?zoom=3&amp;resize=229%2C229&amp;ssl=1 687w\" width=\"229\" height=\"229\" loading=\"lazy\" data-original-width=\"229\" data-original-height=\"229\" itemprop=\"http:\/\/schema.org\/image\" title=\"Capture d\u2019\u00e9cran, le 2023-11-12 \u00e0 18.34.43\" alt=\"Capture d\u2019\u00e9cran, le 2023-11-12 \u00e0 18.34.43\" style=\"width: 229px; height: 229px;\" \/> <\/a> <\/div> <\/div> <div class=\"gallery-group\" style=\"width: 233px; height: 233px;\" data-original-width=\"233\" data-original-height=\"233\" > <div class=\"tiled-gallery-item \" itemprop=\"associatedMedia\" itemscope itemtype=\"http:\/\/schema.org\/ImageObject\"> <a href=\"https:\/\/itayachtscanada.com\/fr\/new-catamaran-prestige-m8\/capture-decran-le-2023-11-12-a-18-34-37\/\" border=\"0\" itemprop=\"url\"> <meta itemprop=\"width\" content=\"229\"> <meta itemprop=\"height\" content=\"229\"> <img decoding=\"async\" class=\"\" data-attachment-id=\"141076\" data-orig-file=\"https:\/\/itayachtscanada.com\/wp-content\/uploads\/2023\/01\/Capture-decran-le-2023-11-12-a-18.34.37.png\" data-orig-size=\"1678,1254\" data-comments-opened=\"1\" data-image-meta=\"{&quot;aperture&quot;:&quot;0&quot;,&quot;credit&quot;:&quot;&quot;,&quot;camera&quot;:&quot;&quot;,&quot;caption&quot;:&quot;&quot;,&quot;created_timestamp&quot;:&quot;0&quot;,&quot;copyright&quot;:&quot;&quot;,&quot;focal_length&quot;:&quot;0&quot;,&quot;iso&quot;:&quot;0&quot;,&quot;shutter_speed&quot;:&quot;0&quot;,&quot;title&quot;:&quot;&quot;,&quot;orientation&quot;:&quot;0&quot;}\" data-image-title=\"Capture d\u2019\u00e9cran, le 2023-11-12 \u00e0 18.34.37\" data-image-description=\"\" data-medium-file=\"https:\/\/i0.wp.com\/itayachtscanada.com\/wp-content\/uploads\/2023\/01\/Capture-decran-le-2023-11-12-a-18.34.37.png?fit=300%2C224&#038;ssl=1\" data-large-file=\"https:\/\/i0.wp.com\/itayachtscanada.com\/wp-content\/uploads\/2023\/01\/Capture-decran-le-2023-11-12-a-18.34.37.png?fit=700%2C523&#038;ssl=1\" src=\"https:\/\/i0.wp.com\/itayachtscanada.com\/wp-content\/uploads\/2023\/01\/Capture-decran-le-2023-11-12-a-18.34.37.png?w=229&#038;h=229&#038;crop=1&#038;ssl=1\" srcset=\"https:\/\/i0.wp.com\/itayachtscanada.com\/wp-content\/uploads\/2023\/01\/Capture-decran-le-2023-11-12-a-18.34.37.png?resize=150%2C150&amp;ssl=1 150w, https:\/\/i0.wp.com\/itayachtscanada.com\/wp-content\/uploads\/2023\/01\/Capture-decran-le-2023-11-12-a-18.34.37.png?resize=60%2C60&amp;ssl=1 60w, https:\/\/i0.wp.com\/itayachtscanada.com\/wp-content\/uploads\/2023\/01\/Capture-decran-le-2023-11-12-a-18.34.37.png?resize=80%2C80&amp;ssl=1 80w, https:\/\/i0.wp.com\/itayachtscanada.com\/wp-content\/uploads\/2023\/01\/Capture-decran-le-2023-11-12-a-18.34.37.png?resize=1200%2C1200&amp;ssl=1 1200w, https:\/\/i0.wp.com\/itayachtscanada.com\/wp-content\/uploads\/2023\/01\/Capture-decran-le-2023-11-12-a-18.34.37.png?resize=800%2C800&amp;ssl=1 800w, https:\/\/i0.wp.com\/itayachtscanada.com\/wp-content\/uploads\/2023\/01\/Capture-decran-le-2023-11-12-a-18.34.37.png?resize=600%2C600&amp;ssl=1 600w, https:\/\/i0.wp.com\/itayachtscanada.com\/wp-content\/uploads\/2023\/01\/Capture-decran-le-2023-11-12-a-18.34.37.png?resize=400%2C400&amp;ssl=1 400w, https:\/\/i0.wp.com\/itayachtscanada.com\/wp-content\/uploads\/2023\/01\/Capture-decran-le-2023-11-12-a-18.34.37.png?resize=200%2C200&amp;ssl=1 200w, https:\/\/i0.wp.com\/itayachtscanada.com\/wp-content\/uploads\/2023\/01\/Capture-decran-le-2023-11-12-a-18.34.37.png?resize=100%2C100&amp;ssl=1 100w, https:\/\/i0.wp.com\/itayachtscanada.com\/wp-content\/uploads\/2023\/01\/Capture-decran-le-2023-11-12-a-18.34.37.png?resize=50%2C50&amp;ssl=1 50w, https:\/\/i0.wp.com\/itayachtscanada.com\/wp-content\/uploads\/2023\/01\/Capture-decran-le-2023-11-12-a-18.34.37.png?zoom=2&amp;resize=229%2C229&amp;ssl=1 458w, https:\/\/i0.wp.com\/itayachtscanada.com\/wp-content\/uploads\/2023\/01\/Capture-decran-le-2023-11-12-a-18.34.37.png?zoom=3&amp;resize=229%2C229&amp;ssl=1 687w\" width=\"229\" height=\"229\" loading=\"lazy\" data-original-width=\"229\" data-original-height=\"229\" itemprop=\"http:\/\/schema.org\/image\" title=\"Capture d\u2019\u00e9cran, le 2023-11-12 \u00e0 18.34.37\" alt=\"Capture d\u2019\u00e9cran, le 2023-11-12 \u00e0 18.34.37\" style=\"width: 229px; height: 229px;\" \/> <\/a> <\/div> <\/div> <\/div> <div class=\"gallery-row\" style=\"width: 700px; height: 233px;\" data-original-width=\"700\" data-original-height=\"233\" > <div class=\"gallery-group\" style=\"width: 233px; height: 233px;\" data-original-width=\"233\" data-original-height=\"233\" > <div class=\"tiled-gallery-item \" itemprop=\"associatedMedia\" itemscope itemtype=\"http:\/\/schema.org\/ImageObject\"> <a href=\"https:\/\/itayachtscanada.com\/fr\/new-catamaran-prestige-m8\/capture-decran-le-2023-11-12-a-18-35-03\/\" border=\"0\" itemprop=\"url\"> <meta itemprop=\"width\" content=\"229\"> <meta itemprop=\"height\" content=\"229\"> <img decoding=\"async\" class=\"\" data-attachment-id=\"141073\" data-orig-file=\"https:\/\/itayachtscanada.com\/wp-content\/uploads\/2023\/01\/Capture-decran-le-2023-11-12-a-18.35.03.png\" data-orig-size=\"1890,1254\" data-comments-opened=\"1\" data-image-meta=\"{&quot;aperture&quot;:&quot;0&quot;,&quot;credit&quot;:&quot;&quot;,&quot;camera&quot;:&quot;&quot;,&quot;caption&quot;:&quot;&quot;,&quot;created_timestamp&quot;:&quot;0&quot;,&quot;copyright&quot;:&quot;&quot;,&quot;focal_length&quot;:&quot;0&quot;,&quot;iso&quot;:&quot;0&quot;,&quot;shutter_speed&quot;:&quot;0&quot;,&quot;title&quot;:&quot;&quot;,&quot;orientation&quot;:&quot;0&quot;}\" data-image-title=\"Capture d\u2019\u00e9cran, le 2023-11-12 \u00e0 18.35.03\" data-image-description=\"\" data-medium-file=\"https:\/\/i0.wp.com\/itayachtscanada.com\/wp-content\/uploads\/2023\/01\/Capture-decran-le-2023-11-12-a-18.35.03.png?fit=300%2C199&#038;ssl=1\" data-large-file=\"https:\/\/i0.wp.com\/itayachtscanada.com\/wp-content\/uploads\/2023\/01\/Capture-decran-le-2023-11-12-a-18.35.03.png?fit=700%2C464&#038;ssl=1\" src=\"https:\/\/i0.wp.com\/itayachtscanada.com\/wp-content\/uploads\/2023\/01\/Capture-decran-le-2023-11-12-a-18.35.03.png?w=229&#038;h=229&#038;crop=1&#038;ssl=1\" srcset=\"https:\/\/i0.wp.com\/itayachtscanada.com\/wp-content\/uploads\/2023\/01\/Capture-decran-le-2023-11-12-a-18.35.03.png?resize=150%2C150&amp;ssl=1 150w, https:\/\/i0.wp.com\/itayachtscanada.com\/wp-content\/uploads\/2023\/01\/Capture-decran-le-2023-11-12-a-18.35.03.png?resize=60%2C60&amp;ssl=1 60w, https:\/\/i0.wp.com\/itayachtscanada.com\/wp-content\/uploads\/2023\/01\/Capture-decran-le-2023-11-12-a-18.35.03.png?resize=80%2C80&amp;ssl=1 80w, https:\/\/i0.wp.com\/itayachtscanada.com\/wp-content\/uploads\/2023\/01\/Capture-decran-le-2023-11-12-a-18.35.03.png?resize=1200%2C1200&amp;ssl=1 1200w, https:\/\/i0.wp.com\/itayachtscanada.com\/wp-content\/uploads\/2023\/01\/Capture-decran-le-2023-11-12-a-18.35.03.png?resize=800%2C800&amp;ssl=1 800w, https:\/\/i0.wp.com\/itayachtscanada.com\/wp-content\/uploads\/2023\/01\/Capture-decran-le-2023-11-12-a-18.35.03.png?resize=600%2C600&amp;ssl=1 600w, https:\/\/i0.wp.com\/itayachtscanada.com\/wp-content\/uploads\/2023\/01\/Capture-decran-le-2023-11-12-a-18.35.03.png?resize=400%2C400&amp;ssl=1 400w, https:\/\/i0.wp.com\/itayachtscanada.com\/wp-content\/uploads\/2023\/01\/Capture-decran-le-2023-11-12-a-18.35.03.png?resize=200%2C200&amp;ssl=1 200w, https:\/\/i0.wp.com\/itayachtscanada.com\/wp-content\/uploads\/2023\/01\/Capture-decran-le-2023-11-12-a-18.35.03.png?resize=100%2C100&amp;ssl=1 100w, https:\/\/i0.wp.com\/itayachtscanada.com\/wp-content\/uploads\/2023\/01\/Capture-decran-le-2023-11-12-a-18.35.03.png?resize=50%2C50&amp;ssl=1 50w, https:\/\/i0.wp.com\/itayachtscanada.com\/wp-content\/uploads\/2023\/01\/Capture-decran-le-2023-11-12-a-18.35.03.png?zoom=2&amp;resize=229%2C229&amp;ssl=1 458w, https:\/\/i0.wp.com\/itayachtscanada.com\/wp-content\/uploads\/2023\/01\/Capture-decran-le-2023-11-12-a-18.35.03.png?zoom=3&amp;resize=229%2C229&amp;ssl=1 687w\" width=\"229\" height=\"229\" loading=\"lazy\" data-original-width=\"229\" data-original-height=\"229\" itemprop=\"http:\/\/schema.org\/image\" title=\"Capture d\u2019\u00e9cran, le 2023-11-12 \u00e0 18.35.03\" alt=\"Capture d\u2019\u00e9cran, le 2023-11-12 \u00e0 18.35.03\" style=\"width: 229px; height: 229px;\" \/> <\/a> <\/div> <\/div> <div class=\"gallery-group\" style=\"width: 233px; height: 233px;\" data-original-width=\"233\" data-original-height=\"233\" > <div class=\"tiled-gallery-item \" itemprop=\"associatedMedia\" itemscope itemtype=\"http:\/\/schema.org\/ImageObject\"> <a href=\"https:\/\/itayachtscanada.com\/fr\/new-catamaran-prestige-m8\/capture-decran-le-2023-11-12-a-18-36-02\/\" border=\"0\" itemprop=\"url\"> <meta itemprop=\"width\" content=\"229\"> <meta itemprop=\"height\" content=\"229\"> <img decoding=\"async\" class=\"\" data-attachment-id=\"141069\" data-orig-file=\"https:\/\/itayachtscanada.com\/wp-content\/uploads\/2023\/01\/Capture-decran-le-2023-11-12-a-18.36.02.png\" data-orig-size=\"1884,1256\" data-comments-opened=\"1\" data-image-meta=\"{&quot;aperture&quot;:&quot;0&quot;,&quot;credit&quot;:&quot;&quot;,&quot;camera&quot;:&quot;&quot;,&quot;caption&quot;:&quot;&quot;,&quot;created_timestamp&quot;:&quot;0&quot;,&quot;copyright&quot;:&quot;&quot;,&quot;focal_length&quot;:&quot;0&quot;,&quot;iso&quot;:&quot;0&quot;,&quot;shutter_speed&quot;:&quot;0&quot;,&quot;title&quot;:&quot;&quot;,&quot;orientation&quot;:&quot;0&quot;}\" data-image-title=\"Capture d\u2019\u00e9cran, le 2023-11-12 \u00e0 18.36.02\" data-image-description=\"\" data-medium-file=\"https:\/\/i0.wp.com\/itayachtscanada.com\/wp-content\/uploads\/2023\/01\/Capture-decran-le-2023-11-12-a-18.36.02.png?fit=300%2C200&#038;ssl=1\" data-large-file=\"https:\/\/i0.wp.com\/itayachtscanada.com\/wp-content\/uploads\/2023\/01\/Capture-decran-le-2023-11-12-a-18.36.02.png?fit=700%2C467&#038;ssl=1\" src=\"https:\/\/i0.wp.com\/itayachtscanada.com\/wp-content\/uploads\/2023\/01\/Capture-decran-le-2023-11-12-a-18.36.02.png?w=229&#038;h=229&#038;crop=1&#038;ssl=1\" srcset=\"https:\/\/i0.wp.com\/itayachtscanada.com\/wp-content\/uploads\/2023\/01\/Capture-decran-le-2023-11-12-a-18.36.02.png?resize=150%2C150&amp;ssl=1 150w, https:\/\/i0.wp.com\/itayachtscanada.com\/wp-content\/uploads\/2023\/01\/Capture-decran-le-2023-11-12-a-18.36.02.png?resize=60%2C60&amp;ssl=1 60w, https:\/\/i0.wp.com\/itayachtscanada.com\/wp-content\/uploads\/2023\/01\/Capture-decran-le-2023-11-12-a-18.36.02.png?resize=80%2C80&amp;ssl=1 80w, https:\/\/i0.wp.com\/itayachtscanada.com\/wp-content\/uploads\/2023\/01\/Capture-decran-le-2023-11-12-a-18.36.02.png?resize=1200%2C1200&amp;ssl=1 1200w, https:\/\/i0.wp.com\/itayachtscanada.com\/wp-content\/uploads\/2023\/01\/Capture-decran-le-2023-11-12-a-18.36.02.png?resize=800%2C800&amp;ssl=1 800w, https:\/\/i0.wp.com\/itayachtscanada.com\/wp-content\/uploads\/2023\/01\/Capture-decran-le-2023-11-12-a-18.36.02.png?resize=600%2C600&amp;ssl=1 600w, https:\/\/i0.wp.com\/itayachtscanada.com\/wp-content\/uploads\/2023\/01\/Capture-decran-le-2023-11-12-a-18.36.02.png?resize=400%2C400&amp;ssl=1 400w, https:\/\/i0.wp.com\/itayachtscanada.com\/wp-content\/uploads\/2023\/01\/Capture-decran-le-2023-11-12-a-18.36.02.png?resize=200%2C200&amp;ssl=1 200w, https:\/\/i0.wp.com\/itayachtscanada.com\/wp-content\/uploads\/2023\/01\/Capture-decran-le-2023-11-12-a-18.36.02.png?resize=100%2C100&amp;ssl=1 100w, https:\/\/i0.wp.com\/itayachtscanada.com\/wp-content\/uploads\/2023\/01\/Capture-decran-le-2023-11-12-a-18.36.02.png?resize=50%2C50&amp;ssl=1 50w, https:\/\/i0.wp.com\/itayachtscanada.com\/wp-content\/uploads\/2023\/01\/Capture-decran-le-2023-11-12-a-18.36.02.png?zoom=2&amp;resize=229%2C229&amp;ssl=1 458w, https:\/\/i0.wp.com\/itayachtscanada.com\/wp-content\/uploads\/2023\/01\/Capture-decran-le-2023-11-12-a-18.36.02.png?zoom=3&amp;resize=229%2C229&amp;ssl=1 687w\" width=\"229\" height=\"229\" loading=\"lazy\" data-original-width=\"229\" data-original-height=\"229\" itemprop=\"http:\/\/schema.org\/image\" title=\"Capture d\u2019\u00e9cran, le 2023-11-12 \u00e0 18.36.02\" alt=\"Capture d\u2019\u00e9cran, le 2023-11-12 \u00e0 18.36.02\" style=\"width: 229px; height: 229px;\" \/> <\/a> <\/div> <\/div> <div class=\"gallery-group\" style=\"width: 233px; height: 233px;\" data-original-width=\"233\" data-original-height=\"233\" > <div class=\"tiled-gallery-item \" itemprop=\"associatedMedia\" itemscope itemtype=\"http:\/\/schema.org\/ImageObject\"> <a href=\"https:\/\/itayachtscanada.com\/fr\/new-catamaran-prestige-m8\/capture-decran-le-2023-01-22-a-22-03-06\/\" border=\"0\" itemprop=\"url\"> <meta itemprop=\"width\" content=\"229\"> <meta itemprop=\"height\" content=\"229\"> <img decoding=\"async\" class=\"\" data-attachment-id=\"94329\" data-orig-file=\"https:\/\/itayachtscanada.com\/wp-content\/uploads\/2023\/01\/Capture-decran-le-2023-01-22-a-22.03.06.png\" data-orig-size=\"1940,800\" data-comments-opened=\"1\" data-image-meta=\"{&quot;aperture&quot;:&quot;0&quot;,&quot;credit&quot;:&quot;&quot;,&quot;camera&quot;:&quot;&quot;,&quot;caption&quot;:&quot;&quot;,&quot;created_timestamp&quot;:&quot;0&quot;,&quot;copyright&quot;:&quot;&quot;,&quot;focal_length&quot;:&quot;0&quot;,&quot;iso&quot;:&quot;0&quot;,&quot;shutter_speed&quot;:&quot;0&quot;,&quot;title&quot;:&quot;&quot;,&quot;orientation&quot;:&quot;0&quot;}\" data-image-title=\"Capture d\u2019\u00e9cran, le 2023-01-22 \u00e0 22.03.06\" data-image-description=\"\" data-medium-file=\"https:\/\/i0.wp.com\/itayachtscanada.com\/wp-content\/uploads\/2023\/01\/Capture-decran-le-2023-01-22-a-22.03.06.png?fit=300%2C124&#038;ssl=1\" data-large-file=\"https:\/\/i0.wp.com\/itayachtscanada.com\/wp-content\/uploads\/2023\/01\/Capture-decran-le-2023-01-22-a-22.03.06.png?fit=700%2C288&#038;ssl=1\" src=\"https:\/\/i0.wp.com\/itayachtscanada.com\/wp-content\/uploads\/2023\/01\/Capture-decran-le-2023-01-22-a-22.03.06.png?w=229&#038;h=229&#038;crop=1&#038;ssl=1\" srcset=\"https:\/\/i0.wp.com\/itayachtscanada.com\/wp-content\/uploads\/2023\/01\/Capture-decran-le-2023-01-22-a-22.03.06.png?resize=150%2C150&amp;ssl=1 150w, https:\/\/i0.wp.com\/itayachtscanada.com\/wp-content\/uploads\/2023\/01\/Capture-decran-le-2023-01-22-a-22.03.06.png?resize=60%2C60&amp;ssl=1 60w, https:\/\/i0.wp.com\/itayachtscanada.com\/wp-content\/uploads\/2023\/01\/Capture-decran-le-2023-01-22-a-22.03.06.png?resize=800%2C800&amp;ssl=1 800w, https:\/\/i0.wp.com\/itayachtscanada.com\/wp-content\/uploads\/2023\/01\/Capture-decran-le-2023-01-22-a-22.03.06.png?resize=400%2C400&amp;ssl=1 400w, https:\/\/i0.wp.com\/itayachtscanada.com\/wp-content\/uploads\/2023\/01\/Capture-decran-le-2023-01-22-a-22.03.06.png?resize=200%2C200&amp;ssl=1 200w, https:\/\/i0.wp.com\/itayachtscanada.com\/wp-content\/uploads\/2023\/01\/Capture-decran-le-2023-01-22-a-22.03.06.png?resize=100%2C100&amp;ssl=1 100w, https:\/\/i0.wp.com\/itayachtscanada.com\/wp-content\/uploads\/2023\/01\/Capture-decran-le-2023-01-22-a-22.03.06.png?resize=50%2C50&amp;ssl=1 50w, https:\/\/i0.wp.com\/itayachtscanada.com\/wp-content\/uploads\/2023\/01\/Capture-decran-le-2023-01-22-a-22.03.06.png?zoom=2&amp;resize=229%2C229&amp;ssl=1 458w, https:\/\/i0.wp.com\/itayachtscanada.com\/wp-content\/uploads\/2023\/01\/Capture-decran-le-2023-01-22-a-22.03.06.png?zoom=3&amp;resize=229%2C229&amp;ssl=1 687w\" width=\"229\" height=\"229\" loading=\"lazy\" data-original-width=\"229\" data-original-height=\"229\" itemprop=\"http:\/\/schema.org\/image\" title=\"Capture d\u2019\u00e9cran, le 2023-01-22 \u00e0 22.03.06\" alt=\"Capture d\u2019\u00e9cran, le 2023-01-22 \u00e0 22.03.06\" style=\"width: 229px; height: 229px;\" \/> <\/a> <\/div> <\/div> <\/div> <div class=\"gallery-row\" style=\"width: 700px; height: 233px;\" data-original-width=\"700\" data-original-height=\"233\" > <div class=\"gallery-group\" style=\"width: 233px; height: 233px;\" data-original-width=\"233\" data-original-height=\"233\" > <div class=\"tiled-gallery-item \" itemprop=\"associatedMedia\" itemscope itemtype=\"http:\/\/schema.org\/ImageObject\"> <a href=\"https:\/\/itayachtscanada.com\/fr\/new-catamaran-prestige-m8\/prestige-m8-lateral\/\" border=\"0\" itemprop=\"url\"> <meta itemprop=\"width\" content=\"229\"> <meta itemprop=\"height\" content=\"229\"> <img decoding=\"async\" class=\"\" data-attachment-id=\"94276\" data-orig-file=\"https:\/\/itayachtscanada.com\/wp-content\/uploads\/2023\/01\/Prestige-M8-lateral.jpeg\" data-orig-size=\"1280,640\" data-comments-opened=\"1\" data-image-meta=\"{&quot;aperture&quot;:&quot;0&quot;,&quot;credit&quot;:&quot;&quot;,&quot;camera&quot;:&quot;&quot;,&quot;caption&quot;:&quot;&quot;,&quot;created_timestamp&quot;:&quot;0&quot;,&quot;copyright&quot;:&quot;&quot;,&quot;focal_length&quot;:&quot;0&quot;,&quot;iso&quot;:&quot;0&quot;,&quot;shutter_speed&quot;:&quot;0&quot;,&quot;title&quot;:&quot;&quot;,&quot;orientation&quot;:&quot;0&quot;}\" data-image-title=\"Prestige M8 lateral\" data-image-description=\"\" data-medium-file=\"https:\/\/i0.wp.com\/itayachtscanada.com\/wp-content\/uploads\/2023\/01\/Prestige-M8-lateral.jpeg?fit=300%2C150&#038;ssl=1\" data-large-file=\"https:\/\/i0.wp.com\/itayachtscanada.com\/wp-content\/uploads\/2023\/01\/Prestige-M8-lateral.jpeg?fit=700%2C350&#038;ssl=1\" src=\"https:\/\/i0.wp.com\/itayachtscanada.com\/wp-content\/uploads\/2023\/01\/Prestige-M8-lateral.jpeg?w=229&#038;h=229&#038;crop=1&#038;ssl=1\" srcset=\"https:\/\/i0.wp.com\/itayachtscanada.com\/wp-content\/uploads\/2023\/01\/Prestige-M8-lateral.jpeg?resize=150%2C150&amp;ssl=1 150w, https:\/\/i0.wp.com\/itayachtscanada.com\/wp-content\/uploads\/2023\/01\/Prestige-M8-lateral.jpeg?resize=60%2C60&amp;ssl=1 60w, https:\/\/i0.wp.com\/itayachtscanada.com\/wp-content\/uploads\/2023\/01\/Prestige-M8-lateral.jpeg?resize=400%2C400&amp;ssl=1 400w, https:\/\/i0.wp.com\/itayachtscanada.com\/wp-content\/uploads\/2023\/01\/Prestige-M8-lateral.jpeg?resize=200%2C200&amp;ssl=1 200w, https:\/\/i0.wp.com\/itayachtscanada.com\/wp-content\/uploads\/2023\/01\/Prestige-M8-lateral.jpeg?resize=100%2C100&amp;ssl=1 100w, https:\/\/i0.wp.com\/itayachtscanada.com\/wp-content\/uploads\/2023\/01\/Prestige-M8-lateral.jpeg?resize=50%2C50&amp;ssl=1 50w, https:\/\/i0.wp.com\/itayachtscanada.com\/wp-content\/uploads\/2023\/01\/Prestige-M8-lateral.jpeg?zoom=2&amp;resize=229%2C229&amp;ssl=1 458w, https:\/\/i0.wp.com\/itayachtscanada.com\/wp-content\/uploads\/2023\/01\/Prestige-M8-lateral.jpeg?zoom=3&amp;resize=229%2C229&amp;ssl=1 687w\" width=\"229\" height=\"229\" loading=\"lazy\" data-original-width=\"229\" data-original-height=\"229\" itemprop=\"http:\/\/schema.org\/image\" title=\"Prestige M8 lateral\" alt=\"Prestige M8 lateral\" style=\"width: 229px; height: 229px;\" \/> <\/a> <\/div> <\/div> <div class=\"gallery-group\" style=\"width: 233px; height: 233px;\" data-original-width=\"233\" data-original-height=\"233\" > <div class=\"tiled-gallery-item \" itemprop=\"associatedMedia\" itemscope itemtype=\"http:\/\/schema.org\/ImageObject\"> <a href=\"https:\/\/itayachtscanada.com\/fr\/new-catamaran-prestige-m8\/prestige-m8-stern\/\" border=\"0\" itemprop=\"url\"> <meta itemprop=\"width\" content=\"229\"> <meta itemprop=\"height\" content=\"229\"> <img decoding=\"async\" class=\"\" data-attachment-id=\"94275\" data-orig-file=\"https:\/\/itayachtscanada.com\/wp-content\/uploads\/2023\/01\/Prestige-M8-stern.jpeg\" data-orig-size=\"1280,978\" data-comments-opened=\"1\" data-image-meta=\"{&quot;aperture&quot;:&quot;0&quot;,&quot;credit&quot;:&quot;&quot;,&quot;camera&quot;:&quot;&quot;,&quot;caption&quot;:&quot;&quot;,&quot;created_timestamp&quot;:&quot;0&quot;,&quot;copyright&quot;:&quot;&quot;,&quot;focal_length&quot;:&quot;0&quot;,&quot;iso&quot;:&quot;0&quot;,&quot;shutter_speed&quot;:&quot;0&quot;,&quot;title&quot;:&quot;&quot;,&quot;orientation&quot;:&quot;0&quot;}\" data-image-title=\"Prestige M8 stern\" data-image-description=\"\" data-medium-file=\"https:\/\/i0.wp.com\/itayachtscanada.com\/wp-content\/uploads\/2023\/01\/Prestige-M8-stern.jpeg?fit=300%2C229&#038;ssl=1\" data-large-file=\"https:\/\/i0.wp.com\/itayachtscanada.com\/wp-content\/uploads\/2023\/01\/Prestige-M8-stern.jpeg?fit=700%2C535&#038;ssl=1\" src=\"https:\/\/i0.wp.com\/itayachtscanada.com\/wp-content\/uploads\/2023\/01\/Prestige-M8-stern.jpeg?w=229&#038;h=229&#038;crop=1&#038;ssl=1\" srcset=\"https:\/\/i0.wp.com\/itayachtscanada.com\/wp-content\/uploads\/2023\/01\/Prestige-M8-stern.jpeg?resize=150%2C150&amp;ssl=1 150w, https:\/\/i0.wp.com\/itayachtscanada.com\/wp-content\/uploads\/2023\/01\/Prestige-M8-stern.jpeg?resize=60%2C60&amp;ssl=1 60w, https:\/\/i0.wp.com\/itayachtscanada.com\/wp-content\/uploads\/2023\/01\/Prestige-M8-stern.jpeg?resize=800%2C800&amp;ssl=1 800w, https:\/\/i0.wp.com\/itayachtscanada.com\/wp-content\/uploads\/2023\/01\/Prestige-M8-stern.jpeg?resize=400%2C400&amp;ssl=1 400w, https:\/\/i0.wp.com\/itayachtscanada.com\/wp-content\/uploads\/2023\/01\/Prestige-M8-stern.jpeg?resize=200%2C200&amp;ssl=1 200w, https:\/\/i0.wp.com\/itayachtscanada.com\/wp-content\/uploads\/2023\/01\/Prestige-M8-stern.jpeg?resize=100%2C100&amp;ssl=1 100w, https:\/\/i0.wp.com\/itayachtscanada.com\/wp-content\/uploads\/2023\/01\/Prestige-M8-stern.jpeg?resize=50%2C50&amp;ssl=1 50w, https:\/\/i0.wp.com\/itayachtscanada.com\/wp-content\/uploads\/2023\/01\/Prestige-M8-stern.jpeg?zoom=2&amp;resize=229%2C229&amp;ssl=1 458w, https:\/\/i0.wp.com\/itayachtscanada.com\/wp-content\/uploads\/2023\/01\/Prestige-M8-stern.jpeg?zoom=3&amp;resize=229%2C229&amp;ssl=1 687w\" width=\"229\" height=\"229\" loading=\"lazy\" data-original-width=\"229\" data-original-height=\"229\" itemprop=\"http:\/\/schema.org\/image\" title=\"Prestige M8 stern\" alt=\"Prestige M8 stern\" style=\"width: 229px; height: 229px;\" \/> <\/a> <\/div> <\/div> <div class=\"gallery-group\" style=\"width: 233px; height: 233px;\" data-original-width=\"233\" data-original-height=\"233\" > <div class=\"tiled-gallery-item \" itemprop=\"associatedMedia\" itemscope itemtype=\"http:\/\/schema.org\/ImageObject\"> <a href=\"https:\/\/itayachtscanada.com\/fr\/new-catamaran-prestige-m8\/capture-decran-le-2023-11-12-a-18-36-36\/\" border=\"0\" itemprop=\"url\"> <meta itemprop=\"width\" content=\"229\"> <meta itemprop=\"height\" content=\"229\"> <img decoding=\"async\" class=\"\" data-attachment-id=\"141066\" data-orig-file=\"https:\/\/itayachtscanada.com\/wp-content\/uploads\/2023\/01\/Capture-decran-le-2023-11-12-a-18.36.36.png\" data-orig-size=\"1826,1256\" data-comments-opened=\"1\" data-image-meta=\"{&quot;aperture&quot;:&quot;0&quot;,&quot;credit&quot;:&quot;&quot;,&quot;camera&quot;:&quot;&quot;,&quot;caption&quot;:&quot;&quot;,&quot;created_timestamp&quot;:&quot;0&quot;,&quot;copyright&quot;:&quot;&quot;,&quot;focal_length&quot;:&quot;0&quot;,&quot;iso&quot;:&quot;0&quot;,&quot;shutter_speed&quot;:&quot;0&quot;,&quot;title&quot;:&quot;&quot;,&quot;orientation&quot;:&quot;0&quot;}\" data-image-title=\"Capture d\u2019\u00e9cran, le 2023-11-12 \u00e0 18.36.36\" data-image-description=\"\" data-medium-file=\"https:\/\/i0.wp.com\/itayachtscanada.com\/wp-content\/uploads\/2023\/01\/Capture-decran-le-2023-11-12-a-18.36.36.png?fit=300%2C206&#038;ssl=1\" data-large-file=\"https:\/\/i0.wp.com\/itayachtscanada.com\/wp-content\/uploads\/2023\/01\/Capture-decran-le-2023-11-12-a-18.36.36.png?fit=700%2C481&#038;ssl=1\" src=\"https:\/\/i0.wp.com\/itayachtscanada.com\/wp-content\/uploads\/2023\/01\/Capture-decran-le-2023-11-12-a-18.36.36.png?w=229&#038;h=229&#038;crop=1&#038;ssl=1\" srcset=\"https:\/\/i0.wp.com\/itayachtscanada.com\/wp-content\/uploads\/2023\/01\/Capture-decran-le-2023-11-12-a-18.36.36.png?resize=150%2C150&amp;ssl=1 150w, https:\/\/i0.wp.com\/itayachtscanada.com\/wp-content\/uploads\/2023\/01\/Capture-decran-le-2023-11-12-a-18.36.36.png?resize=60%2C60&amp;ssl=1 60w, https:\/\/i0.wp.com\/itayachtscanada.com\/wp-content\/uploads\/2023\/01\/Capture-decran-le-2023-11-12-a-18.36.36.png?resize=80%2C80&amp;ssl=1 80w, https:\/\/i0.wp.com\/itayachtscanada.com\/wp-content\/uploads\/2023\/01\/Capture-decran-le-2023-11-12-a-18.36.36.png?resize=1200%2C1200&amp;ssl=1 1200w, https:\/\/i0.wp.com\/itayachtscanada.com\/wp-content\/uploads\/2023\/01\/Capture-decran-le-2023-11-12-a-18.36.36.png?resize=800%2C800&amp;ssl=1 800w, https:\/\/i0.wp.com\/itayachtscanada.com\/wp-content\/uploads\/2023\/01\/Capture-decran-le-2023-11-12-a-18.36.36.png?resize=600%2C600&amp;ssl=1 600w, https:\/\/i0.wp.com\/itayachtscanada.com\/wp-content\/uploads\/2023\/01\/Capture-decran-le-2023-11-12-a-18.36.36.png?resize=400%2C400&amp;ssl=1 400w, https:\/\/i0.wp.com\/itayachtscanada.com\/wp-content\/uploads\/2023\/01\/Capture-decran-le-2023-11-12-a-18.36.36.png?resize=200%2C200&amp;ssl=1 200w, https:\/\/i0.wp.com\/itayachtscanada.com\/wp-content\/uploads\/2023\/01\/Capture-decran-le-2023-11-12-a-18.36.36.png?resize=100%2C100&amp;ssl=1 100w, https:\/\/i0.wp.com\/itayachtscanada.com\/wp-content\/uploads\/2023\/01\/Capture-decran-le-2023-11-12-a-18.36.36.png?resize=50%2C50&amp;ssl=1 50w, https:\/\/i0.wp.com\/itayachtscanada.com\/wp-content\/uploads\/2023\/01\/Capture-decran-le-2023-11-12-a-18.36.36.png?zoom=2&amp;resize=229%2C229&amp;ssl=1 458w, https:\/\/i0.wp.com\/itayachtscanada.com\/wp-content\/uploads\/2023\/01\/Capture-decran-le-2023-11-12-a-18.36.36.png?zoom=3&amp;resize=229%2C229&amp;ssl=1 687w\" width=\"229\" height=\"229\" loading=\"lazy\" data-original-width=\"229\" data-original-height=\"229\" itemprop=\"http:\/\/schema.org\/image\" title=\"Capture d\u2019\u00e9cran, le 2023-11-12 \u00e0 18.36.36\" alt=\"Capture d\u2019\u00e9cran, le 2023-11-12 \u00e0 18.36.36\" style=\"width: 229px; height: 229px;\" \/> <\/a> <\/div> <\/div> <\/div> <div class=\"gallery-row\" style=\"width: 700px; height: 233px;\" data-original-width=\"700\" data-original-height=\"233\" > <div class=\"gallery-group\" style=\"width: 233px; height: 233px;\" data-original-width=\"233\" data-original-height=\"233\" > <div class=\"tiled-gallery-item \" itemprop=\"associatedMedia\" itemscope itemtype=\"http:\/\/schema.org\/ImageObject\"> <a href=\"https:\/\/itayachtscanada.com\/fr\/new-catamaran-prestige-m8\/capture-decran-le-2023-11-12-a-18-36-27\/\" border=\"0\" itemprop=\"url\"> <meta itemprop=\"width\" content=\"229\"> <meta itemprop=\"height\" content=\"229\"> <img decoding=\"async\" class=\"\" data-attachment-id=\"141067\" data-orig-file=\"https:\/\/itayachtscanada.com\/wp-content\/uploads\/2023\/01\/Capture-decran-le-2023-11-12-a-18.36.27.png\" data-orig-size=\"1670,1256\" data-comments-opened=\"1\" data-image-meta=\"{&quot;aperture&quot;:&quot;0&quot;,&quot;credit&quot;:&quot;&quot;,&quot;camera&quot;:&quot;&quot;,&quot;caption&quot;:&quot;&quot;,&quot;created_timestamp&quot;:&quot;0&quot;,&quot;copyright&quot;:&quot;&quot;,&quot;focal_length&quot;:&quot;0&quot;,&quot;iso&quot;:&quot;0&quot;,&quot;shutter_speed&quot;:&quot;0&quot;,&quot;title&quot;:&quot;&quot;,&quot;orientation&quot;:&quot;0&quot;}\" data-image-title=\"Capture d\u2019\u00e9cran, le 2023-11-12 \u00e0 18.36.27\" data-image-description=\"\" data-medium-file=\"https:\/\/i0.wp.com\/itayachtscanada.com\/wp-content\/uploads\/2023\/01\/Capture-decran-le-2023-11-12-a-18.36.27.png?fit=300%2C226&#038;ssl=1\" data-large-file=\"https:\/\/i0.wp.com\/itayachtscanada.com\/wp-content\/uploads\/2023\/01\/Capture-decran-le-2023-11-12-a-18.36.27.png?fit=700%2C526&#038;ssl=1\" src=\"https:\/\/i0.wp.com\/itayachtscanada.com\/wp-content\/uploads\/2023\/01\/Capture-decran-le-2023-11-12-a-18.36.27.png?w=229&#038;h=229&#038;crop=1&#038;ssl=1\" srcset=\"https:\/\/i0.wp.com\/itayachtscanada.com\/wp-content\/uploads\/2023\/01\/Capture-decran-le-2023-11-12-a-18.36.27.png?resize=150%2C150&amp;ssl=1 150w, https:\/\/i0.wp.com\/itayachtscanada.com\/wp-content\/uploads\/2023\/01\/Capture-decran-le-2023-11-12-a-18.36.27.png?resize=60%2C60&amp;ssl=1 60w, https:\/\/i0.wp.com\/itayachtscanada.com\/wp-content\/uploads\/2023\/01\/Capture-decran-le-2023-11-12-a-18.36.27.png?resize=80%2C80&amp;ssl=1 80w, https:\/\/i0.wp.com\/itayachtscanada.com\/wp-content\/uploads\/2023\/01\/Capture-decran-le-2023-11-12-a-18.36.27.png?resize=1200%2C1200&amp;ssl=1 1200w, https:\/\/i0.wp.com\/itayachtscanada.com\/wp-content\/uploads\/2023\/01\/Capture-decran-le-2023-11-12-a-18.36.27.png?resize=800%2C800&amp;ssl=1 800w, https:\/\/i0.wp.com\/itayachtscanada.com\/wp-content\/uploads\/2023\/01\/Capture-decran-le-2023-11-12-a-18.36.27.png?resize=600%2C600&amp;ssl=1 600w, https:\/\/i0.wp.com\/itayachtscanada.com\/wp-content\/uploads\/2023\/01\/Capture-decran-le-2023-11-12-a-18.36.27.png?resize=400%2C400&amp;ssl=1 400w, https:\/\/i0.wp.com\/itayachtscanada.com\/wp-content\/uploads\/2023\/01\/Capture-decran-le-2023-11-12-a-18.36.27.png?resize=200%2C200&amp;ssl=1 200w, https:\/\/i0.wp.com\/itayachtscanada.com\/wp-content\/uploads\/2023\/01\/Capture-decran-le-2023-11-12-a-18.36.27.png?resize=100%2C100&amp;ssl=1 100w, https:\/\/i0.wp.com\/itayachtscanada.com\/wp-content\/uploads\/2023\/01\/Capture-decran-le-2023-11-12-a-18.36.27.png?resize=50%2C50&amp;ssl=1 50w, https:\/\/i0.wp.com\/itayachtscanada.com\/wp-content\/uploads\/2023\/01\/Capture-decran-le-2023-11-12-a-18.36.27.png?zoom=2&amp;resize=229%2C229&amp;ssl=1 458w, https:\/\/i0.wp.com\/itayachtscanada.com\/wp-content\/uploads\/2023\/01\/Capture-decran-le-2023-11-12-a-18.36.27.png?zoom=3&amp;resize=229%2C229&amp;ssl=1 687w\" width=\"229\" height=\"229\" loading=\"lazy\" data-original-width=\"229\" data-original-height=\"229\" itemprop=\"http:\/\/schema.org\/image\" title=\"Capture d\u2019\u00e9cran, le 2023-11-12 \u00e0 18.36.27\" alt=\"Capture d\u2019\u00e9cran, le 2023-11-12 \u00e0 18.36.27\" style=\"width: 229px; height: 229px;\" \/> <\/a> <\/div> <\/div> <div class=\"gallery-group\" style=\"width: 233px; height: 233px;\" data-original-width=\"233\" data-original-height=\"233\" > <div class=\"tiled-gallery-item \" itemprop=\"associatedMedia\" itemscope itemtype=\"http:\/\/schema.org\/ImageObject\"> <a href=\"https:\/\/itayachtscanada.com\/fr\/new-catamaran-prestige-m8\/capture-decran-le-2023-11-12-a-18-34-27\/\" border=\"0\" itemprop=\"url\"> <meta itemprop=\"width\" content=\"229\"> <meta itemprop=\"height\" content=\"229\"> <img decoding=\"async\" class=\"\" data-attachment-id=\"141077\" data-orig-file=\"https:\/\/itayachtscanada.com\/wp-content\/uploads\/2023\/01\/Capture-decran-le-2023-11-12-a-18.34.27.png\" data-orig-size=\"1888,1254\" data-comments-opened=\"1\" data-image-meta=\"{&quot;aperture&quot;:&quot;0&quot;,&quot;credit&quot;:&quot;&quot;,&quot;camera&quot;:&quot;&quot;,&quot;caption&quot;:&quot;&quot;,&quot;created_timestamp&quot;:&quot;0&quot;,&quot;copyright&quot;:&quot;&quot;,&quot;focal_length&quot;:&quot;0&quot;,&quot;iso&quot;:&quot;0&quot;,&quot;shutter_speed&quot;:&quot;0&quot;,&quot;title&quot;:&quot;&quot;,&quot;orientation&quot;:&quot;0&quot;}\" data-image-title=\"Capture d\u2019\u00e9cran, le 2023-11-12 \u00e0 18.34.27\" data-image-description=\"\" data-medium-file=\"https:\/\/i0.wp.com\/itayachtscanada.com\/wp-content\/uploads\/2023\/01\/Capture-decran-le-2023-11-12-a-18.34.27.png?fit=300%2C199&#038;ssl=1\" data-large-file=\"https:\/\/i0.wp.com\/itayachtscanada.com\/wp-content\/uploads\/2023\/01\/Capture-decran-le-2023-11-12-a-18.34.27.png?fit=700%2C465&#038;ssl=1\" src=\"https:\/\/i0.wp.com\/itayachtscanada.com\/wp-content\/uploads\/2023\/01\/Capture-decran-le-2023-11-12-a-18.34.27.png?w=229&#038;h=229&#038;crop=1&#038;ssl=1\" srcset=\"https:\/\/i0.wp.com\/itayachtscanada.com\/wp-content\/uploads\/2023\/01\/Capture-decran-le-2023-11-12-a-18.34.27.png?resize=150%2C150&amp;ssl=1 150w, https:\/\/i0.wp.com\/itayachtscanada.com\/wp-content\/uploads\/2023\/01\/Capture-decran-le-2023-11-12-a-18.34.27.png?resize=60%2C60&amp;ssl=1 60w, https:\/\/i0.wp.com\/itayachtscanada.com\/wp-content\/uploads\/2023\/01\/Capture-decran-le-2023-11-12-a-18.34.27.png?resize=80%2C80&amp;ssl=1 80w, https:\/\/i0.wp.com\/itayachtscanada.com\/wp-content\/uploads\/2023\/01\/Capture-decran-le-2023-11-12-a-18.34.27.png?resize=1200%2C1200&amp;ssl=1 1200w, https:\/\/i0.wp.com\/itayachtscanada.com\/wp-content\/uploads\/2023\/01\/Capture-decran-le-2023-11-12-a-18.34.27.png?resize=800%2C800&amp;ssl=1 800w, https:\/\/i0.wp.com\/itayachtscanada.com\/wp-content\/uploads\/2023\/01\/Capture-decran-le-2023-11-12-a-18.34.27.png?resize=600%2C600&amp;ssl=1 600w, https:\/\/i0.wp.com\/itayachtscanada.com\/wp-content\/uploads\/2023\/01\/Capture-decran-le-2023-11-12-a-18.34.27.png?resize=400%2C400&amp;ssl=1 400w, https:\/\/i0.wp.com\/itayachtscanada.com\/wp-content\/uploads\/2023\/01\/Capture-decran-le-2023-11-12-a-18.34.27.png?resize=200%2C200&amp;ssl=1 200w, https:\/\/i0.wp.com\/itayachtscanada.com\/wp-content\/uploads\/2023\/01\/Capture-decran-le-2023-11-12-a-18.34.27.png?resize=100%2C100&amp;ssl=1 100w, https:\/\/i0.wp.com\/itayachtscanada.com\/wp-content\/uploads\/2023\/01\/Capture-decran-le-2023-11-12-a-18.34.27.png?resize=50%2C50&amp;ssl=1 50w, https:\/\/i0.wp.com\/itayachtscanada.com\/wp-content\/uploads\/2023\/01\/Capture-decran-le-2023-11-12-a-18.34.27.png?zoom=2&amp;resize=229%2C229&amp;ssl=1 458w, https:\/\/i0.wp.com\/itayachtscanada.com\/wp-content\/uploads\/2023\/01\/Capture-decran-le-2023-11-12-a-18.34.27.png?zoom=3&amp;resize=229%2C229&amp;ssl=1 687w\" width=\"229\" height=\"229\" loading=\"lazy\" data-original-width=\"229\" data-original-height=\"229\" itemprop=\"http:\/\/schema.org\/image\" title=\"Capture d\u2019\u00e9cran, le 2023-11-12 \u00e0 18.34.27\" alt=\"Capture d\u2019\u00e9cran, le 2023-11-12 \u00e0 18.34.27\" style=\"width: 229px; height: 229px;\" \/> <\/a> <\/div> <\/div> <div class=\"gallery-group\" style=\"width: 233px; height: 233px;\" data-original-width=\"233\" data-original-height=\"233\" > <div class=\"tiled-gallery-item \" itemprop=\"associatedMedia\" itemscope itemtype=\"http:\/\/schema.org\/ImageObject\"> <a href=\"https:\/\/itayachtscanada.com\/fr\/new-catamaran-prestige-m8\/capture-decran-le-2023-11-12-a-18-35-39\/\" border=\"0\" itemprop=\"url\"> <meta itemprop=\"width\" content=\"229\"> <meta itemprop=\"height\" content=\"229\"> <img decoding=\"async\" class=\"\" data-attachment-id=\"141071\" data-orig-file=\"https:\/\/itayachtscanada.com\/wp-content\/uploads\/2023\/01\/Capture-decran-le-2023-11-12-a-18.35.39.png\" data-orig-size=\"2374,1238\" data-comments-opened=\"1\" data-image-meta=\"{&quot;aperture&quot;:&quot;0&quot;,&quot;credit&quot;:&quot;&quot;,&quot;camera&quot;:&quot;&quot;,&quot;caption&quot;:&quot;&quot;,&quot;created_timestamp&quot;:&quot;0&quot;,&quot;copyright&quot;:&quot;&quot;,&quot;focal_length&quot;:&quot;0&quot;,&quot;iso&quot;:&quot;0&quot;,&quot;shutter_speed&quot;:&quot;0&quot;,&quot;title&quot;:&quot;&quot;,&quot;orientation&quot;:&quot;0&quot;}\" data-image-title=\"Capture d\u2019\u00e9cran, le 2023-11-12 \u00e0 18.35.39\" data-image-description=\"\" data-medium-file=\"https:\/\/i0.wp.com\/itayachtscanada.com\/wp-content\/uploads\/2023\/01\/Capture-decran-le-2023-11-12-a-18.35.39.png?fit=300%2C156&#038;ssl=1\" data-large-file=\"https:\/\/i0.wp.com\/itayachtscanada.com\/wp-content\/uploads\/2023\/01\/Capture-decran-le-2023-11-12-a-18.35.39.png?fit=700%2C365&#038;ssl=1\" src=\"https:\/\/i0.wp.com\/itayachtscanada.com\/wp-content\/uploads\/2023\/01\/Capture-decran-le-2023-11-12-a-18.35.39.png?w=229&#038;h=229&#038;crop=1&#038;ssl=1\" srcset=\"https:\/\/i0.wp.com\/itayachtscanada.com\/wp-content\/uploads\/2023\/01\/Capture-decran-le-2023-11-12-a-18.35.39.png?resize=150%2C150&amp;ssl=1 150w, https:\/\/i0.wp.com\/itayachtscanada.com\/wp-content\/uploads\/2023\/01\/Capture-decran-le-2023-11-12-a-18.35.39.png?resize=60%2C60&amp;ssl=1 60w, https:\/\/i0.wp.com\/itayachtscanada.com\/wp-content\/uploads\/2023\/01\/Capture-decran-le-2023-11-12-a-18.35.39.png?resize=80%2C80&amp;ssl=1 80w, https:\/\/i0.wp.com\/itayachtscanada.com\/wp-content\/uploads\/2023\/01\/Capture-decran-le-2023-11-12-a-18.35.39.png?resize=1200%2C1200&amp;ssl=1 1200w, https:\/\/i0.wp.com\/itayachtscanada.com\/wp-content\/uploads\/2023\/01\/Capture-decran-le-2023-11-12-a-18.35.39.png?resize=800%2C800&amp;ssl=1 800w, https:\/\/i0.wp.com\/itayachtscanada.com\/wp-content\/uploads\/2023\/01\/Capture-decran-le-2023-11-12-a-18.35.39.png?resize=600%2C600&amp;ssl=1 600w, https:\/\/i0.wp.com\/itayachtscanada.com\/wp-content\/uploads\/2023\/01\/Capture-decran-le-2023-11-12-a-18.35.39.png?resize=400%2C400&amp;ssl=1 400w, https:\/\/i0.wp.com\/itayachtscanada.com\/wp-content\/uploads\/2023\/01\/Capture-decran-le-2023-11-12-a-18.35.39.png?resize=200%2C200&amp;ssl=1 200w, https:\/\/i0.wp.com\/itayachtscanada.com\/wp-content\/uploads\/2023\/01\/Capture-decran-le-2023-11-12-a-18.35.39.png?resize=100%2C100&amp;ssl=1 100w, https:\/\/i0.wp.com\/itayachtscanada.com\/wp-content\/uploads\/2023\/01\/Capture-decran-le-2023-11-12-a-18.35.39.png?resize=50%2C50&amp;ssl=1 50w, https:\/\/i0.wp.com\/itayachtscanada.com\/wp-content\/uploads\/2023\/01\/Capture-decran-le-2023-11-12-a-18.35.39.png?zoom=2&amp;resize=229%2C229&amp;ssl=1 458w, https:\/\/i0.wp.com\/itayachtscanada.com\/wp-content\/uploads\/2023\/01\/Capture-decran-le-2023-11-12-a-18.35.39.png?zoom=3&amp;resize=229%2C229&amp;ssl=1 687w\" width=\"229\" height=\"229\" loading=\"lazy\" data-original-width=\"229\" data-original-height=\"229\" itemprop=\"http:\/\/schema.org\/image\" title=\"Capture d\u2019\u00e9cran, le 2023-11-12 \u00e0 18.35.39\" alt=\"Capture d\u2019\u00e9cran, le 2023-11-12 \u00e0 18.35.39\" style=\"width: 229px; height: 229px;\" \/> <\/a> <\/div> <\/div> <\/div> <div class=\"gallery-row\" style=\"width: 700px; height: 233px;\" data-original-width=\"700\" data-original-height=\"233\" > <div class=\"gallery-group\" style=\"width: 233px; height: 233px;\" data-original-width=\"233\" data-original-height=\"233\" > <div class=\"tiled-gallery-item \" itemprop=\"associatedMedia\" itemscope itemtype=\"http:\/\/schema.org\/ImageObject\"> <a href=\"https:\/\/itayachtscanada.com\/fr\/new-catamaran-prestige-m8\/capture-decran-le-2023-11-12-a-18-35-23\/\" border=\"0\" itemprop=\"url\"> <meta itemprop=\"width\" content=\"229\"> <meta itemprop=\"height\" content=\"229\"> <img decoding=\"async\" class=\"\" data-attachment-id=\"141072\" data-orig-file=\"https:\/\/itayachtscanada.com\/wp-content\/uploads\/2023\/01\/Capture-decran-le-2023-11-12-a-18.35.23.png\" data-orig-size=\"1676,1098\" data-comments-opened=\"1\" data-image-meta=\"{&quot;aperture&quot;:&quot;0&quot;,&quot;credit&quot;:&quot;&quot;,&quot;camera&quot;:&quot;&quot;,&quot;caption&quot;:&quot;&quot;,&quot;created_timestamp&quot;:&quot;0&quot;,&quot;copyright&quot;:&quot;&quot;,&quot;focal_length&quot;:&quot;0&quot;,&quot;iso&quot;:&quot;0&quot;,&quot;shutter_speed&quot;:&quot;0&quot;,&quot;title&quot;:&quot;&quot;,&quot;orientation&quot;:&quot;0&quot;}\" data-image-title=\"Capture d\u2019\u00e9cran, le 2023-11-12 \u00e0 18.35.23\" data-image-description=\"\" data-medium-file=\"https:\/\/i0.wp.com\/itayachtscanada.com\/wp-content\/uploads\/2023\/01\/Capture-decran-le-2023-11-12-a-18.35.23.png?fit=300%2C197&#038;ssl=1\" data-large-file=\"https:\/\/i0.wp.com\/itayachtscanada.com\/wp-content\/uploads\/2023\/01\/Capture-decran-le-2023-11-12-a-18.35.23.png?fit=700%2C459&#038;ssl=1\" src=\"https:\/\/i0.wp.com\/itayachtscanada.com\/wp-content\/uploads\/2023\/01\/Capture-decran-le-2023-11-12-a-18.35.23.png?w=229&#038;h=229&#038;crop=1&#038;ssl=1\" srcset=\"https:\/\/i0.wp.com\/itayachtscanada.com\/wp-content\/uploads\/2023\/01\/Capture-decran-le-2023-11-12-a-18.35.23.png?resize=150%2C150&amp;ssl=1 150w, https:\/\/i0.wp.com\/itayachtscanada.com\/wp-content\/uploads\/2023\/01\/Capture-decran-le-2023-11-12-a-18.35.23.png?resize=60%2C60&amp;ssl=1 60w, https:\/\/i0.wp.com\/itayachtscanada.com\/wp-content\/uploads\/2023\/01\/Capture-decran-le-2023-11-12-a-18.35.23.png?resize=80%2C80&amp;ssl=1 80w, https:\/\/i0.wp.com\/itayachtscanada.com\/wp-content\/uploads\/2023\/01\/Capture-decran-le-2023-11-12-a-18.35.23.png?resize=800%2C800&amp;ssl=1 800w, https:\/\/i0.wp.com\/itayachtscanada.com\/wp-content\/uploads\/2023\/01\/Capture-decran-le-2023-11-12-a-18.35.23.png?resize=600%2C600&amp;ssl=1 600w, https:\/\/i0.wp.com\/itayachtscanada.com\/wp-content\/uploads\/2023\/01\/Capture-decran-le-2023-11-12-a-18.35.23.png?resize=400%2C400&amp;ssl=1 400w, https:\/\/i0.wp.com\/itayachtscanada.com\/wp-content\/uploads\/2023\/01\/Capture-decran-le-2023-11-12-a-18.35.23.png?resize=200%2C200&amp;ssl=1 200w, https:\/\/i0.wp.com\/itayachtscanada.com\/wp-content\/uploads\/2023\/01\/Capture-decran-le-2023-11-12-a-18.35.23.png?resize=100%2C100&amp;ssl=1 100w, https:\/\/i0.wp.com\/itayachtscanada.com\/wp-content\/uploads\/2023\/01\/Capture-decran-le-2023-11-12-a-18.35.23.png?resize=50%2C50&amp;ssl=1 50w, https:\/\/i0.wp.com\/itayachtscanada.com\/wp-content\/uploads\/2023\/01\/Capture-decran-le-2023-11-12-a-18.35.23.png?zoom=2&amp;resize=229%2C229&amp;ssl=1 458w, https:\/\/i0.wp.com\/itayachtscanada.com\/wp-content\/uploads\/2023\/01\/Capture-decran-le-2023-11-12-a-18.35.23.png?zoom=3&amp;resize=229%2C229&amp;ssl=1 687w\" width=\"229\" height=\"229\" loading=\"lazy\" data-original-width=\"229\" data-original-height=\"229\" itemprop=\"http:\/\/schema.org\/image\" title=\"Capture d\u2019\u00e9cran, le 2023-11-12 \u00e0 18.35.23\" alt=\"Capture d\u2019\u00e9cran, le 2023-11-12 \u00e0 18.35.23\" style=\"width: 229px; height: 229px;\" \/> <\/a> <\/div> <\/div> <div class=\"gallery-group\" style=\"width: 233px; height: 233px;\" data-original-width=\"233\" data-original-height=\"233\" > <div class=\"tiled-gallery-item \" itemprop=\"associatedMedia\" itemscope itemtype=\"http:\/\/schema.org\/ImageObject\"> <a href=\"https:\/\/itayachtscanada.com\/fr\/new-catamaran-prestige-m8\/capture-decran-le-2023-11-12-a-18-38-07\/\" border=\"0\" itemprop=\"url\"> <meta itemprop=\"width\" content=\"229\"> <meta itemprop=\"height\" content=\"229\"> <img decoding=\"async\" class=\"\" data-attachment-id=\"141061\" data-orig-file=\"https:\/\/itayachtscanada.com\/wp-content\/uploads\/2023\/01\/Capture-decran-le-2023-11-12-a-18.38.07.png\" data-orig-size=\"1512,1112\" data-comments-opened=\"1\" data-image-meta=\"{&quot;aperture&quot;:&quot;0&quot;,&quot;credit&quot;:&quot;&quot;,&quot;camera&quot;:&quot;&quot;,&quot;caption&quot;:&quot;&quot;,&quot;created_timestamp&quot;:&quot;0&quot;,&quot;copyright&quot;:&quot;&quot;,&quot;focal_length&quot;:&quot;0&quot;,&quot;iso&quot;:&quot;0&quot;,&quot;shutter_speed&quot;:&quot;0&quot;,&quot;title&quot;:&quot;&quot;,&quot;orientation&quot;:&quot;0&quot;}\" data-image-title=\"Capture d\u2019\u00e9cran, le 2023-11-12 \u00e0 18.38.07\" data-image-description=\"\" data-medium-file=\"https:\/\/i0.wp.com\/itayachtscanada.com\/wp-content\/uploads\/2023\/01\/Capture-decran-le-2023-11-12-a-18.38.07.png?fit=300%2C221&#038;ssl=1\" data-large-file=\"https:\/\/i0.wp.com\/itayachtscanada.com\/wp-content\/uploads\/2023\/01\/Capture-decran-le-2023-11-12-a-18.38.07.png?fit=700%2C515&#038;ssl=1\" src=\"https:\/\/i0.wp.com\/itayachtscanada.com\/wp-content\/uploads\/2023\/01\/Capture-decran-le-2023-11-12-a-18.38.07.png?w=229&#038;h=229&#038;crop=1&#038;ssl=1\" srcset=\"https:\/\/i0.wp.com\/itayachtscanada.com\/wp-content\/uploads\/2023\/01\/Capture-decran-le-2023-11-12-a-18.38.07.png?resize=150%2C150&amp;ssl=1 150w, https:\/\/i0.wp.com\/itayachtscanada.com\/wp-content\/uploads\/2023\/01\/Capture-decran-le-2023-11-12-a-18.38.07.png?resize=60%2C60&amp;ssl=1 60w, https:\/\/i0.wp.com\/itayachtscanada.com\/wp-content\/uploads\/2023\/01\/Capture-decran-le-2023-11-12-a-18.38.07.png?resize=80%2C80&amp;ssl=1 80w, https:\/\/i0.wp.com\/itayachtscanada.com\/wp-content\/uploads\/2023\/01\/Capture-decran-le-2023-11-12-a-18.38.07.png?resize=800%2C800&amp;ssl=1 800w, https:\/\/i0.wp.com\/itayachtscanada.com\/wp-content\/uploads\/2023\/01\/Capture-decran-le-2023-11-12-a-18.38.07.png?resize=600%2C600&amp;ssl=1 600w, https:\/\/i0.wp.com\/itayachtscanada.com\/wp-content\/uploads\/2023\/01\/Capture-decran-le-2023-11-12-a-18.38.07.png?resize=400%2C400&amp;ssl=1 400w, https:\/\/i0.wp.com\/itayachtscanada.com\/wp-content\/uploads\/2023\/01\/Capture-decran-le-2023-11-12-a-18.38.07.png?resize=200%2C200&amp;ssl=1 200w, https:\/\/i0.wp.com\/itayachtscanada.com\/wp-content\/uploads\/2023\/01\/Capture-decran-le-2023-11-12-a-18.38.07.png?resize=100%2C100&amp;ssl=1 100w, https:\/\/i0.wp.com\/itayachtscanada.com\/wp-content\/uploads\/2023\/01\/Capture-decran-le-2023-11-12-a-18.38.07.png?resize=50%2C50&amp;ssl=1 50w, https:\/\/i0.wp.com\/itayachtscanada.com\/wp-content\/uploads\/2023\/01\/Capture-decran-le-2023-11-12-a-18.38.07.png?zoom=2&amp;resize=229%2C229&amp;ssl=1 458w, https:\/\/i0.wp.com\/itayachtscanada.com\/wp-content\/uploads\/2023\/01\/Capture-decran-le-2023-11-12-a-18.38.07.png?zoom=3&amp;resize=229%2C229&amp;ssl=1 687w\" width=\"229\" height=\"229\" loading=\"lazy\" data-original-width=\"229\" data-original-height=\"229\" itemprop=\"http:\/\/schema.org\/image\" title=\"Capture d\u2019\u00e9cran, le 2023-11-12 \u00e0 18.38.07\" alt=\"Capture d\u2019\u00e9cran, le 2023-11-12 \u00e0 18.38.07\" style=\"width: 229px; height: 229px;\" \/> <\/a> <\/div> <\/div> <div class=\"gallery-group\" style=\"width: 233px; height: 233px;\" data-original-width=\"233\" data-original-height=\"233\" > <div class=\"tiled-gallery-item \" itemprop=\"associatedMedia\" itemscope itemtype=\"http:\/\/schema.org\/ImageObject\"> <a href=\"https:\/\/itayachtscanada.com\/fr\/new-catamaran-prestige-m8\/capture-decran-le-2023-11-12-a-18-35-51\/\" border=\"0\" itemprop=\"url\"> <meta itemprop=\"width\" content=\"229\"> <meta itemprop=\"height\" content=\"229\"> <img decoding=\"async\" class=\"\" data-attachment-id=\"141070\" data-orig-file=\"https:\/\/itayachtscanada.com\/wp-content\/uploads\/2023\/01\/Capture-decran-le-2023-11-12-a-18.35.51.png\" data-orig-size=\"2300,1256\" data-comments-opened=\"1\" data-image-meta=\"{&quot;aperture&quot;:&quot;0&quot;,&quot;credit&quot;:&quot;&quot;,&quot;camera&quot;:&quot;&quot;,&quot;caption&quot;:&quot;&quot;,&quot;created_timestamp&quot;:&quot;0&quot;,&quot;copyright&quot;:&quot;&quot;,&quot;focal_length&quot;:&quot;0&quot;,&quot;iso&quot;:&quot;0&quot;,&quot;shutter_speed&quot;:&quot;0&quot;,&quot;title&quot;:&quot;&quot;,&quot;orientation&quot;:&quot;0&quot;}\" data-image-title=\"Capture d\u2019\u00e9cran, le 2023-11-12 \u00e0 18.35.51\" data-image-description=\"\" data-medium-file=\"https:\/\/i0.wp.com\/itayachtscanada.com\/wp-content\/uploads\/2023\/01\/Capture-decran-le-2023-11-12-a-18.35.51.png?fit=300%2C164&#038;ssl=1\" data-large-file=\"https:\/\/i0.wp.com\/itayachtscanada.com\/wp-content\/uploads\/2023\/01\/Capture-decran-le-2023-11-12-a-18.35.51.png?fit=700%2C382&#038;ssl=1\" src=\"https:\/\/i0.wp.com\/itayachtscanada.com\/wp-content\/uploads\/2023\/01\/Capture-decran-le-2023-11-12-a-18.35.51.png?w=229&#038;h=229&#038;crop=1&#038;ssl=1\" srcset=\"https:\/\/i0.wp.com\/itayachtscanada.com\/wp-content\/uploads\/2023\/01\/Capture-decran-le-2023-11-12-a-18.35.51.png?resize=150%2C150&amp;ssl=1 150w, https:\/\/i0.wp.com\/itayachtscanada.com\/wp-content\/uploads\/2023\/01\/Capture-decran-le-2023-11-12-a-18.35.51.png?resize=60%2C60&amp;ssl=1 60w, https:\/\/i0.wp.com\/itayachtscanada.com\/wp-content\/uploads\/2023\/01\/Capture-decran-le-2023-11-12-a-18.35.51.png?resize=80%2C80&amp;ssl=1 80w, https:\/\/i0.wp.com\/itayachtscanada.com\/wp-content\/uploads\/2023\/01\/Capture-decran-le-2023-11-12-a-18.35.51.png?resize=1200%2C1200&amp;ssl=1 1200w, https:\/\/i0.wp.com\/itayachtscanada.com\/wp-content\/uploads\/2023\/01\/Capture-decran-le-2023-11-12-a-18.35.51.png?resize=800%2C800&amp;ssl=1 800w, https:\/\/i0.wp.com\/itayachtscanada.com\/wp-content\/uploads\/2023\/01\/Capture-decran-le-2023-11-12-a-18.35.51.png?resize=600%2C600&amp;ssl=1 600w, https:\/\/i0.wp.com\/itayachtscanada.com\/wp-content\/uploads\/2023\/01\/Capture-decran-le-2023-11-12-a-18.35.51.png?resize=400%2C400&amp;ssl=1 400w, https:\/\/i0.wp.com\/itayachtscanada.com\/wp-content\/uploads\/2023\/01\/Capture-decran-le-2023-11-12-a-18.35.51.png?resize=200%2C200&amp;ssl=1 200w, https:\/\/i0.wp.com\/itayachtscanada.com\/wp-content\/uploads\/2023\/01\/Capture-decran-le-2023-11-12-a-18.35.51.png?resize=100%2C100&amp;ssl=1 100w, https:\/\/i0.wp.com\/itayachtscanada.com\/wp-content\/uploads\/2023\/01\/Capture-decran-le-2023-11-12-a-18.35.51.png?resize=50%2C50&amp;ssl=1 50w, https:\/\/i0.wp.com\/itayachtscanada.com\/wp-content\/uploads\/2023\/01\/Capture-decran-le-2023-11-12-a-18.35.51.png?zoom=2&amp;resize=229%2C229&amp;ssl=1 458w, https:\/\/i0.wp.com\/itayachtscanada.com\/wp-content\/uploads\/2023\/01\/Capture-decran-le-2023-11-12-a-18.35.51.png?zoom=3&amp;resize=229%2C229&amp;ssl=1 687w\" width=\"229\" height=\"229\" loading=\"lazy\" data-original-width=\"229\" data-original-height=\"229\" itemprop=\"http:\/\/schema.org\/image\" title=\"Capture d\u2019\u00e9cran, le 2023-11-12 \u00e0 18.35.51\" alt=\"Capture d\u2019\u00e9cran, le 2023-11-12 \u00e0 18.35.51\" style=\"width: 229px; height: 229px;\" \/> <\/a> <\/div> <\/div> <\/div> <div class=\"gallery-row\" style=\"width: 700px; height: 233px;\" data-original-width=\"700\" data-original-height=\"233\" > <div class=\"gallery-group\" style=\"width: 233px; height: 233px;\" data-original-width=\"233\" data-original-height=\"233\" > <div class=\"tiled-gallery-item \" itemprop=\"associatedMedia\" itemscope itemtype=\"http:\/\/schema.org\/ImageObject\"> <a href=\"https:\/\/itayachtscanada.com\/fr\/new-catamaran-prestige-m8\/capture-decran-le-2023-11-12-a-18-34-09\/\" border=\"0\" itemprop=\"url\"> <meta itemprop=\"width\" content=\"229\"> <meta itemprop=\"height\" content=\"229\"> <img decoding=\"async\" class=\"\" data-attachment-id=\"141078\" data-orig-file=\"https:\/\/itayachtscanada.com\/wp-content\/uploads\/2023\/01\/Capture-decran-le-2023-11-12-a-18.34.09.png\" data-orig-size=\"1646,916\" data-comments-opened=\"1\" data-image-meta=\"{&quot;aperture&quot;:&quot;0&quot;,&quot;credit&quot;:&quot;&quot;,&quot;camera&quot;:&quot;&quot;,&quot;caption&quot;:&quot;&quot;,&quot;created_timestamp&quot;:&quot;0&quot;,&quot;copyright&quot;:&quot;&quot;,&quot;focal_length&quot;:&quot;0&quot;,&quot;iso&quot;:&quot;0&quot;,&quot;shutter_speed&quot;:&quot;0&quot;,&quot;title&quot;:&quot;&quot;,&quot;orientation&quot;:&quot;0&quot;}\" data-image-title=\"Capture d\u2019\u00e9cran, le 2023-11-12 \u00e0 18.34.09\" data-image-description=\"\" data-medium-file=\"https:\/\/i0.wp.com\/itayachtscanada.com\/wp-content\/uploads\/2023\/01\/Capture-decran-le-2023-11-12-a-18.34.09.png?fit=300%2C167&#038;ssl=1\" data-large-file=\"https:\/\/i0.wp.com\/itayachtscanada.com\/wp-content\/uploads\/2023\/01\/Capture-decran-le-2023-11-12-a-18.34.09.png?fit=700%2C390&#038;ssl=1\" src=\"https:\/\/i0.wp.com\/itayachtscanada.com\/wp-content\/uploads\/2023\/01\/Capture-decran-le-2023-11-12-a-18.34.09.png?w=229&#038;h=229&#038;crop=1&#038;ssl=1\" srcset=\"https:\/\/i0.wp.com\/itayachtscanada.com\/wp-content\/uploads\/2023\/01\/Capture-decran-le-2023-11-12-a-18.34.09.png?resize=150%2C150&amp;ssl=1 150w, https:\/\/i0.wp.com\/itayachtscanada.com\/wp-content\/uploads\/2023\/01\/Capture-decran-le-2023-11-12-a-18.34.09.png?resize=60%2C60&amp;ssl=1 60w, https:\/\/i0.wp.com\/itayachtscanada.com\/wp-content\/uploads\/2023\/01\/Capture-decran-le-2023-11-12-a-18.34.09.png?resize=80%2C80&amp;ssl=1 80w, https:\/\/i0.wp.com\/itayachtscanada.com\/wp-content\/uploads\/2023\/01\/Capture-decran-le-2023-11-12-a-18.34.09.png?resize=800%2C800&amp;ssl=1 800w, https:\/\/i0.wp.com\/itayachtscanada.com\/wp-content\/uploads\/2023\/01\/Capture-decran-le-2023-11-12-a-18.34.09.png?resize=600%2C600&amp;ssl=1 600w, https:\/\/i0.wp.com\/itayachtscanada.com\/wp-content\/uploads\/2023\/01\/Capture-decran-le-2023-11-12-a-18.34.09.png?resize=400%2C400&amp;ssl=1 400w, https:\/\/i0.wp.com\/itayachtscanada.com\/wp-content\/uploads\/2023\/01\/Capture-decran-le-2023-11-12-a-18.34.09.png?resize=200%2C200&amp;ssl=1 200w, https:\/\/i0.wp.com\/itayachtscanada.com\/wp-content\/uploads\/2023\/01\/Capture-decran-le-2023-11-12-a-18.34.09.png?resize=100%2C100&amp;ssl=1 100w, https:\/\/i0.wp.com\/itayachtscanada.com\/wp-content\/uploads\/2023\/01\/Capture-decran-le-2023-11-12-a-18.34.09.png?resize=50%2C50&amp;ssl=1 50w, https:\/\/i0.wp.com\/itayachtscanada.com\/wp-content\/uploads\/2023\/01\/Capture-decran-le-2023-11-12-a-18.34.09.png?zoom=2&amp;resize=229%2C229&amp;ssl=1 458w, https:\/\/i0.wp.com\/itayachtscanada.com\/wp-content\/uploads\/2023\/01\/Capture-decran-le-2023-11-12-a-18.34.09.png?zoom=3&amp;resize=229%2C229&amp;ssl=1 687w\" width=\"229\" height=\"229\" loading=\"lazy\" data-original-width=\"229\" data-original-height=\"229\" itemprop=\"http:\/\/schema.org\/image\" title=\"Capture d\u2019\u00e9cran, le 2023-11-12 \u00e0 18.34.09\" alt=\"Capture d\u2019\u00e9cran, le 2023-11-12 \u00e0 18.34.09\" style=\"width: 229px; height: 229px;\" \/> <\/a> <\/div> <\/div> <div class=\"gallery-group\" style=\"width: 233px; height: 233px;\" data-original-width=\"233\" data-original-height=\"233\" > <div class=\"tiled-gallery-item \" itemprop=\"associatedMedia\" itemscope itemtype=\"http:\/\/schema.org\/ImageObject\"> <a href=\"https:\/\/itayachtscanada.com\/fr\/new-catamaran-prestige-m8\/capture-decran-le-2023-11-12-a-18-34-53\/\" border=\"0\" itemprop=\"url\"> <meta itemprop=\"width\" content=\"229\"> <meta itemprop=\"height\" content=\"229\"> <img decoding=\"async\" class=\"\" data-attachment-id=\"141074\" data-orig-file=\"https:\/\/itayachtscanada.com\/wp-content\/uploads\/2023\/01\/Capture-decran-le-2023-11-12-a-18.34.53.png\" data-orig-size=\"2112,1254\" data-comments-opened=\"1\" data-image-meta=\"{&quot;aperture&quot;:&quot;0&quot;,&quot;credit&quot;:&quot;&quot;,&quot;camera&quot;:&quot;&quot;,&quot;caption&quot;:&quot;&quot;,&quot;created_timestamp&quot;:&quot;0&quot;,&quot;copyright&quot;:&quot;&quot;,&quot;focal_length&quot;:&quot;0&quot;,&quot;iso&quot;:&quot;0&quot;,&quot;shutter_speed&quot;:&quot;0&quot;,&quot;title&quot;:&quot;&quot;,&quot;orientation&quot;:&quot;0&quot;}\" data-image-title=\"Capture d\u2019\u00e9cran, le 2023-11-12 \u00e0 18.34.53\" data-image-description=\"\" data-medium-file=\"https:\/\/i0.wp.com\/itayachtscanada.com\/wp-content\/uploads\/2023\/01\/Capture-decran-le-2023-11-12-a-18.34.53.png?fit=300%2C178&#038;ssl=1\" data-large-file=\"https:\/\/i0.wp.com\/itayachtscanada.com\/wp-content\/uploads\/2023\/01\/Capture-decran-le-2023-11-12-a-18.34.53.png?fit=700%2C416&#038;ssl=1\" src=\"https:\/\/i0.wp.com\/itayachtscanada.com\/wp-content\/uploads\/2023\/01\/Capture-decran-le-2023-11-12-a-18.34.53.png?w=229&#038;h=229&#038;crop=1&#038;ssl=1\" srcset=\"https:\/\/i0.wp.com\/itayachtscanada.com\/wp-content\/uploads\/2023\/01\/Capture-decran-le-2023-11-12-a-18.34.53.png?resize=150%2C150&amp;ssl=1 150w, https:\/\/i0.wp.com\/itayachtscanada.com\/wp-content\/uploads\/2023\/01\/Capture-decran-le-2023-11-12-a-18.34.53.png?resize=60%2C60&amp;ssl=1 60w, https:\/\/i0.wp.com\/itayachtscanada.com\/wp-content\/uploads\/2023\/01\/Capture-decran-le-2023-11-12-a-18.34.53.png?resize=80%2C80&amp;ssl=1 80w, https:\/\/i0.wp.com\/itayachtscanada.com\/wp-content\/uploads\/2023\/01\/Capture-decran-le-2023-11-12-a-18.34.53.png?resize=1200%2C1200&amp;ssl=1 1200w, https:\/\/i0.wp.com\/itayachtscanada.com\/wp-content\/uploads\/2023\/01\/Capture-decran-le-2023-11-12-a-18.34.53.png?resize=800%2C800&amp;ssl=1 800w, https:\/\/i0.wp.com\/itayachtscanada.com\/wp-content\/uploads\/2023\/01\/Capture-decran-le-2023-11-12-a-18.34.53.png?resize=600%2C600&amp;ssl=1 600w, https:\/\/i0.wp.com\/itayachtscanada.com\/wp-content\/uploads\/2023\/01\/Capture-decran-le-2023-11-12-a-18.34.53.png?resize=400%2C400&amp;ssl=1 400w, https:\/\/i0.wp.com\/itayachtscanada.com\/wp-content\/uploads\/2023\/01\/Capture-decran-le-2023-11-12-a-18.34.53.png?resize=200%2C200&amp;ssl=1 200w, https:\/\/i0.wp.com\/itayachtscanada.com\/wp-content\/uploads\/2023\/01\/Capture-decran-le-2023-11-12-a-18.34.53.png?resize=100%2C100&amp;ssl=1 100w, https:\/\/i0.wp.com\/itayachtscanada.com\/wp-content\/uploads\/2023\/01\/Capture-decran-le-2023-11-12-a-18.34.53.png?resize=50%2C50&amp;ssl=1 50w, https:\/\/i0.wp.com\/itayachtscanada.com\/wp-content\/uploads\/2023\/01\/Capture-decran-le-2023-11-12-a-18.34.53.png?zoom=2&amp;resize=229%2C229&amp;ssl=1 458w, https:\/\/i0.wp.com\/itayachtscanada.com\/wp-content\/uploads\/2023\/01\/Capture-decran-le-2023-11-12-a-18.34.53.png?zoom=3&amp;resize=229%2C229&amp;ssl=1 687w\" width=\"229\" height=\"229\" loading=\"lazy\" data-original-width=\"229\" data-original-height=\"229\" itemprop=\"http:\/\/schema.org\/image\" title=\"Capture d\u2019\u00e9cran, le 2023-11-12 \u00e0 18.34.53\" alt=\"Capture d\u2019\u00e9cran, le 2023-11-12 \u00e0 18.34.53\" style=\"width: 229px; height: 229px;\" \/> <\/a> <\/div> <\/div> <div class=\"gallery-group\" style=\"width: 233px; height: 233px;\" data-original-width=\"233\" data-original-height=\"233\" > <div class=\"tiled-gallery-item \" itemprop=\"associatedMedia\" itemscope itemtype=\"http:\/\/schema.org\/ImageObject\"> <a href=\"https:\/\/itayachtscanada.com\/fr\/new-catamaran-prestige-m8\/prestige-m8-fly\/\" border=\"0\" itemprop=\"url\"> <meta itemprop=\"width\" content=\"229\"> <meta itemprop=\"height\" content=\"229\"> <img decoding=\"async\" class=\"\" data-attachment-id=\"94273\" data-orig-file=\"https:\/\/itayachtscanada.com\/wp-content\/uploads\/2023\/01\/Prestige-M8-fly.jpeg\" data-orig-size=\"1280,640\" data-comments-opened=\"1\" data-image-meta=\"{&quot;aperture&quot;:&quot;0&quot;,&quot;credit&quot;:&quot;&quot;,&quot;camera&quot;:&quot;&quot;,&quot;caption&quot;:&quot;&quot;,&quot;created_timestamp&quot;:&quot;0&quot;,&quot;copyright&quot;:&quot;&quot;,&quot;focal_length&quot;:&quot;0&quot;,&quot;iso&quot;:&quot;0&quot;,&quot;shutter_speed&quot;:&quot;0&quot;,&quot;title&quot;:&quot;&quot;,&quot;orientation&quot;:&quot;0&quot;}\" data-image-title=\"Prestige M8 fly\" data-image-description=\"\" data-medium-file=\"https:\/\/i0.wp.com\/itayachtscanada.com\/wp-content\/uploads\/2023\/01\/Prestige-M8-fly.jpeg?fit=300%2C150&#038;ssl=1\" data-large-file=\"https:\/\/i0.wp.com\/itayachtscanada.com\/wp-content\/uploads\/2023\/01\/Prestige-M8-fly.jpeg?fit=700%2C350&#038;ssl=1\" src=\"https:\/\/i0.wp.com\/itayachtscanada.com\/wp-content\/uploads\/2023\/01\/Prestige-M8-fly.jpeg?w=229&#038;h=229&#038;crop=1&#038;ssl=1\" srcset=\"https:\/\/i0.wp.com\/itayachtscanada.com\/wp-content\/uploads\/2023\/01\/Prestige-M8-fly.jpeg?resize=150%2C150&amp;ssl=1 150w, https:\/\/i0.wp.com\/itayachtscanada.com\/wp-content\/uploads\/2023\/01\/Prestige-M8-fly.jpeg?resize=60%2C60&amp;ssl=1 60w, https:\/\/i0.wp.com\/itayachtscanada.com\/wp-content\/uploads\/2023\/01\/Prestige-M8-fly.jpeg?resize=400%2C400&amp;ssl=1 400w, https:\/\/i0.wp.com\/itayachtscanada.com\/wp-content\/uploads\/2023\/01\/Prestige-M8-fly.jpeg?resize=200%2C200&amp;ssl=1 200w, https:\/\/i0.wp.com\/itayachtscanada.com\/wp-content\/uploads\/2023\/01\/Prestige-M8-fly.jpeg?resize=100%2C100&amp;ssl=1 100w, https:\/\/i0.wp.com\/itayachtscanada.com\/wp-content\/uploads\/2023\/01\/Prestige-M8-fly.jpeg?resize=50%2C50&amp;ssl=1 50w, https:\/\/i0.wp.com\/itayachtscanada.com\/wp-content\/uploads\/2023\/01\/Prestige-M8-fly.jpeg?zoom=2&amp;resize=229%2C229&amp;ssl=1 458w, https:\/\/i0.wp.com\/itayachtscanada.com\/wp-content\/uploads\/2023\/01\/Prestige-M8-fly.jpeg?zoom=3&amp;resize=229%2C229&amp;ssl=1 687w\" width=\"229\" height=\"229\" loading=\"lazy\" data-original-width=\"229\" data-original-height=\"229\" itemprop=\"http:\/\/schema.org\/image\" title=\"Prestige M8 fly\" alt=\"Prestige M8 fly\" style=\"width: 229px; height: 229px;\" \/> <\/a> <\/div> <\/div> <\/div> <div class=\"gallery-row\" style=\"width: 700px; height: 233px;\" data-original-width=\"700\" data-original-height=\"233\" > <div class=\"gallery-group\" style=\"width: 233px; height: 233px;\" data-original-width=\"233\" data-original-height=\"233\" > <div class=\"tiled-gallery-item \" itemprop=\"associatedMedia\" itemscope itemtype=\"http:\/\/schema.org\/ImageObject\"> <a href=\"https:\/\/itayachtscanada.com\/fr\/new-catamaran-prestige-m8\/prestige-m8-cockpit\/\" border=\"0\" itemprop=\"url\"> <meta itemprop=\"width\" content=\"229\"> <meta itemprop=\"height\" content=\"229\"> <img decoding=\"async\" class=\"\" data-attachment-id=\"94274\" data-orig-file=\"https:\/\/itayachtscanada.com\/wp-content\/uploads\/2023\/01\/Prestige-m8-cockpit.jpeg\" data-orig-size=\"1280,640\" data-comments-opened=\"1\" data-image-meta=\"{&quot;aperture&quot;:&quot;0&quot;,&quot;credit&quot;:&quot;&quot;,&quot;camera&quot;:&quot;&quot;,&quot;caption&quot;:&quot;&quot;,&quot;created_timestamp&quot;:&quot;0&quot;,&quot;copyright&quot;:&quot;&quot;,&quot;focal_length&quot;:&quot;0&quot;,&quot;iso&quot;:&quot;0&quot;,&quot;shutter_speed&quot;:&quot;0&quot;,&quot;title&quot;:&quot;&quot;,&quot;orientation&quot;:&quot;0&quot;}\" data-image-title=\"Prestige m8 cockpit\" data-image-description=\"\" data-medium-file=\"https:\/\/i0.wp.com\/itayachtscanada.com\/wp-content\/uploads\/2023\/01\/Prestige-m8-cockpit.jpeg?fit=300%2C150&#038;ssl=1\" data-large-file=\"https:\/\/i0.wp.com\/itayachtscanada.com\/wp-content\/uploads\/2023\/01\/Prestige-m8-cockpit.jpeg?fit=700%2C350&#038;ssl=1\" src=\"https:\/\/i0.wp.com\/itayachtscanada.com\/wp-content\/uploads\/2023\/01\/Prestige-m8-cockpit.jpeg?w=229&#038;h=229&#038;crop=1&#038;ssl=1\" srcset=\"https:\/\/i0.wp.com\/itayachtscanada.com\/wp-content\/uploads\/2023\/01\/Prestige-m8-cockpit.jpeg?resize=150%2C150&amp;ssl=1 150w, https:\/\/i0.wp.com\/itayachtscanada.com\/wp-content\/uploads\/2023\/01\/Prestige-m8-cockpit.jpeg?resize=60%2C60&amp;ssl=1 60w, https:\/\/i0.wp.com\/itayachtscanada.com\/wp-content\/uploads\/2023\/01\/Prestige-m8-cockpit.jpeg?resize=400%2C400&amp;ssl=1 400w, https:\/\/i0.wp.com\/itayachtscanada.com\/wp-content\/uploads\/2023\/01\/Prestige-m8-cockpit.jpeg?resize=200%2C200&amp;ssl=1 200w, https:\/\/i0.wp.com\/itayachtscanada.com\/wp-content\/uploads\/2023\/01\/Prestige-m8-cockpit.jpeg?resize=100%2C100&amp;ssl=1 100w, https:\/\/i0.wp.com\/itayachtscanada.com\/wp-content\/uploads\/2023\/01\/Prestige-m8-cockpit.jpeg?resize=50%2C50&amp;ssl=1 50w, https:\/\/i0.wp.com\/itayachtscanada.com\/wp-content\/uploads\/2023\/01\/Prestige-m8-cockpit.jpeg?zoom=2&amp;resize=229%2C229&amp;ssl=1 458w, https:\/\/i0.wp.com\/itayachtscanada.com\/wp-content\/uploads\/2023\/01\/Prestige-m8-cockpit.jpeg?zoom=3&amp;resize=229%2C229&amp;ssl=1 687w\" width=\"229\" height=\"229\" loading=\"lazy\" data-original-width=\"229\" data-original-height=\"229\" itemprop=\"http:\/\/schema.org\/image\" title=\"Prestige m8 cockpit\" alt=\"Prestige m8 cockpit\" style=\"width: 229px; height: 229px;\" \/> <\/a> <\/div> <\/div> <div class=\"gallery-group\" style=\"width: 233px; height: 233px;\" data-original-width=\"233\" data-original-height=\"233\" > <div class=\"tiled-gallery-item \" itemprop=\"associatedMedia\" itemscope itemtype=\"http:\/\/schema.org\/ImageObject\"> <a href=\"https:\/\/itayachtscanada.com\/fr\/new-catamaran-prestige-m8\/prestige-m8-4\/\" border=\"0\" itemprop=\"url\"> <meta itemprop=\"width\" content=\"229\"> <meta itemprop=\"height\" content=\"229\"> <img decoding=\"async\" class=\"\" data-attachment-id=\"94279\" data-orig-file=\"https:\/\/itayachtscanada.com\/wp-content\/uploads\/2023\/01\/Prestige-m8-4.jpeg\" data-orig-size=\"1280,640\" data-comments-opened=\"1\" data-image-meta=\"{&quot;aperture&quot;:&quot;0&quot;,&quot;credit&quot;:&quot;&quot;,&quot;camera&quot;:&quot;&quot;,&quot;caption&quot;:&quot;&quot;,&quot;created_timestamp&quot;:&quot;0&quot;,&quot;copyright&quot;:&quot;&quot;,&quot;focal_length&quot;:&quot;0&quot;,&quot;iso&quot;:&quot;0&quot;,&quot;shutter_speed&quot;:&quot;0&quot;,&quot;title&quot;:&quot;&quot;,&quot;orientation&quot;:&quot;0&quot;}\" data-image-title=\"Prestige m8 4\" data-image-description=\"\" data-medium-file=\"https:\/\/i0.wp.com\/itayachtscanada.com\/wp-content\/uploads\/2023\/01\/Prestige-m8-4.jpeg?fit=300%2C150&#038;ssl=1\" data-large-file=\"https:\/\/i0.wp.com\/itayachtscanada.com\/wp-content\/uploads\/2023\/01\/Prestige-m8-4.jpeg?fit=700%2C350&#038;ssl=1\" src=\"https:\/\/i0.wp.com\/itayachtscanada.com\/wp-content\/uploads\/2023\/01\/Prestige-m8-4.jpeg?w=229&#038;h=229&#038;crop=1&#038;ssl=1\" srcset=\"https:\/\/i0.wp.com\/itayachtscanada.com\/wp-content\/uploads\/2023\/01\/Prestige-m8-4.jpeg?resize=150%2C150&amp;ssl=1 150w, https:\/\/i0.wp.com\/itayachtscanada.com\/wp-content\/uploads\/2023\/01\/Prestige-m8-4.jpeg?resize=60%2C60&amp;ssl=1 60w, https:\/\/i0.wp.com\/itayachtscanada.com\/wp-content\/uploads\/2023\/01\/Prestige-m8-4.jpeg?resize=400%2C400&amp;ssl=1 400w, https:\/\/i0.wp.com\/itayachtscanada.com\/wp-content\/uploads\/2023\/01\/Prestige-m8-4.jpeg?resize=200%2C200&amp;ssl=1 200w, https:\/\/i0.wp.com\/itayachtscanada.com\/wp-content\/uploads\/2023\/01\/Prestige-m8-4.jpeg?resize=100%2C100&amp;ssl=1 100w, https:\/\/i0.wp.com\/itayachtscanada.com\/wp-content\/uploads\/2023\/01\/Prestige-m8-4.jpeg?resize=50%2C50&amp;ssl=1 50w, https:\/\/i0.wp.com\/itayachtscanada.com\/wp-content\/uploads\/2023\/01\/Prestige-m8-4.jpeg?zoom=2&amp;resize=229%2C229&amp;ssl=1 458w, https:\/\/i0.wp.com\/itayachtscanada.com\/wp-content\/uploads\/2023\/01\/Prestige-m8-4.jpeg?zoom=3&amp;resize=229%2C229&amp;ssl=1 687w\" width=\"229\" height=\"229\" loading=\"lazy\" data-original-width=\"229\" data-original-height=\"229\" itemprop=\"http:\/\/schema.org\/image\" title=\"Prestige m8 4\" alt=\"Prestige m8 4\" style=\"width: 229px; height: 229px;\" \/> <\/a> <\/div> <\/div> <div class=\"gallery-group\" style=\"width: 233px; height: 233px;\" data-original-width=\"233\" data-original-height=\"233\" > <div class=\"tiled-gallery-item \" itemprop=\"associatedMedia\" itemscope itemtype=\"http:\/\/schema.org\/ImageObject\"> <a href=\"https:\/\/itayachtscanada.com\/fr\/new-catamaran-prestige-m8\/prestige-m8-1\/\" border=\"0\" itemprop=\"url\"> <meta itemprop=\"width\" content=\"229\"> <meta itemprop=\"height\" content=\"229\"> <img decoding=\"async\" class=\"\" data-attachment-id=\"94282\" data-orig-file=\"https:\/\/itayachtscanada.com\/wp-content\/uploads\/2023\/01\/prestige-m8-1.jpeg\" data-orig-size=\"1280,640\" data-comments-opened=\"1\" data-image-meta=\"{&quot;aperture&quot;:&quot;0&quot;,&quot;credit&quot;:&quot;&quot;,&quot;camera&quot;:&quot;&quot;,&quot;caption&quot;:&quot;&quot;,&quot;created_timestamp&quot;:&quot;0&quot;,&quot;copyright&quot;:&quot;&quot;,&quot;focal_length&quot;:&quot;0&quot;,&quot;iso&quot;:&quot;0&quot;,&quot;shutter_speed&quot;:&quot;0&quot;,&quot;title&quot;:&quot;&quot;,&quot;orientation&quot;:&quot;0&quot;}\" data-image-title=\"prestige m8 1\" data-image-description=\"\" data-medium-file=\"https:\/\/i0.wp.com\/itayachtscanada.com\/wp-content\/uploads\/2023\/01\/prestige-m8-1.jpeg?fit=300%2C150&#038;ssl=1\" data-large-file=\"https:\/\/i0.wp.com\/itayachtscanada.com\/wp-content\/uploads\/2023\/01\/prestige-m8-1.jpeg?fit=700%2C350&#038;ssl=1\" src=\"https:\/\/i0.wp.com\/itayachtscanada.com\/wp-content\/uploads\/2023\/01\/prestige-m8-1.jpeg?w=229&#038;h=229&#038;crop=1&#038;ssl=1\" srcset=\"https:\/\/i0.wp.com\/itayachtscanada.com\/wp-content\/uploads\/2023\/01\/prestige-m8-1.jpeg?resize=150%2C150&amp;ssl=1 150w, https:\/\/i0.wp.com\/itayachtscanada.com\/wp-content\/uploads\/2023\/01\/prestige-m8-1.jpeg?resize=60%2C60&amp;ssl=1 60w, https:\/\/i0.wp.com\/itayachtscanada.com\/wp-content\/uploads\/2023\/01\/prestige-m8-1.jpeg?resize=400%2C400&amp;ssl=1 400w, https:\/\/i0.wp.com\/itayachtscanada.com\/wp-content\/uploads\/2023\/01\/prestige-m8-1.jpeg?resize=200%2C200&amp;ssl=1 200w, https:\/\/i0.wp.com\/itayachtscanada.com\/wp-content\/uploads\/2023\/01\/prestige-m8-1.jpeg?resize=100%2C100&amp;ssl=1 100w, https:\/\/i0.wp.com\/itayachtscanada.com\/wp-content\/uploads\/2023\/01\/prestige-m8-1.jpeg?resize=50%2C50&amp;ssl=1 50w, https:\/\/i0.wp.com\/itayachtscanada.com\/wp-content\/uploads\/2023\/01\/prestige-m8-1.jpeg?zoom=2&amp;resize=229%2C229&amp;ssl=1 458w, https:\/\/i0.wp.com\/itayachtscanada.com\/wp-content\/uploads\/2023\/01\/prestige-m8-1.jpeg?zoom=3&amp;resize=229%2C229&amp;ssl=1 687w\" width=\"229\" height=\"229\" loading=\"lazy\" data-original-width=\"229\" data-original-height=\"229\" itemprop=\"http:\/\/schema.org\/image\" title=\"prestige m8 1\" alt=\"prestige m8 1\" style=\"width: 229px; height: 229px;\" \/> <\/a> <\/div> <\/div> <\/div> <div class=\"gallery-row\" style=\"width: 700px; height: 233px;\" data-original-width=\"700\" data-original-height=\"233\" > <div class=\"gallery-group\" style=\"width: 233px; height: 233px;\" data-original-width=\"233\" data-original-height=\"233\" > <div class=\"tiled-gallery-item \" itemprop=\"associatedMedia\" itemscope itemtype=\"http:\/\/schema.org\/ImageObject\"> <a href=\"https:\/\/itayachtscanada.com\/fr\/new-catamaran-prestige-m8\/prestige-m8-3\/\" border=\"0\" itemprop=\"url\"> <meta itemprop=\"width\" content=\"229\"> <meta itemprop=\"height\" content=\"229\"> <img decoding=\"async\" class=\"\" data-attachment-id=\"94280\" data-orig-file=\"https:\/\/itayachtscanada.com\/wp-content\/uploads\/2023\/01\/prestige-m8-3.jpeg\" data-orig-size=\"1280,640\" data-comments-opened=\"1\" data-image-meta=\"{&quot;aperture&quot;:&quot;0&quot;,&quot;credit&quot;:&quot;&quot;,&quot;camera&quot;:&quot;&quot;,&quot;caption&quot;:&quot;&quot;,&quot;created_timestamp&quot;:&quot;0&quot;,&quot;copyright&quot;:&quot;&quot;,&quot;focal_length&quot;:&quot;0&quot;,&quot;iso&quot;:&quot;0&quot;,&quot;shutter_speed&quot;:&quot;0&quot;,&quot;title&quot;:&quot;&quot;,&quot;orientation&quot;:&quot;0&quot;}\" data-image-title=\"prestige m8 3\" data-image-description=\"\" data-medium-file=\"https:\/\/i0.wp.com\/itayachtscanada.com\/wp-content\/uploads\/2023\/01\/prestige-m8-3.jpeg?fit=300%2C150&#038;ssl=1\" data-large-file=\"https:\/\/i0.wp.com\/itayachtscanada.com\/wp-content\/uploads\/2023\/01\/prestige-m8-3.jpeg?fit=700%2C350&#038;ssl=1\" src=\"https:\/\/i0.wp.com\/itayachtscanada.com\/wp-content\/uploads\/2023\/01\/prestige-m8-3.jpeg?w=229&#038;h=229&#038;crop=1&#038;ssl=1\" srcset=\"https:\/\/i0.wp.com\/itayachtscanada.com\/wp-content\/uploads\/2023\/01\/prestige-m8-3.jpeg?resize=150%2C150&amp;ssl=1 150w, https:\/\/i0.wp.com\/itayachtscanada.com\/wp-content\/uploads\/2023\/01\/prestige-m8-3.jpeg?resize=60%2C60&amp;ssl=1 60w, https:\/\/i0.wp.com\/itayachtscanada.com\/wp-content\/uploads\/2023\/01\/prestige-m8-3.jpeg?resize=400%2C400&amp;ssl=1 400w, https:\/\/i0.wp.com\/itayachtscanada.com\/wp-content\/uploads\/2023\/01\/prestige-m8-3.jpeg?resize=200%2C200&amp;ssl=1 200w, https:\/\/i0.wp.com\/itayachtscanada.com\/wp-content\/uploads\/2023\/01\/prestige-m8-3.jpeg?resize=100%2C100&amp;ssl=1 100w, https:\/\/i0.wp.com\/itayachtscanada.com\/wp-content\/uploads\/2023\/01\/prestige-m8-3.jpeg?resize=50%2C50&amp;ssl=1 50w, https:\/\/i0.wp.com\/itayachtscanada.com\/wp-content\/uploads\/2023\/01\/prestige-m8-3.jpeg?zoom=2&amp;resize=229%2C229&amp;ssl=1 458w, https:\/\/i0.wp.com\/itayachtscanada.com\/wp-content\/uploads\/2023\/01\/prestige-m8-3.jpeg?zoom=3&amp;resize=229%2C229&amp;ssl=1 687w\" width=\"229\" height=\"229\" loading=\"lazy\" data-original-width=\"229\" data-original-height=\"229\" itemprop=\"http:\/\/schema.org\/image\" title=\"prestige m8 3\" alt=\"prestige m8 3\" style=\"width: 229px; height: 229px;\" \/> <\/a> <\/div> <\/div> <div class=\"gallery-group\" style=\"width: 233px; height: 233px;\" data-original-width=\"233\" data-original-height=\"233\" > <div class=\"tiled-gallery-item \" itemprop=\"associatedMedia\" itemscope itemtype=\"http:\/\/schema.org\/ImageObject\"> <a href=\"https:\/\/itayachtscanada.com\/fr\/new-catamaran-prestige-m8\/prestige-m8-2\/\" border=\"0\" itemprop=\"url\"> <meta itemprop=\"width\" content=\"229\"> <meta itemprop=\"height\" content=\"229\"> <img decoding=\"async\" class=\"\" data-attachment-id=\"94281\" data-orig-file=\"https:\/\/itayachtscanada.com\/wp-content\/uploads\/2023\/01\/prestige-m8-2.jpeg\" data-orig-size=\"1280,640\" data-comments-opened=\"1\" data-image-meta=\"{&quot;aperture&quot;:&quot;0&quot;,&quot;credit&quot;:&quot;&quot;,&quot;camera&quot;:&quot;&quot;,&quot;caption&quot;:&quot;&quot;,&quot;created_timestamp&quot;:&quot;0&quot;,&quot;copyright&quot;:&quot;&quot;,&quot;focal_length&quot;:&quot;0&quot;,&quot;iso&quot;:&quot;0&quot;,&quot;shutter_speed&quot;:&quot;0&quot;,&quot;title&quot;:&quot;&quot;,&quot;orientation&quot;:&quot;0&quot;}\" data-image-title=\"prestige m8 2\" data-image-description=\"\" data-medium-file=\"https:\/\/i0.wp.com\/itayachtscanada.com\/wp-content\/uploads\/2023\/01\/prestige-m8-2.jpeg?fit=300%2C150&#038;ssl=1\" data-large-file=\"https:\/\/i0.wp.com\/itayachtscanada.com\/wp-content\/uploads\/2023\/01\/prestige-m8-2.jpeg?fit=700%2C350&#038;ssl=1\" src=\"https:\/\/i0.wp.com\/itayachtscanada.com\/wp-content\/uploads\/2023\/01\/prestige-m8-2.jpeg?w=229&#038;h=229&#038;crop=1&#038;ssl=1\" srcset=\"https:\/\/i0.wp.com\/itayachtscanada.com\/wp-content\/uploads\/2023\/01\/prestige-m8-2.jpeg?resize=150%2C150&amp;ssl=1 150w, https:\/\/i0.wp.com\/itayachtscanada.com\/wp-content\/uploads\/2023\/01\/prestige-m8-2.jpeg?resize=60%2C60&amp;ssl=1 60w, https:\/\/i0.wp.com\/itayachtscanada.com\/wp-content\/uploads\/2023\/01\/prestige-m8-2.jpeg?resize=400%2C400&amp;ssl=1 400w, https:\/\/i0.wp.com\/itayachtscanada.com\/wp-content\/uploads\/2023\/01\/prestige-m8-2.jpeg?resize=200%2C200&amp;ssl=1 200w, https:\/\/i0.wp.com\/itayachtscanada.com\/wp-content\/uploads\/2023\/01\/prestige-m8-2.jpeg?resize=100%2C100&amp;ssl=1 100w, https:\/\/i0.wp.com\/itayachtscanada.com\/wp-content\/uploads\/2023\/01\/prestige-m8-2.jpeg?resize=50%2C50&amp;ssl=1 50w, https:\/\/i0.wp.com\/itayachtscanada.com\/wp-content\/uploads\/2023\/01\/prestige-m8-2.jpeg?zoom=2&amp;resize=229%2C229&amp;ssl=1 458w, https:\/\/i0.wp.com\/itayachtscanada.com\/wp-content\/uploads\/2023\/01\/prestige-m8-2.jpeg?zoom=3&amp;resize=229%2C229&amp;ssl=1 687w\" width=\"229\" height=\"229\" loading=\"lazy\" data-original-width=\"229\" data-original-height=\"229\" itemprop=\"http:\/\/schema.org\/image\" title=\"prestige m8 2\" alt=\"prestige m8 2\" style=\"width: 229px; height: 229px;\" \/> <\/a> <\/div> <\/div> <div class=\"gallery-group\" style=\"width: 233px; height: 233px;\" data-original-width=\"233\" data-original-height=\"233\" > <div class=\"tiled-gallery-item \" itemprop=\"associatedMedia\" itemscope itemtype=\"http:\/\/schema.org\/ImageObject\"> <a href=\"https:\/\/itayachtscanada.com\/fr\/new-catamaran-prestige-m8\/prestige-m8-5\/\" border=\"0\" itemprop=\"url\"> <meta itemprop=\"width\" content=\"229\"> <meta itemprop=\"height\" content=\"229\"> <img decoding=\"async\" class=\"\" data-attachment-id=\"94278\" data-orig-file=\"https:\/\/itayachtscanada.com\/wp-content\/uploads\/2023\/01\/prestige-m8-5.jpeg\" data-orig-size=\"1280,720\" data-comments-opened=\"1\" data-image-meta=\"{&quot;aperture&quot;:&quot;0&quot;,&quot;credit&quot;:&quot;&quot;,&quot;camera&quot;:&quot;&quot;,&quot;caption&quot;:&quot;&quot;,&quot;created_timestamp&quot;:&quot;0&quot;,&quot;copyright&quot;:&quot;&quot;,&quot;focal_length&quot;:&quot;0&quot;,&quot;iso&quot;:&quot;0&quot;,&quot;shutter_speed&quot;:&quot;0&quot;,&quot;title&quot;:&quot;&quot;,&quot;orientation&quot;:&quot;0&quot;}\" data-image-title=\"prestige m8 5\" data-image-description=\"\" data-medium-file=\"https:\/\/i0.wp.com\/itayachtscanada.com\/wp-content\/uploads\/2023\/01\/prestige-m8-5.jpeg?fit=300%2C169&#038;ssl=1\" data-large-file=\"https:\/\/i0.wp.com\/itayachtscanada.com\/wp-content\/uploads\/2023\/01\/prestige-m8-5.jpeg?fit=700%2C394&#038;ssl=1\" src=\"https:\/\/i0.wp.com\/itayachtscanada.com\/wp-content\/uploads\/2023\/01\/prestige-m8-5.jpeg?w=229&#038;h=229&#038;crop=1&#038;ssl=1\" srcset=\"https:\/\/i0.wp.com\/itayachtscanada.com\/wp-content\/uploads\/2023\/01\/prestige-m8-5.jpeg?resize=150%2C150&amp;ssl=1 150w, https:\/\/i0.wp.com\/itayachtscanada.com\/wp-content\/uploads\/2023\/01\/prestige-m8-5.jpeg?resize=60%2C60&amp;ssl=1 60w, https:\/\/i0.wp.com\/itayachtscanada.com\/wp-content\/uploads\/2023\/01\/prestige-m8-5.jpeg?resize=400%2C400&amp;ssl=1 400w, https:\/\/i0.wp.com\/itayachtscanada.com\/wp-content\/uploads\/2023\/01\/prestige-m8-5.jpeg?resize=200%2C200&amp;ssl=1 200w, https:\/\/i0.wp.com\/itayachtscanada.com\/wp-content\/uploads\/2023\/01\/prestige-m8-5.jpeg?resize=100%2C100&amp;ssl=1 100w, https:\/\/i0.wp.com\/itayachtscanada.com\/wp-content\/uploads\/2023\/01\/prestige-m8-5.jpeg?resize=50%2C50&amp;ssl=1 50w, https:\/\/i0.wp.com\/itayachtscanada.com\/wp-content\/uploads\/2023\/01\/prestige-m8-5.jpeg?zoom=2&amp;resize=229%2C229&amp;ssl=1 458w, https:\/\/i0.wp.com\/itayachtscanada.com\/wp-content\/uploads\/2023\/01\/prestige-m8-5.jpeg?zoom=3&amp;resize=229%2C229&amp;ssl=1 687w\" width=\"229\" height=\"229\" loading=\"lazy\" data-original-width=\"229\" data-original-height=\"229\" itemprop=\"http:\/\/schema.org\/image\" title=\"prestige m8 5\" alt=\"prestige m8 5\" style=\"width: 229px; height: 229px;\" \/> <\/a> <\/div> <\/div> <\/div> <div class=\"gallery-row\" style=\"width: 700px; height: 233px;\" data-original-width=\"700\" data-original-height=\"233\" > <div class=\"gallery-group\" style=\"width: 233px; height: 233px;\" data-original-width=\"233\" data-original-height=\"233\" > <div class=\"tiled-gallery-item \" itemprop=\"associatedMedia\" itemscope itemtype=\"http:\/\/schema.org\/ImageObject\"> <a href=\"https:\/\/itayachtscanada.com\/fr\/new-catamaran-prestige-m8\/capture-decran-le-2023-11-12-a-18-37-54\/\" border=\"0\" itemprop=\"url\"> <meta itemprop=\"width\" content=\"229\"> <meta itemprop=\"height\" content=\"229\"> <img decoding=\"async\" class=\"\" data-attachment-id=\"141062\" data-orig-file=\"https:\/\/itayachtscanada.com\/wp-content\/uploads\/2023\/01\/Capture-decran-le-2023-11-12-a-18.37.54.png\" data-orig-size=\"1512,1112\" data-comments-opened=\"1\" data-image-meta=\"{&quot;aperture&quot;:&quot;0&quot;,&quot;credit&quot;:&quot;&quot;,&quot;camera&quot;:&quot;&quot;,&quot;caption&quot;:&quot;&quot;,&quot;created_timestamp&quot;:&quot;0&quot;,&quot;copyright&quot;:&quot;&quot;,&quot;focal_length&quot;:&quot;0&quot;,&quot;iso&quot;:&quot;0&quot;,&quot;shutter_speed&quot;:&quot;0&quot;,&quot;title&quot;:&quot;&quot;,&quot;orientation&quot;:&quot;0&quot;}\" data-image-title=\"Capture d\u2019\u00e9cran, le 2023-11-12 \u00e0 18.37.54\" data-image-description=\"\" data-medium-file=\"https:\/\/i0.wp.com\/itayachtscanada.com\/wp-content\/uploads\/2023\/01\/Capture-decran-le-2023-11-12-a-18.37.54.png?fit=300%2C221&#038;ssl=1\" data-large-file=\"https:\/\/i0.wp.com\/itayachtscanada.com\/wp-content\/uploads\/2023\/01\/Capture-decran-le-2023-11-12-a-18.37.54.png?fit=700%2C515&#038;ssl=1\" src=\"https:\/\/i0.wp.com\/itayachtscanada.com\/wp-content\/uploads\/2023\/01\/Capture-decran-le-2023-11-12-a-18.37.54.png?w=229&#038;h=229&#038;crop=1&#038;ssl=1\" srcset=\"https:\/\/i0.wp.com\/itayachtscanada.com\/wp-content\/uploads\/2023\/01\/Capture-decran-le-2023-11-12-a-18.37.54.png?resize=150%2C150&amp;ssl=1 150w, https:\/\/i0.wp.com\/itayachtscanada.com\/wp-content\/uploads\/2023\/01\/Capture-decran-le-2023-11-12-a-18.37.54.png?resize=60%2C60&amp;ssl=1 60w, https:\/\/i0.wp.com\/itayachtscanada.com\/wp-content\/uploads\/2023\/01\/Capture-decran-le-2023-11-12-a-18.37.54.png?resize=80%2C80&amp;ssl=1 80w, https:\/\/i0.wp.com\/itayachtscanada.com\/wp-content\/uploads\/2023\/01\/Capture-decran-le-2023-11-12-a-18.37.54.png?resize=800%2C800&amp;ssl=1 800w, https:\/\/i0.wp.com\/itayachtscanada.com\/wp-content\/uploads\/2023\/01\/Capture-decran-le-2023-11-12-a-18.37.54.png?resize=600%2C600&amp;ssl=1 600w, https:\/\/i0.wp.com\/itayachtscanada.com\/wp-content\/uploads\/2023\/01\/Capture-decran-le-2023-11-12-a-18.37.54.png?resize=400%2C400&amp;ssl=1 400w, https:\/\/i0.wp.com\/itayachtscanada.com\/wp-content\/uploads\/2023\/01\/Capture-decran-le-2023-11-12-a-18.37.54.png?resize=200%2C200&amp;ssl=1 200w, https:\/\/i0.wp.com\/itayachtscanada.com\/wp-content\/uploads\/2023\/01\/Capture-decran-le-2023-11-12-a-18.37.54.png?resize=100%2C100&amp;ssl=1 100w, https:\/\/i0.wp.com\/itayachtscanada.com\/wp-content\/uploads\/2023\/01\/Capture-decran-le-2023-11-12-a-18.37.54.png?resize=50%2C50&amp;ssl=1 50w, https:\/\/i0.wp.com\/itayachtscanada.com\/wp-content\/uploads\/2023\/01\/Capture-decran-le-2023-11-12-a-18.37.54.png?zoom=2&amp;resize=229%2C229&amp;ssl=1 458w, https:\/\/i0.wp.com\/itayachtscanada.com\/wp-content\/uploads\/2023\/01\/Capture-decran-le-2023-11-12-a-18.37.54.png?zoom=3&amp;resize=229%2C229&amp;ssl=1 687w\" width=\"229\" height=\"229\" loading=\"lazy\" data-original-width=\"229\" data-original-height=\"229\" itemprop=\"http:\/\/schema.org\/image\" title=\"Capture d\u2019\u00e9cran, le 2023-11-12 \u00e0 18.37.54\" alt=\"Capture d\u2019\u00e9cran, le 2023-11-12 \u00e0 18.37.54\" style=\"width: 229px; height: 229px;\" \/> <\/a> <\/div> <\/div> <div class=\"gallery-group\" style=\"width: 233px; height: 233px;\" data-original-width=\"233\" data-original-height=\"233\" > <div class=\"tiled-gallery-item \" itemprop=\"associatedMedia\" itemscope itemtype=\"http:\/\/schema.org\/ImageObject\"> <a href=\"https:\/\/itayachtscanada.com\/fr\/new-catamaran-prestige-m8\/layout-prestige-m8-fly-11\/\" border=\"0\" itemprop=\"url\"> <meta itemprop=\"width\" content=\"229\"> <meta itemprop=\"height\" content=\"229\"> <img decoding=\"async\" class=\"\" data-attachment-id=\"94271\" data-orig-file=\"https:\/\/itayachtscanada.com\/wp-content\/uploads\/2023\/01\/Layout-Prestige-M8-fly-11.png\" data-orig-size=\"1814,672\" data-comments-opened=\"1\" data-image-meta=\"{&quot;aperture&quot;:&quot;0&quot;,&quot;credit&quot;:&quot;&quot;,&quot;camera&quot;:&quot;&quot;,&quot;caption&quot;:&quot;&quot;,&quot;created_timestamp&quot;:&quot;0&quot;,&quot;copyright&quot;:&quot;&quot;,&quot;focal_length&quot;:&quot;0&quot;,&quot;iso&quot;:&quot;0&quot;,&quot;shutter_speed&quot;:&quot;0&quot;,&quot;title&quot;:&quot;&quot;,&quot;orientation&quot;:&quot;0&quot;}\" data-image-title=\"Layout Prestige M8 fly 11\" data-image-description=\"\" data-medium-file=\"https:\/\/i0.wp.com\/itayachtscanada.com\/wp-content\/uploads\/2023\/01\/Layout-Prestige-M8-fly-11.png?fit=300%2C111&#038;ssl=1\" data-large-file=\"https:\/\/i0.wp.com\/itayachtscanada.com\/wp-content\/uploads\/2023\/01\/Layout-Prestige-M8-fly-11.png?fit=700%2C259&#038;ssl=1\" src=\"https:\/\/i0.wp.com\/itayachtscanada.com\/wp-content\/uploads\/2023\/01\/Layout-Prestige-M8-fly-11.png?w=229&#038;h=229&#038;crop=1&#038;ssl=1\" srcset=\"https:\/\/i0.wp.com\/itayachtscanada.com\/wp-content\/uploads\/2023\/01\/Layout-Prestige-M8-fly-11.png?resize=150%2C150&amp;ssl=1 150w, https:\/\/i0.wp.com\/itayachtscanada.com\/wp-content\/uploads\/2023\/01\/Layout-Prestige-M8-fly-11.png?resize=60%2C60&amp;ssl=1 60w, https:\/\/i0.wp.com\/itayachtscanada.com\/wp-content\/uploads\/2023\/01\/Layout-Prestige-M8-fly-11.png?resize=400%2C400&amp;ssl=1 400w, https:\/\/i0.wp.com\/itayachtscanada.com\/wp-content\/uploads\/2023\/01\/Layout-Prestige-M8-fly-11.png?resize=200%2C200&amp;ssl=1 200w, https:\/\/i0.wp.com\/itayachtscanada.com\/wp-content\/uploads\/2023\/01\/Layout-Prestige-M8-fly-11.png?resize=100%2C100&amp;ssl=1 100w, https:\/\/i0.wp.com\/itayachtscanada.com\/wp-content\/uploads\/2023\/01\/Layout-Prestige-M8-fly-11.png?resize=50%2C50&amp;ssl=1 50w, https:\/\/i0.wp.com\/itayachtscanada.com\/wp-content\/uploads\/2023\/01\/Layout-Prestige-M8-fly-11.png?zoom=2&amp;resize=229%2C229&amp;ssl=1 458w, https:\/\/i0.wp.com\/itayachtscanada.com\/wp-content\/uploads\/2023\/01\/Layout-Prestige-M8-fly-11.png?zoom=3&amp;resize=229%2C229&amp;ssl=1 687w\" width=\"229\" height=\"229\" loading=\"lazy\" data-original-width=\"229\" data-original-height=\"229\" itemprop=\"http:\/\/schema.org\/image\" title=\"Layout Prestige M8 fly 11\" alt=\"Layout Prestige M8 fly 11\" style=\"width: 229px; height: 229px;\" \/> <\/a> <\/div> <\/div> <div class=\"gallery-group\" style=\"width: 233px; height: 233px;\" data-original-width=\"233\" data-original-height=\"233\" > <div class=\"tiled-gallery-item \" itemprop=\"associatedMedia\" itemscope itemtype=\"http:\/\/schema.org\/ImageObject\"> <a href=\"https:\/\/itayachtscanada.com\/fr\/new-catamaran-prestige-m8\/prestige-m8-layout-fly\/\" border=\"0\" itemprop=\"url\"> <meta itemprop=\"width\" content=\"229\"> <meta itemprop=\"height\" content=\"229\"> <img decoding=\"async\" class=\"\" data-attachment-id=\"94270\" data-orig-file=\"https:\/\/itayachtscanada.com\/wp-content\/uploads\/2023\/01\/Prestige-M8-Layout-fly.jpeg\" data-orig-size=\"1280,640\" data-comments-opened=\"1\" data-image-meta=\"{&quot;aperture&quot;:&quot;0&quot;,&quot;credit&quot;:&quot;&quot;,&quot;camera&quot;:&quot;&quot;,&quot;caption&quot;:&quot;&quot;,&quot;created_timestamp&quot;:&quot;0&quot;,&quot;copyright&quot;:&quot;&quot;,&quot;focal_length&quot;:&quot;0&quot;,&quot;iso&quot;:&quot;0&quot;,&quot;shutter_speed&quot;:&quot;0&quot;,&quot;title&quot;:&quot;&quot;,&quot;orientation&quot;:&quot;0&quot;}\" data-image-title=\"Prestige M8 Layout fly\" data-image-description=\"\" data-medium-file=\"https:\/\/i0.wp.com\/itayachtscanada.com\/wp-content\/uploads\/2023\/01\/Prestige-M8-Layout-fly.jpeg?fit=300%2C150&#038;ssl=1\" data-large-file=\"https:\/\/i0.wp.com\/itayachtscanada.com\/wp-content\/uploads\/2023\/01\/Prestige-M8-Layout-fly.jpeg?fit=700%2C350&#038;ssl=1\" src=\"https:\/\/i0.wp.com\/itayachtscanada.com\/wp-content\/uploads\/2023\/01\/Prestige-M8-Layout-fly.jpeg?w=229&#038;h=229&#038;crop=1&#038;ssl=1\" srcset=\"https:\/\/i0.wp.com\/itayachtscanada.com\/wp-content\/uploads\/2023\/01\/Prestige-M8-Layout-fly.jpeg?resize=150%2C150&amp;ssl=1 150w, https:\/\/i0.wp.com\/itayachtscanada.com\/wp-content\/uploads\/2023\/01\/Prestige-M8-Layout-fly.jpeg?resize=60%2C60&amp;ssl=1 60w, https:\/\/i0.wp.com\/itayachtscanada.com\/wp-content\/uploads\/2023\/01\/Prestige-M8-Layout-fly.jpeg?resize=400%2C400&amp;ssl=1 400w, https:\/\/i0.wp.com\/itayachtscanada.com\/wp-content\/uploads\/2023\/01\/Prestige-M8-Layout-fly.jpeg?resize=200%2C200&amp;ssl=1 200w, https:\/\/i0.wp.com\/itayachtscanada.com\/wp-content\/uploads\/2023\/01\/Prestige-M8-Layout-fly.jpeg?resize=100%2C100&amp;ssl=1 100w, https:\/\/i0.wp.com\/itayachtscanada.com\/wp-content\/uploads\/2023\/01\/Prestige-M8-Layout-fly.jpeg?resize=50%2C50&amp;ssl=1 50w, https:\/\/i0.wp.com\/itayachtscanada.com\/wp-content\/uploads\/2023\/01\/Prestige-M8-Layout-fly.jpeg?zoom=2&amp;resize=229%2C229&amp;ssl=1 458w, https:\/\/i0.wp.com\/itayachtscanada.com\/wp-content\/uploads\/2023\/01\/Prestige-M8-Layout-fly.jpeg?zoom=3&amp;resize=229%2C229&amp;ssl=1 687w\" width=\"229\" height=\"229\" loading=\"lazy\" data-original-width=\"229\" data-original-height=\"229\" itemprop=\"http:\/\/schema.org\/image\" title=\"Prestige M8 Layout fly\" alt=\"Prestige M8 Layout fly\" style=\"width: 229px; height: 229px;\" \/> <\/a> <\/div> <\/div> <\/div> <div class=\"gallery-row\" style=\"width: 700px; height: 233px;\" data-original-width=\"700\" data-original-height=\"233\" > <div class=\"gallery-group\" style=\"width: 233px; height: 233px;\" data-original-width=\"233\" data-original-height=\"233\" > <div class=\"tiled-gallery-item \" itemprop=\"associatedMedia\" itemscope itemtype=\"http:\/\/schema.org\/ImageObject\"> <a href=\"https:\/\/itayachtscanada.com\/fr\/new-catamaran-prestige-m8\/layout-prestige-m8-main-deck-2\/\" border=\"0\" itemprop=\"url\"> <meta itemprop=\"width\" content=\"229\"> <meta itemprop=\"height\" content=\"229\"> <img decoding=\"async\" class=\"\" data-attachment-id=\"94265\" data-orig-file=\"https:\/\/itayachtscanada.com\/wp-content\/uploads\/2023\/01\/layout-Prestige-M8-main-deck-2.jpeg\" data-orig-size=\"1280,640\" data-comments-opened=\"1\" data-image-meta=\"{&quot;aperture&quot;:&quot;0&quot;,&quot;credit&quot;:&quot;&quot;,&quot;camera&quot;:&quot;&quot;,&quot;caption&quot;:&quot;&quot;,&quot;created_timestamp&quot;:&quot;0&quot;,&quot;copyright&quot;:&quot;&quot;,&quot;focal_length&quot;:&quot;0&quot;,&quot;iso&quot;:&quot;0&quot;,&quot;shutter_speed&quot;:&quot;0&quot;,&quot;title&quot;:&quot;&quot;,&quot;orientation&quot;:&quot;0&quot;}\" data-image-title=\"layout Prestige M8 main deck 2\" data-image-description=\"\" data-medium-file=\"https:\/\/i0.wp.com\/itayachtscanada.com\/wp-content\/uploads\/2023\/01\/layout-Prestige-M8-main-deck-2.jpeg?fit=300%2C150&#038;ssl=1\" data-large-file=\"https:\/\/i0.wp.com\/itayachtscanada.com\/wp-content\/uploads\/2023\/01\/layout-Prestige-M8-main-deck-2.jpeg?fit=700%2C350&#038;ssl=1\" src=\"https:\/\/i0.wp.com\/itayachtscanada.com\/wp-content\/uploads\/2023\/01\/layout-Prestige-M8-main-deck-2.jpeg?w=229&#038;h=229&#038;crop=1&#038;ssl=1\" srcset=\"https:\/\/i0.wp.com\/itayachtscanada.com\/wp-content\/uploads\/2023\/01\/layout-Prestige-M8-main-deck-2.jpeg?resize=150%2C150&amp;ssl=1 150w, https:\/\/i0.wp.com\/itayachtscanada.com\/wp-content\/uploads\/2023\/01\/layout-Prestige-M8-main-deck-2.jpeg?resize=60%2C60&amp;ssl=1 60w, https:\/\/i0.wp.com\/itayachtscanada.com\/wp-content\/uploads\/2023\/01\/layout-Prestige-M8-main-deck-2.jpeg?resize=400%2C400&amp;ssl=1 400w, https:\/\/i0.wp.com\/itayachtscanada.com\/wp-content\/uploads\/2023\/01\/layout-Prestige-M8-main-deck-2.jpeg?resize=200%2C200&amp;ssl=1 200w, https:\/\/i0.wp.com\/itayachtscanada.com\/wp-content\/uploads\/2023\/01\/layout-Prestige-M8-main-deck-2.jpeg?resize=100%2C100&amp;ssl=1 100w, https:\/\/i0.wp.com\/itayachtscanada.com\/wp-content\/uploads\/2023\/01\/layout-Prestige-M8-main-deck-2.jpeg?resize=50%2C50&amp;ssl=1 50w, https:\/\/i0.wp.com\/itayachtscanada.com\/wp-content\/uploads\/2023\/01\/layout-Prestige-M8-main-deck-2.jpeg?zoom=2&amp;resize=229%2C229&amp;ssl=1 458w, https:\/\/i0.wp.com\/itayachtscanada.com\/wp-content\/uploads\/2023\/01\/layout-Prestige-M8-main-deck-2.jpeg?zoom=3&amp;resize=229%2C229&amp;ssl=1 687w\" width=\"229\" height=\"229\" loading=\"lazy\" data-original-width=\"229\" data-original-height=\"229\" itemprop=\"http:\/\/schema.org\/image\" title=\"layout Prestige M8 main deck 2\" alt=\"layout Prestige M8 main deck 2\" style=\"width: 229px; height: 229px;\" \/> <\/a> <\/div> <\/div> <div class=\"gallery-group\" style=\"width: 233px; height: 233px;\" data-original-width=\"233\" data-original-height=\"233\" > <div class=\"tiled-gallery-item \" itemprop=\"associatedMedia\" itemscope itemtype=\"http:\/\/schema.org\/ImageObject\"> <a href=\"https:\/\/itayachtscanada.com\/fr\/new-catamaran-prestige-m8\/layout-prestige-m8-main-deck-1\/\" border=\"0\" itemprop=\"url\"> <meta itemprop=\"width\" content=\"229\"> <meta itemprop=\"height\" content=\"229\"> <img decoding=\"async\" class=\"\" data-attachment-id=\"94266\" data-orig-file=\"https:\/\/itayachtscanada.com\/wp-content\/uploads\/2023\/01\/layout-Prestige-M8-main-deck-1.jpeg\" data-orig-size=\"1280,640\" data-comments-opened=\"1\" data-image-meta=\"{&quot;aperture&quot;:&quot;0&quot;,&quot;credit&quot;:&quot;&quot;,&quot;camera&quot;:&quot;&quot;,&quot;caption&quot;:&quot;&quot;,&quot;created_timestamp&quot;:&quot;0&quot;,&quot;copyright&quot;:&quot;&quot;,&quot;focal_length&quot;:&quot;0&quot;,&quot;iso&quot;:&quot;0&quot;,&quot;shutter_speed&quot;:&quot;0&quot;,&quot;title&quot;:&quot;&quot;,&quot;orientation&quot;:&quot;0&quot;}\" data-image-title=\"layout Prestige M8 main deck 1\" data-image-description=\"\" data-medium-file=\"https:\/\/i0.wp.com\/itayachtscanada.com\/wp-content\/uploads\/2023\/01\/layout-Prestige-M8-main-deck-1.jpeg?fit=300%2C150&#038;ssl=1\" data-large-file=\"https:\/\/i0.wp.com\/itayachtscanada.com\/wp-content\/uploads\/2023\/01\/layout-Prestige-M8-main-deck-1.jpeg?fit=700%2C350&#038;ssl=1\" src=\"https:\/\/i0.wp.com\/itayachtscanada.com\/wp-content\/uploads\/2023\/01\/layout-Prestige-M8-main-deck-1.jpeg?w=229&#038;h=229&#038;crop=1&#038;ssl=1\" srcset=\"https:\/\/i0.wp.com\/itayachtscanada.com\/wp-content\/uploads\/2023\/01\/layout-Prestige-M8-main-deck-1.jpeg?resize=150%2C150&amp;ssl=1 150w, https:\/\/i0.wp.com\/itayachtscanada.com\/wp-content\/uploads\/2023\/01\/layout-Prestige-M8-main-deck-1.jpeg?resize=60%2C60&amp;ssl=1 60w, https:\/\/i0.wp.com\/itayachtscanada.com\/wp-content\/uploads\/2023\/01\/layout-Prestige-M8-main-deck-1.jpeg?resize=400%2C400&amp;ssl=1 400w, https:\/\/i0.wp.com\/itayachtscanada.com\/wp-content\/uploads\/2023\/01\/layout-Prestige-M8-main-deck-1.jpeg?resize=200%2C200&amp;ssl=1 200w, https:\/\/i0.wp.com\/itayachtscanada.com\/wp-content\/uploads\/2023\/01\/layout-Prestige-M8-main-deck-1.jpeg?resize=100%2C100&amp;ssl=1 100w, https:\/\/i0.wp.com\/itayachtscanada.com\/wp-content\/uploads\/2023\/01\/layout-Prestige-M8-main-deck-1.jpeg?resize=50%2C50&amp;ssl=1 50w, https:\/\/i0.wp.com\/itayachtscanada.com\/wp-content\/uploads\/2023\/01\/layout-Prestige-M8-main-deck-1.jpeg?zoom=2&amp;resize=229%2C229&amp;ssl=1 458w, https:\/\/i0.wp.com\/itayachtscanada.com\/wp-content\/uploads\/2023\/01\/layout-Prestige-M8-main-deck-1.jpeg?zoom=3&amp;resize=229%2C229&amp;ssl=1 687w\" width=\"229\" height=\"229\" loading=\"lazy\" data-original-width=\"229\" data-original-height=\"229\" itemprop=\"http:\/\/schema.org\/image\" title=\"layout Prestige M8 main deck 1\" alt=\"layout Prestige M8 main deck 1\" style=\"width: 229px; height: 229px;\" \/> <\/a> <\/div> <\/div> <div class=\"gallery-group\" style=\"width: 233px; height: 233px;\" data-original-width=\"233\" data-original-height=\"233\" > <div class=\"tiled-gallery-item \" itemprop=\"associatedMedia\" itemscope itemtype=\"http:\/\/schema.org\/ImageObject\"> <a href=\"https:\/\/itayachtscanada.com\/fr\/new-catamaran-prestige-m8\/layout-prestige-m8-lower-deck-3\/\" border=\"0\" itemprop=\"url\"> <meta itemprop=\"width\" content=\"229\"> <meta itemprop=\"height\" content=\"229\"> <img decoding=\"async\" class=\"\" data-attachment-id=\"94267\" data-orig-file=\"https:\/\/itayachtscanada.com\/wp-content\/uploads\/2023\/01\/layout-Prestige-M8-lower-deck-3.jpeg\" data-orig-size=\"1280,640\" data-comments-opened=\"1\" data-image-meta=\"{&quot;aperture&quot;:&quot;0&quot;,&quot;credit&quot;:&quot;&quot;,&quot;camera&quot;:&quot;&quot;,&quot;caption&quot;:&quot;&quot;,&quot;created_timestamp&quot;:&quot;0&quot;,&quot;copyright&quot;:&quot;&quot;,&quot;focal_length&quot;:&quot;0&quot;,&quot;iso&quot;:&quot;0&quot;,&quot;shutter_speed&quot;:&quot;0&quot;,&quot;title&quot;:&quot;&quot;,&quot;orientation&quot;:&quot;0&quot;}\" data-image-title=\"layout Prestige M8 lower deck 3\" data-image-description=\"\" data-medium-file=\"https:\/\/i0.wp.com\/itayachtscanada.com\/wp-content\/uploads\/2023\/01\/layout-Prestige-M8-lower-deck-3.jpeg?fit=300%2C150&#038;ssl=1\" data-large-file=\"https:\/\/i0.wp.com\/itayachtscanada.com\/wp-content\/uploads\/2023\/01\/layout-Prestige-M8-lower-deck-3.jpeg?fit=700%2C350&#038;ssl=1\" src=\"https:\/\/i0.wp.com\/itayachtscanada.com\/wp-content\/uploads\/2023\/01\/layout-Prestige-M8-lower-deck-3.jpeg?w=229&#038;h=229&#038;crop=1&#038;ssl=1\" srcset=\"https:\/\/i0.wp.com\/itayachtscanada.com\/wp-content\/uploads\/2023\/01\/layout-Prestige-M8-lower-deck-3.jpeg?resize=150%2C150&amp;ssl=1 150w, https:\/\/i0.wp.com\/itayachtscanada.com\/wp-content\/uploads\/2023\/01\/layout-Prestige-M8-lower-deck-3.jpeg?resize=60%2C60&amp;ssl=1 60w, https:\/\/i0.wp.com\/itayachtscanada.com\/wp-content\/uploads\/2023\/01\/layout-Prestige-M8-lower-deck-3.jpeg?resize=400%2C400&amp;ssl=1 400w, https:\/\/i0.wp.com\/itayachtscanada.com\/wp-content\/uploads\/2023\/01\/layout-Prestige-M8-lower-deck-3.jpeg?resize=200%2C200&amp;ssl=1 200w, https:\/\/i0.wp.com\/itayachtscanada.com\/wp-content\/uploads\/2023\/01\/layout-Prestige-M8-lower-deck-3.jpeg?resize=100%2C100&amp;ssl=1 100w, https:\/\/i0.wp.com\/itayachtscanada.com\/wp-content\/uploads\/2023\/01\/layout-Prestige-M8-lower-deck-3.jpeg?resize=50%2C50&amp;ssl=1 50w, https:\/\/i0.wp.com\/itayachtscanada.com\/wp-content\/uploads\/2023\/01\/layout-Prestige-M8-lower-deck-3.jpeg?zoom=2&amp;resize=229%2C229&amp;ssl=1 458w, https:\/\/i0.wp.com\/itayachtscanada.com\/wp-content\/uploads\/2023\/01\/layout-Prestige-M8-lower-deck-3.jpeg?zoom=3&amp;resize=229%2C229&amp;ssl=1 687w\" width=\"229\" height=\"229\" loading=\"lazy\" data-original-width=\"229\" data-original-height=\"229\" itemprop=\"http:\/\/schema.org\/image\" title=\"layout Prestige M8 lower deck 3\" alt=\"layout Prestige M8 lower deck 3\" style=\"width: 229px; height: 229px;\" \/> <\/a> <\/div> <\/div> <\/div> <div class=\"gallery-row\" style=\"width: 700px; height: 233px;\" data-original-width=\"700\" data-original-height=\"233\" > <div class=\"gallery-group\" style=\"width: 233px; height: 233px;\" data-original-width=\"233\" data-original-height=\"233\" > <div class=\"tiled-gallery-item \" itemprop=\"associatedMedia\" itemscope itemtype=\"http:\/\/schema.org\/ImageObject\"> <a href=\"https:\/\/itayachtscanada.com\/fr\/new-catamaran-prestige-m8\/layout-prestige-m8-lower-deck-2\/\" border=\"0\" itemprop=\"url\"> <meta itemprop=\"width\" content=\"229\"> <meta itemprop=\"height\" content=\"229\"> <img decoding=\"async\" class=\"\" data-attachment-id=\"94268\" data-orig-file=\"https:\/\/itayachtscanada.com\/wp-content\/uploads\/2023\/01\/Layout-Prestige-M8-lower-deck-2.jpeg\" data-orig-size=\"1280,640\" data-comments-opened=\"1\" data-image-meta=\"{&quot;aperture&quot;:&quot;0&quot;,&quot;credit&quot;:&quot;&quot;,&quot;camera&quot;:&quot;&quot;,&quot;caption&quot;:&quot;&quot;,&quot;created_timestamp&quot;:&quot;0&quot;,&quot;copyright&quot;:&quot;&quot;,&quot;focal_length&quot;:&quot;0&quot;,&quot;iso&quot;:&quot;0&quot;,&quot;shutter_speed&quot;:&quot;0&quot;,&quot;title&quot;:&quot;&quot;,&quot;orientation&quot;:&quot;0&quot;}\" data-image-title=\"Layout Prestige M8 lower deck 2\" data-image-description=\"\" data-medium-file=\"https:\/\/i0.wp.com\/itayachtscanada.com\/wp-content\/uploads\/2023\/01\/Layout-Prestige-M8-lower-deck-2.jpeg?fit=300%2C150&#038;ssl=1\" data-large-file=\"https:\/\/i0.wp.com\/itayachtscanada.com\/wp-content\/uploads\/2023\/01\/Layout-Prestige-M8-lower-deck-2.jpeg?fit=700%2C350&#038;ssl=1\" src=\"https:\/\/i0.wp.com\/itayachtscanada.com\/wp-content\/uploads\/2023\/01\/Layout-Prestige-M8-lower-deck-2.jpeg?w=229&#038;h=229&#038;crop=1&#038;ssl=1\" srcset=\"https:\/\/i0.wp.com\/itayachtscanada.com\/wp-content\/uploads\/2023\/01\/Layout-Prestige-M8-lower-deck-2.jpeg?resize=150%2C150&amp;ssl=1 150w, https:\/\/i0.wp.com\/itayachtscanada.com\/wp-content\/uploads\/2023\/01\/Layout-Prestige-M8-lower-deck-2.jpeg?resize=60%2C60&amp;ssl=1 60w, https:\/\/i0.wp.com\/itayachtscanada.com\/wp-content\/uploads\/2023\/01\/Layout-Prestige-M8-lower-deck-2.jpeg?resize=400%2C400&amp;ssl=1 400w, https:\/\/i0.wp.com\/itayachtscanada.com\/wp-content\/uploads\/2023\/01\/Layout-Prestige-M8-lower-deck-2.jpeg?resize=200%2C200&amp;ssl=1 200w, https:\/\/i0.wp.com\/itayachtscanada.com\/wp-content\/uploads\/2023\/01\/Layout-Prestige-M8-lower-deck-2.jpeg?resize=100%2C100&amp;ssl=1 100w, https:\/\/i0.wp.com\/itayachtscanada.com\/wp-content\/uploads\/2023\/01\/Layout-Prestige-M8-lower-deck-2.jpeg?resize=50%2C50&amp;ssl=1 50w, https:\/\/i0.wp.com\/itayachtscanada.com\/wp-content\/uploads\/2023\/01\/Layout-Prestige-M8-lower-deck-2.jpeg?zoom=2&amp;resize=229%2C229&amp;ssl=1 458w, https:\/\/i0.wp.com\/itayachtscanada.com\/wp-content\/uploads\/2023\/01\/Layout-Prestige-M8-lower-deck-2.jpeg?zoom=3&amp;resize=229%2C229&amp;ssl=1 687w\" width=\"229\" height=\"229\" loading=\"lazy\" data-original-width=\"229\" data-original-height=\"229\" itemprop=\"http:\/\/schema.org\/image\" title=\"Layout Prestige M8 lower deck 2\" alt=\"Layout Prestige M8 lower deck 2\" style=\"width: 229px; height: 229px;\" \/> <\/a> <\/div> <\/div> <div class=\"gallery-group\" style=\"width: 233px; height: 233px;\" data-original-width=\"233\" data-original-height=\"233\" > <div class=\"tiled-gallery-item \" itemprop=\"associatedMedia\" itemscope itemtype=\"http:\/\/schema.org\/ImageObject\"> <a href=\"https:\/\/itayachtscanada.com\/fr\/new-catamaran-prestige-m8\/layout-prestige-m8-lower-deck-1\/\" border=\"0\" itemprop=\"url\"> <meta itemprop=\"width\" content=\"229\"> <meta itemprop=\"height\" content=\"229\"> <img decoding=\"async\" class=\"\" data-attachment-id=\"94269\" data-orig-file=\"https:\/\/itayachtscanada.com\/wp-content\/uploads\/2023\/01\/Layout-Prestige-M8-lower-deck-1.jpeg\" data-orig-size=\"1280,640\" data-comments-opened=\"1\" data-image-meta=\"{&quot;aperture&quot;:&quot;0&quot;,&quot;credit&quot;:&quot;&quot;,&quot;camera&quot;:&quot;&quot;,&quot;caption&quot;:&quot;&quot;,&quot;created_timestamp&quot;:&quot;0&quot;,&quot;copyright&quot;:&quot;&quot;,&quot;focal_length&quot;:&quot;0&quot;,&quot;iso&quot;:&quot;0&quot;,&quot;shutter_speed&quot;:&quot;0&quot;,&quot;title&quot;:&quot;&quot;,&quot;orientation&quot;:&quot;0&quot;}\" data-image-title=\"Layout Prestige M8 lower deck 1\" data-image-description=\"\" data-medium-file=\"https:\/\/i0.wp.com\/itayachtscanada.com\/wp-content\/uploads\/2023\/01\/Layout-Prestige-M8-lower-deck-1.jpeg?fit=300%2C150&#038;ssl=1\" data-large-file=\"https:\/\/i0.wp.com\/itayachtscanada.com\/wp-content\/uploads\/2023\/01\/Layout-Prestige-M8-lower-deck-1.jpeg?fit=700%2C350&#038;ssl=1\" src=\"https:\/\/i0.wp.com\/itayachtscanada.com\/wp-content\/uploads\/2023\/01\/Layout-Prestige-M8-lower-deck-1.jpeg?w=229&#038;h=229&#038;crop=1&#038;ssl=1\" srcset=\"https:\/\/i0.wp.com\/itayachtscanada.com\/wp-content\/uploads\/2023\/01\/Layout-Prestige-M8-lower-deck-1.jpeg?resize=150%2C150&amp;ssl=1 150w, https:\/\/i0.wp.com\/itayachtscanada.com\/wp-content\/uploads\/2023\/01\/Layout-Prestige-M8-lower-deck-1.jpeg?resize=60%2C60&amp;ssl=1 60w, https:\/\/i0.wp.com\/itayachtscanada.com\/wp-content\/uploads\/2023\/01\/Layout-Prestige-M8-lower-deck-1.jpeg?resize=400%2C400&amp;ssl=1 400w, https:\/\/i0.wp.com\/itayachtscanada.com\/wp-content\/uploads\/2023\/01\/Layout-Prestige-M8-lower-deck-1.jpeg?resize=200%2C200&amp;ssl=1 200w, https:\/\/i0.wp.com\/itayachtscanada.com\/wp-content\/uploads\/2023\/01\/Layout-Prestige-M8-lower-deck-1.jpeg?resize=100%2C100&amp;ssl=1 100w, https:\/\/i0.wp.com\/itayachtscanada.com\/wp-content\/uploads\/2023\/01\/Layout-Prestige-M8-lower-deck-1.jpeg?resize=50%2C50&amp;ssl=1 50w, https:\/\/i0.wp.com\/itayachtscanada.com\/wp-content\/uploads\/2023\/01\/Layout-Prestige-M8-lower-deck-1.jpeg?zoom=2&amp;resize=229%2C229&amp;ssl=1 458w, https:\/\/i0.wp.com\/itayachtscanada.com\/wp-content\/uploads\/2023\/01\/Layout-Prestige-M8-lower-deck-1.jpeg?zoom=3&amp;resize=229%2C229&amp;ssl=1 687w\" width=\"229\" height=\"229\" loading=\"lazy\" data-original-width=\"229\" data-original-height=\"229\" itemprop=\"http:\/\/schema.org\/image\" title=\"Layout Prestige M8 lower deck 1\" alt=\"Layout Prestige M8 lower deck 1\" style=\"width: 229px; height: 229px;\" \/> <\/a> <\/div> <\/div> <div class=\"gallery-group\" style=\"width: 233px; height: 233px;\" data-original-width=\"233\" data-original-height=\"233\" > <div class=\"tiled-gallery-item \" itemprop=\"associatedMedia\" itemscope itemtype=\"http:\/\/schema.org\/ImageObject\"> <a href=\"https:\/\/itayachtscanada.com\/fr\/new-catamaran-prestige-m8\/capture-decran-le-2023-11-12-a-18-36-44\/\" border=\"0\" itemprop=\"url\"> <meta itemprop=\"width\" content=\"229\"> <meta itemprop=\"height\" content=\"229\"> <img decoding=\"async\" class=\"\" data-attachment-id=\"141065\" data-orig-file=\"https:\/\/itayachtscanada.com\/wp-content\/uploads\/2023\/01\/Capture-decran-le-2023-11-12-a-18.36.44.png\" data-orig-size=\"1650,1256\" data-comments-opened=\"1\" data-image-meta=\"{&quot;aperture&quot;:&quot;0&quot;,&quot;credit&quot;:&quot;&quot;,&quot;camera&quot;:&quot;&quot;,&quot;caption&quot;:&quot;&quot;,&quot;created_timestamp&quot;:&quot;0&quot;,&quot;copyright&quot;:&quot;&quot;,&quot;focal_length&quot;:&quot;0&quot;,&quot;iso&quot;:&quot;0&quot;,&quot;shutter_speed&quot;:&quot;0&quot;,&quot;title&quot;:&quot;&quot;,&quot;orientation&quot;:&quot;0&quot;}\" data-image-title=\"Capture d\u2019\u00e9cran, le 2023-11-12 \u00e0 18.36.44\" data-image-description=\"\" data-medium-file=\"https:\/\/i0.wp.com\/itayachtscanada.com\/wp-content\/uploads\/2023\/01\/Capture-decran-le-2023-11-12-a-18.36.44.png?fit=300%2C228&#038;ssl=1\" data-large-file=\"https:\/\/i0.wp.com\/itayachtscanada.com\/wp-content\/uploads\/2023\/01\/Capture-decran-le-2023-11-12-a-18.36.44.png?fit=700%2C533&#038;ssl=1\" src=\"https:\/\/i0.wp.com\/itayachtscanada.com\/wp-content\/uploads\/2023\/01\/Capture-decran-le-2023-11-12-a-18.36.44.png?w=229&#038;h=229&#038;crop=1&#038;ssl=1\" srcset=\"https:\/\/i0.wp.com\/itayachtscanada.com\/wp-content\/uploads\/2023\/01\/Capture-decran-le-2023-11-12-a-18.36.44.png?resize=150%2C150&amp;ssl=1 150w, https:\/\/i0.wp.com\/itayachtscanada.com\/wp-content\/uploads\/2023\/01\/Capture-decran-le-2023-11-12-a-18.36.44.png?resize=60%2C60&amp;ssl=1 60w, https:\/\/i0.wp.com\/itayachtscanada.com\/wp-content\/uploads\/2023\/01\/Capture-decran-le-2023-11-12-a-18.36.44.png?resize=80%2C80&amp;ssl=1 80w, https:\/\/i0.wp.com\/itayachtscanada.com\/wp-content\/uploads\/2023\/01\/Capture-decran-le-2023-11-12-a-18.36.44.png?resize=1200%2C1200&amp;ssl=1 1200w, https:\/\/i0.wp.com\/itayachtscanada.com\/wp-content\/uploads\/2023\/01\/Capture-decran-le-2023-11-12-a-18.36.44.png?resize=800%2C800&amp;ssl=1 800w, https:\/\/i0.wp.com\/itayachtscanada.com\/wp-content\/uploads\/2023\/01\/Capture-decran-le-2023-11-12-a-18.36.44.png?resize=600%2C600&amp;ssl=1 600w, https:\/\/i0.wp.com\/itayachtscanada.com\/wp-content\/uploads\/2023\/01\/Capture-decran-le-2023-11-12-a-18.36.44.png?resize=400%2C400&amp;ssl=1 400w, https:\/\/i0.wp.com\/itayachtscanada.com\/wp-content\/uploads\/2023\/01\/Capture-decran-le-2023-11-12-a-18.36.44.png?resize=200%2C200&amp;ssl=1 200w, https:\/\/i0.wp.com\/itayachtscanada.com\/wp-content\/uploads\/2023\/01\/Capture-decran-le-2023-11-12-a-18.36.44.png?resize=100%2C100&amp;ssl=1 100w, https:\/\/i0.wp.com\/itayachtscanada.com\/wp-content\/uploads\/2023\/01\/Capture-decran-le-2023-11-12-a-18.36.44.png?resize=50%2C50&amp;ssl=1 50w, https:\/\/i0.wp.com\/itayachtscanada.com\/wp-content\/uploads\/2023\/01\/Capture-decran-le-2023-11-12-a-18.36.44.png?zoom=2&amp;resize=229%2C229&amp;ssl=1 458w, https:\/\/i0.wp.com\/itayachtscanada.com\/wp-content\/uploads\/2023\/01\/Capture-decran-le-2023-11-12-a-18.36.44.png?zoom=3&amp;resize=229%2C229&amp;ssl=1 687w\" width=\"229\" height=\"229\" loading=\"lazy\" data-original-width=\"229\" data-original-height=\"229\" itemprop=\"http:\/\/schema.org\/image\" title=\"Capture d\u2019\u00e9cran, le 2023-11-12 \u00e0 18.36.44\" alt=\"Capture d\u2019\u00e9cran, le 2023-11-12 \u00e0 18.36.44\" style=\"width: 229px; height: 229px;\" \/> <\/a> <\/div> <\/div> <\/div> <\/div>\n<p>&nbsp;<\/p>\n<div>\n<p>&nbsp;<\/p>\n<div>\n<p><a name=\"OLE_LINK1\"><\/a><a name=\"OLE_LINK2\"><\/a><b>Clause de non-responsabilit\u00e9<\/b><\/p>\n<\/div>\n<div>\n<p><b>Ita Yachts Canada\u00a0offrent les informations relatives \u00e0 ce navire de bonne foi mais n\u2019est pas en mesure de garantir l\u2019exactitude de ces informations ni l\u2019\u00e9tat du navire. Il revient \u00e0 l\u2019acheteur d\u2019instruire ses agents ou ses experts afin de v\u00e9rifier et de faire valider les informations de son choix. Ce navire est peut-\u00eatre offert sous r\u00e9serve, il faut v\u00e9rifier sa disponibilit\u00e9. Ce bateau est peut-\u00eatre offert en partenariat avec un autre courtier.<\/b><\/p>\n<\/div>\n<p>&nbsp;<\/p>\n<div data-test='contact-form'\n\t\t\tid='contact-form-94262'\n\t\t\tclass='jetpack-contact-form-container '\n\t\t\tdata-wp-interactive='jetpack\/form' data-wp-context='{\"formId\":\"94262\",\"formHash\":\"af4ffc78bbd08915a9df9323d65a725d24a07066\",\"showErrors\":false,\"errors\":[],\"fields\":[],\"isMultiStep\":false,\"useAjax\":false,\"submissionData\":null,\"formattedSubmissionData\":[],\"submissionSuccess\":false,\"submissionError\":null,\"elementId\":\"jp-form-af4ffc78bbd08915a9df9323d65a725d24a07066\",\"isSingleInputForm\":false,\"isForcedHorizontal\":false}'\n\t\t\tdata-wp-watch--scroll-to-wrapper=\"callbacks.scrollToWrapper\"\n\t\t>\n<div class=\"contact-form-submission contact-form-ajax-submission\" data-wp-bind--aria-hidden=\"state.isSuccessMessageAriaHidden\" data-wp-class--submission-success=\"context.submissionSuccess\" id=\"contact-form-success-af4ffc78bbd08915a9df9323d65a725d24a07066\" tabindex=\"-1\" aria-labelledby=\"contact-form-success-header-af4ffc78bbd08915a9df9323d65a725d24a07066\"><p class=\"go-back-message\"><a class=\"link\" role=\"button\" tabindex=\"0\" data-wp-on--click=\"actions.goBack\" href=\"\/fr\/wp-json\/wp\/v2\/posts\/94262\">\u2190 Retour<\/a><\/p><h4 data-wp-bind--aria-hidden=\"state.isSuccessMessageAriaHidden\" id=\"contact-form-success-header-af4ffc78bbd08915a9df9323d65a725d24a07066\">Merci pour votre r\u00e9ponse. \u2728<\/h4>\n\n<template data-wp-each--submission=\"context.formattedSubmissionData\">\n\t\t\t\t\t<div class=\"jetpack_forms_contact-form-success-summary\">\n\t\t\t\t\t\t<div class=\"field-name-wrapper\">\n\t\t\t\t\t\t\t<div class=\"field-type-icon\" data-wp-watch=\"callbacks.watchFieldTypeIcon\"><\/div>\n\t\t\t\t\t\t\t<div class=\"field-name\" data-wp-text=\"context.submission.label\" data-wp-bind--hidden=\"!context.submission.label\"><\/div>\n\t\t\t\t\t\t<\/div>\n\t\t\t\t\t\t<div class=\"field-value\" data-wp-text=\"context.submission.value\" data-wp-bind--hidden=\"!context.submission.showPlainValue\"><\/div>\n\t\t\t\t\t\t<a class=\"field-url\" data-wp-bind--href=\"context.submission.url\" data-wp-text=\"context.submission.value\" data-wp-bind--hidden=\"!context.submission.url\" target=\"_blank\" rel=\"noopener noreferrer\"><\/a>\n\t\t\t\t\t\t<div class=\"field-rating\" data-wp-bind--hidden=\"!context.submission.rating\" data-wp-watch=\"callbacks.watchRatingIcons\"><\/div>\n\t\t\t\t\t\t<div class=\"field-images\" data-wp-bind--hidden=\"!context.submission.images\">\n\t\t\t\t\t\t\t<template data-wp-each--image=\"context.submission.images\">\n\t\t\t\t\t\t\t\t<div class=\"field-image-option\" data-wp-class--is-empty=\"!context.image.src\">\n\t\t\t\t\t\t\t\t\t<figure class=\"field-image-option__image\" data-wp-class--is-empty=\"!context.image.src\">\n\t\t\t\t\t\t\t\t\t\t<img data-wp-bind--src=\"context.image.src\" data-wp-bind--hidden=\"!context.image.src\" \/>\n\t\t\t\t\t\t\t\t\t\t<img decoding=\"async\" src=\"data:image\/gif;base64,R0lGODlhAQABAAD\/ACwAAAAAAQABAAACADs=\" data-wp-bind--hidden=\"context.image.src\" \/>\n\t\t\t\t\t\t\t\t\t<\/figure>\n\t\t\t\t\t\t\t\t\t<div class=\"field-image-option__label-wrapper\">\n\t\t\t\t\t\t\t\t\t\t<span class=\"field-image-option__label-code\" data-wp-text=\"context.image.letterCode\"><\/span>\n\t\t\t\t\t\t\t\t\t\t<span class=\"field-image-option__label\" data-wp-text=\"context.image.label\" data-wp-bind--hidden=\"!context.image.label\"><\/span>\n\t\t\t\t\t\t\t\t\t<\/div>\n\t\t\t\t\t\t\t\t<\/div>\n\t\t\t\t\t\t\t<\/template>\n\t\t\t\t\t\t<\/div>\n\t\t\t\t\t\t<div class=\"field-files\" data-wp-bind--hidden=\"!context.submission.files\">\n\t\t\t\t\t\t\t<template data-wp-each--file=\"context.submission.files\">\n\t\t\t\t\t\t\t\t<div class=\"field-file\">\n\t\t\t\t\t\t\t\t\t<div class=\"field-file__thumbnail\" data-wp-style--background-image=\"context.file.previewUrl\" data-wp-style--mask-image=\"context.file.iconUrl\" data-wp-bind--hidden=\"!context.file.hasPreview\"><\/div>\n\t\t\t\t\t\t\t\t\t<svg class=\"field-file__icon\" data-wp-bind--hidden=\"context.file.hasPreview\" width=\"20\" height=\"20\" viewBox=\"0 0 24 24\" fill=\"none\" xmlns=\"http:\/\/www.w3.org\/2000\/svg\" aria-hidden=\"true\">\n\t\t\t\t\t\t\t\t\t\t<path d=\"M14 2H6C4.9 2 4 2.9 4 4V20C4 21.1 4.89 22 5.99 22H18C19.1 22 20 21.1 20 20V8L14 2ZM18 20H6V4H13V9H18V20Z\" fill=\"currentColor\"\/>\n\t\t\t\t\t\t\t\t\t<\/svg>\n\t\t\t\t\t\t\t\t\t<span class=\"field-file__name\" data-wp-text=\"context.file.name\"><\/span>\n\t\t\t\t\t\t\t\t\t<span class=\"field-file__size\" data-wp-text=\"context.file.size\"><\/span>\n\t\t\t\t\t\t\t\t<\/div>\n\t\t\t\t\t\t\t<\/template>\n\t\t\t\t\t\t<\/div>\n\t\t\t\t\t<\/div>\n\t\t\t\t<\/template><\/div><form action='https:\/\/itayachtscanada.com\/fr\/new-catamaran-prestige-m8\/'\n\t\t\t\tid='jp-form-af4ffc78bbd08915a9df9323d65a725d24a07066'\n\t\t\t\tmethod='post'\n\t\t\t\tclass='contact-form commentsblock jetpack-contact-form__form has-no-jetpack-form-layout' aria-label=\"{:en}New Power catamaran Prestige M8{:}{:fr}Nouveau catamaran moteur Prestige M8{:}\"\n\t\t\t\tdata-wp-on--submit=\"actions.onFormSubmit\"\n\t\t\t\tdata-wp-on--reset=\"actions.onFormReset\"\n\t\t\t\tdata-wp-class--submission-success=\"context.submissionSuccess\"\n\t\t\t\tdata-wp-class--is-first-step=\"state.isFirstStep\"\n\t\t\t\tdata-wp-class--is-last-step=\"state.isLastStep\"\n\t\t\t\tdata-wp-class--is-ajax-form=\"context.useAjax\"\n\t\t\t\tnovalidate >\n<input type='hidden' name='jetpack_contact_form_jwt' value='eyJ0eXAiOiJKV1QiLCJhbGciOiJIUzI1NiJ9.eyJlbmNyeXB0ZWRfYXR0cmlidXRlcyI6IjJKUktOODVhdEZWTE56MFQvN1pZT0dFa1dBeUVSMUhKNG81WXM4NnNJaTQxMG9BUWQ2bEd1OWkrbHlqMXNuUmcyS2QxdEdrZmtCTzJ4T2ZoZkU2Z1FJSytMb1BrR2RIcHQ5Qk1VMExBbHMwZkV6Wng2Njl3cjJuN2UySGdDOXpRbmRXaXhpN01CSzE2K0RVeThNU0RURlkyZ0txRE40VXFaQ0NtTXBuWTFBMW0rejhyYUZxVUhZd0sxM29ZM3ZzUWx0dVJKTjFaQkJKUHp2bmlyMEJnbmQrNGFUVlBqbzRHNU5pZ0VRSHYwZ2ozd3dkcjh4K0NFU1R2RUtyTXZzL3p3QXgvYkl3RXZJU1FCcVUvZTJ6WWNNTjVNc2RoR2VqWEpLSFBHc2JqQnhyRUtyWDBhNW9MUWNtODRYRHJUMTdzS3JiZDVJamhZVjJJSkEwcGwxRUR5MDhlbHNjMitpK0FBSUNxSmlQdCtUTlNTdjdwZ2ZTclRCZzVGOUZkSEc2ZmdlcnNvRU9vSDZ4aUFsVzF5Skx3LysxZnNOL1hpT0xMWXkwSjlvWkVpbVpFcGg1SVRtMmFlQktJeWFlRC9LYjB4UnVhVkpXUjdGVnBOSmJhT3RnME83a25WSHFnbndtUmJBSFdxT3JLOWRVcEh1VWM4VEdscnVHWUErTWlDOVVuWDRTUWdXazdxc1F6U0g5Qmpsc3c5Nm5ianZoU3pEeDVxSkg5dWkrUW9JaHNNZGxtNDByZCtzZXJ4aDRTY1U0Z3RaRUlpbzF4cDNVOGxVTEhZYjBoQ2N2S2lMTmhMZW9lekZZWWlUOUMvODBFN1ZhdzhxenNRMGR2bm10ekdpejFud1hBS2NlV0ptZHA3VDVpYXZWYnVkZXp1aFk1ZktwV01wY3ZnMEp1ek1taFlqdVNvYkx0QXNvWUo5L21xS3dJV3JMWUFPUVgzSlNUdVowbEZwZjRReUpIZWkxYVc4bDBGR0ZrNUJ5aUtnYkN2cU15SFYyYmU2dEg3c0NHdytaOGJHcWtkcU5EL3I2allYYlN6bXk1WG13SVFrbmpGbnJCc2R6ejkwaytsQUZjMjA3TnIzUG9Zb1JjSEFYTExjbGRFOU9DSFYraGpCUmJqdHcwRVBzU3FIUXRmRWc1dVljQ1pWemVnRE4xQ0EzaTFLOGZrWUdob0JQRVh1U2ZOQkZuVEsxOHlJTHlnS00yZDBDMmpma1ZqMW5vLzBlZEhESXJUYmZodXRSZ1NCUStEVlROZWsySFJTVzNnS2xzKzgxWXpnUE13RXU5VFVQb3l0SENCdkFIcDI2dW0xRHJsS1MvWGY5OEZ6TGdtVUFYcXZBMUkxZTEva2Y3MitSNko1L2drS0NBIiwiY29udGVudCI6Iltjb250YWN0LWZpZWxkIGxhYmVsPVwiTm9tXCIgdHlwZT1cIm5hbWVcIiByZXF1aXJlZD1cIjFcIl1bY29udGFjdC1maWVsZCBsYWJlbD1cIkUtbWFpbFwiIHR5cGU9XCJlbWFpbFwiIHJlcXVpcmVkPVwiMVwiXVtjb250YWN0LWZpZWxkIGxhYmVsPVwiQSBwcm9wb3MgZGUgY2UgeWFjaHQgOiBcIiB0eXBlPVwidGV4dFwiXVtjb250YWN0LWZpZWxkIGxhYmVsPVwiTWVzc2FnZVwiIHR5cGU9XCJ0ZXh0YXJlYVwiXSIsImhhc2giOiJhZjRmZmM3OGJiZDA4OTE1YTlkZjkzMjNkNjVhNzI1ZDI0YTA3MDY2Iiwic291cmNlIjp7ImVudHJ5X3RpdGxlIjoiTm91dmVhdSBjYXRhbWFyYW4gbW90ZXVyIFByZXN0aWdlIE04IiwiZW50cnlfcGFnZSI6MSwic291cmNlX2lkIjo5NDI2Miwic291cmNlX3R5cGUiOiJzaW5nbGUiLCJyZXF1ZXN0X3VybCI6Imh0dHBzOi8vaXRheWFjaHRzY2FuYWRhLmNvbS9mci93cC1qc29uL3dwL3YyL3Bvc3RzLzk0MjYyIn0sInZlcnNpb24iOjIsImNpcGhlciI6ImFlcy0yNTYtZ2NtIn0.4Bb6eRUSEk1fy73BNQXZDHl0pTKFrpJVyg99_vAW-sk' \/>\n\n<div style=\"\"  data-wp-interactive=\"jetpack\/form\" data-wp-context='{\"fieldId\":\"g94262-nom\",\"fieldType\":\"name\",\"fieldLabel\":\"Nom\",\"fieldValue\":\"\",\"fieldPlaceholder\":\"\",\"fieldIsRequired\":\"1\",\"fieldErrorMessage\":\"\",\"fieldExtra\":[],\"formHash\":\"af4ffc78bbd08915a9df9323d65a725d24a07066\"}'  class='grunion-field-name-wrap grunion-field-wrap'  data-wp-init='callbacks.initializeField' data-wp-on--jetpack-form-reset='callbacks.initializeField' >\n<label\n\t\t\t\tfor='g94262-nom' class=\"grunion-field-label name\" >Nom<span class=\"grunion-label-required\" aria-hidden=\"true\">(obligatoire)<\/span><\/label>\n<input\n\t\t\t\t\ttype='text'\n\t\t\t\t\tname='g94262-nom'\n\t\t\t\t\tid='g94262-nom'\n\t\t\t\t\tvalue=''\n\n\t\t\t\t\tdata-wp-bind--aria-invalid='state.fieldAriaInvalid'\n\t\t\t\t\tdata-wp-bind--value='state.getFieldValue'\n\t\t\t\t\taria-describedby='g94262-nom-text-error-message'\n\t\t\t\t\tdata-wp-on--input='actions.onFieldChange'\n\t\t\t\t\tdata-wp-on--blur='actions.onFieldBlur'\n\t\t\t\t\tdata-wp-class--has-value='state.hasFieldValue'\n\n\t\t\t\t\tclass='name  grunion-field' \n\t\t\t\t\trequired='true' aria-required='true'  \/>\n \n\t\t\t<div id=\"g94262-nom-text-error\" class=\"contact-form__input-error\" data-wp-class--has-errors=\"state.fieldHasErrors\">\n\t\t\t\t<span class=\"contact-form__warning-icon\" aria-hidden=\"true\">\n\t\t\t\t\t<svg width=\"16\" height=\"16\" viewBox=\"0 0 16 16\" fill=\"none\" xmlns=\"http:\/\/www.w3.org\/2000\/svg\">\n\t\t\t\t\t\t<path d=\"M8.50015 11.6402H7.50015V10.6402H8.50015V11.6402Z\" \/>\n\t\t\t\t\t\t<path d=\"M7.50015 9.64018H8.50015V6.30684H7.50015V9.64018Z\" \/>\n\t\t\t\t\t\t<path fill-rule=\"evenodd\" clip-rule=\"evenodd\" d=\"M6.98331 3.0947C7.42933 2.30177 8.57096 2.30177 9.01698 3.09469L13.8771 11.7349C14.3145 12.5126 13.7525 13.4735 12.8602 13.4735H3.14004C2.24774 13.4735 1.68575 12.5126 2.12321 11.7349L6.98331 3.0947ZM8.14541 3.58496C8.08169 3.47168 7.9186 3.47168 7.85488 3.58496L2.99478 12.2251C2.93229 12.3362 3.01257 12.4735 3.14004 12.4735H12.8602C12.9877 12.4735 13.068 12.3362 13.0055 12.2251L8.14541 3.58496Z\" \/>\n\t\t\t\t\t<\/svg>\n\t\t\t\t<\/span>\n\t\t\t\t<span data-wp-text=\"state.errorMessage\" id=\"g94262-nom-text-error-message\"><\/span>\n\t\t\t<\/div> \n\t<\/div>\n\n<div style=\"\"  data-wp-interactive=\"jetpack\/form\" data-wp-context='{\"fieldId\":\"g94262-email\",\"fieldType\":\"email\",\"fieldLabel\":\"E-mail\",\"fieldValue\":\"\",\"fieldPlaceholder\":\"\",\"fieldIsRequired\":\"1\",\"fieldErrorMessage\":\"\",\"fieldExtra\":[],\"formHash\":\"af4ffc78bbd08915a9df9323d65a725d24a07066\"}'  class='grunion-field-email-wrap grunion-field-wrap'  data-wp-init='callbacks.initializeField' data-wp-on--jetpack-form-reset='callbacks.initializeField' >\n<label\n\t\t\t\tfor='g94262-email' class=\"grunion-field-label email\" >E-mail<span class=\"grunion-label-required\" aria-hidden=\"true\">(obligatoire)<\/span><\/label>\n<input\n\t\t\t\t\ttype='email'\n\t\t\t\t\tname='g94262-email'\n\t\t\t\t\tid='g94262-email'\n\t\t\t\t\tvalue=''\n\n\t\t\t\t\tdata-wp-bind--aria-invalid='state.fieldAriaInvalid'\n\t\t\t\t\tdata-wp-bind--value='state.getFieldValue'\n\t\t\t\t\taria-describedby='g94262-email-email-error-message'\n\t\t\t\t\tdata-wp-on--input='actions.onFieldChange'\n\t\t\t\t\tdata-wp-on--blur='actions.onFieldBlur'\n\t\t\t\t\tdata-wp-class--has-value='state.hasFieldValue'\n\n\t\t\t\t\tclass='email  grunion-field' \n\t\t\t\t\trequired='true' aria-required='true'  \/>\n \n\t\t\t<div id=\"g94262-email-email-error\" class=\"contact-form__input-error\" data-wp-class--has-errors=\"state.fieldHasErrors\">\n\t\t\t\t<span class=\"contact-form__warning-icon\" aria-hidden=\"true\">\n\t\t\t\t\t<svg width=\"16\" height=\"16\" viewBox=\"0 0 16 16\" fill=\"none\" xmlns=\"http:\/\/www.w3.org\/2000\/svg\">\n\t\t\t\t\t\t<path d=\"M8.50015 11.6402H7.50015V10.6402H8.50015V11.6402Z\" \/>\n\t\t\t\t\t\t<path d=\"M7.50015 9.64018H8.50015V6.30684H7.50015V9.64018Z\" \/>\n\t\t\t\t\t\t<path fill-rule=\"evenodd\" clip-rule=\"evenodd\" d=\"M6.98331 3.0947C7.42933 2.30177 8.57096 2.30177 9.01698 3.09469L13.8771 11.7349C14.3145 12.5126 13.7525 13.4735 12.8602 13.4735H3.14004C2.24774 13.4735 1.68575 12.5126 2.12321 11.7349L6.98331 3.0947ZM8.14541 3.58496C8.08169 3.47168 7.9186 3.47168 7.85488 3.58496L2.99478 12.2251C2.93229 12.3362 3.01257 12.4735 3.14004 12.4735H12.8602C12.9877 12.4735 13.068 12.3362 13.0055 12.2251L8.14541 3.58496Z\" \/>\n\t\t\t\t\t<\/svg>\n\t\t\t\t<\/span>\n\t\t\t\t<span data-wp-text=\"state.errorMessage\" id=\"g94262-email-email-error-message\"><\/span>\n\t\t\t<\/div> \n\t<\/div>\n\n<div style=\"\"  data-wp-interactive=\"jetpack\/form\" data-wp-context='{\"fieldId\":\"g94262-aproposdeceyacht\",\"fieldType\":\"text\",\"fieldLabel\":\"A propos de ce yacht : \",\"fieldValue\":\"\",\"fieldPlaceholder\":\"\",\"fieldIsRequired\":\"\",\"fieldErrorMessage\":\"\",\"fieldExtra\":[],\"formHash\":\"af4ffc78bbd08915a9df9323d65a725d24a07066\"}'  class='grunion-field-text-wrap grunion-field-wrap'  data-wp-init='callbacks.initializeField' data-wp-on--jetpack-form-reset='callbacks.initializeField' >\n<label\n\t\t\t\tfor='g94262-aproposdeceyacht' class=\"grunion-field-label text\" >A propos de ce yacht : <\/label>\n<input\n\t\t\t\t\ttype='text'\n\t\t\t\t\tname='g94262-aproposdeceyacht'\n\t\t\t\t\tid='g94262-aproposdeceyacht'\n\t\t\t\t\tvalue=''\n\n\t\t\t\t\tdata-wp-bind--aria-invalid='state.fieldAriaInvalid'\n\t\t\t\t\tdata-wp-bind--value='state.getFieldValue'\n\t\t\t\t\taria-describedby='g94262-aproposdeceyacht-text-error-message'\n\t\t\t\t\tdata-wp-on--input='actions.onFieldChange'\n\t\t\t\t\tdata-wp-on--blur='actions.onFieldBlur'\n\t\t\t\t\tdata-wp-class--has-value='state.hasFieldValue'\n\n\t\t\t\t\tclass='text  grunion-field' \n\t\t\t\t\t \/>\n \n\t\t\t<div id=\"g94262-aproposdeceyacht-text-error\" class=\"contact-form__input-error\" data-wp-class--has-errors=\"state.fieldHasErrors\">\n\t\t\t\t<span class=\"contact-form__warning-icon\" aria-hidden=\"true\">\n\t\t\t\t\t<svg width=\"16\" height=\"16\" viewBox=\"0 0 16 16\" fill=\"none\" xmlns=\"http:\/\/www.w3.org\/2000\/svg\">\n\t\t\t\t\t\t<path d=\"M8.50015 11.6402H7.50015V10.6402H8.50015V11.6402Z\" \/>\n\t\t\t\t\t\t<path d=\"M7.50015 9.64018H8.50015V6.30684H7.50015V9.64018Z\" \/>\n\t\t\t\t\t\t<path fill-rule=\"evenodd\" clip-rule=\"evenodd\" d=\"M6.98331 3.0947C7.42933 2.30177 8.57096 2.30177 9.01698 3.09469L13.8771 11.7349C14.3145 12.5126 13.7525 13.4735 12.8602 13.4735H3.14004C2.24774 13.4735 1.68575 12.5126 2.12321 11.7349L6.98331 3.0947ZM8.14541 3.58496C8.08169 3.47168 7.9186 3.47168 7.85488 3.58496L2.99478 12.2251C2.93229 12.3362 3.01257 12.4735 3.14004 12.4735H12.8602C12.9877 12.4735 13.068 12.3362 13.0055 12.2251L8.14541 3.58496Z\" \/>\n\t\t\t\t\t<\/svg>\n\t\t\t\t<\/span>\n\t\t\t\t<span data-wp-text=\"state.errorMessage\" id=\"g94262-aproposdeceyacht-text-error-message\"><\/span>\n\t\t\t<\/div> \n\t<\/div>\n\n<div style=\"\"  data-wp-interactive=\"jetpack\/form\" data-wp-context='{\"fieldId\":\"g94262-message\",\"fieldType\":\"textarea\",\"fieldLabel\":\"Message\",\"fieldValue\":\"\",\"fieldPlaceholder\":\"\",\"fieldIsRequired\":\"\",\"fieldErrorMessage\":\"\",\"fieldExtra\":[],\"formHash\":\"af4ffc78bbd08915a9df9323d65a725d24a07066\"}'  class='grunion-field-textarea-wrap grunion-field-wrap'  data-wp-init='callbacks.initializeField' data-wp-on--jetpack-form-reset='callbacks.initializeField' >\n<label\n\t\t\t\tfor='contact-form-comment-g94262-message' class=\"grunion-field-label textarea\" >Message<\/label>\n<textarea\n\t\t                style=''\n\t\t                name='g94262-message'\n\t\t                id='contact-form-comment-g94262-message'\n\t\t                rows='20'\n\t\t\t\t\t\tdata-wp-text='state.getFieldValue'\n\t\t\t\t\t\tdata-wp-on--input='actions.onFieldChange'\n\t\t\t\t\t\tdata-wp-on--blur='actions.onFieldBlur'\n\t\t\t\t\t\tdata-wp-class--has-value='state.hasFieldValue'\n\t\t\t\t\t\taria-describedby='g94262-message-textarea-error-message'\n\t\t\t\t\t\tdata-wp-bind--aria-invalid='state.fieldAriaInvalid'\n\t\t\t\t\t\tclass='textarea  grunion-field'  ><\/textarea>\n \n\t\t\t<div id=\"g94262-message-textarea-error\" class=\"contact-form__input-error\" data-wp-class--has-errors=\"state.fieldHasErrors\">\n\t\t\t\t<span class=\"contact-form__warning-icon\" aria-hidden=\"true\">\n\t\t\t\t\t<svg width=\"16\" height=\"16\" viewBox=\"0 0 16 16\" fill=\"none\" xmlns=\"http:\/\/www.w3.org\/2000\/svg\">\n\t\t\t\t\t\t<path d=\"M8.50015 11.6402H7.50015V10.6402H8.50015V11.6402Z\" \/>\n\t\t\t\t\t\t<path d=\"M7.50015 9.64018H8.50015V6.30684H7.50015V9.64018Z\" \/>\n\t\t\t\t\t\t<path fill-rule=\"evenodd\" clip-rule=\"evenodd\" d=\"M6.98331 3.0947C7.42933 2.30177 8.57096 2.30177 9.01698 3.09469L13.8771 11.7349C14.3145 12.5126 13.7525 13.4735 12.8602 13.4735H3.14004C2.24774 13.4735 1.68575 12.5126 2.12321 11.7349L6.98331 3.0947ZM8.14541 3.58496C8.08169 3.47168 7.9186 3.47168 7.85488 3.58496L2.99478 12.2251C2.93229 12.3362 3.01257 12.4735 3.14004 12.4735H12.8602C12.9877 12.4735 13.068 12.3362 13.0055 12.2251L8.14541 3.58496Z\" \/>\n\t\t\t\t\t<\/svg>\n\t\t\t\t<\/span>\n\t\t\t\t<span data-wp-text=\"state.errorMessage\" id=\"g94262-message-textarea-error-message\"><\/span>\n\t\t\t<\/div>\n\t<\/div>\n\t<p class='contact-submit'>\n<div class=\"contact-form__error\" data-wp-class--show-errors=\"state.showFormErrors\"><span class=\"contact-form__warning-icon\" aria-hidden=\"true\"><i><\/i><\/span><span class=\"contact-form__error-message\" tabindex=\"-1\" data-wp-watch=\"callbacks.focusOnValidationError\" data-wp-text=\"state.getFormErrorMessage\"><\/span><ul aria-label=\"Erreurs de formulaire\">\n\t\t\t\t<template data-wp-each=\"state.getErrorList\" data-wp-key=\"context.item.id\">\n\t\t\t\t\t<li><a data-wp-bind--href=\"context.item.anchor\" data-wp-on--click=\"actions.scrollIntoView\" data-wp-text=\"context.item.label\"><\/a><\/li>\n\t\t\t\t<\/template>\n\t\t\t\t<\/ul><\/div><div class=\"contact-form__error\" data-wp-class--show-errors=\"state.showSubmissionError\" data-wp-text=\"context.submissionError\" tabindex=\"-1\" data-wp-watch=\"callbacks.focusOnSubmissionError\"><\/div>\t\t<button type='submit' class='pushbutton-wide'>Envoyer<\/button>\t\t<input type='hidden' name='contact-form-id' value='94262' \/>\n\t\t<input type='hidden' name='action' value='grunion-contact-form' \/>\n\t\t<input type='hidden' name='contact-form-hash' value='af4ffc78bbd08915a9df9323d65a725d24a07066' \/>\n\t<\/p>\n<p style=\"display: none !important;\" class=\"akismet-fields-container\" data-prefix=\"ak_\"><label>&#916;<textarea name=\"ak_hp_textarea\" cols=\"45\" rows=\"8\" maxlength=\"100\"><\/textarea><\/label><input type=\"hidden\" id=\"ak_js_1\" name=\"ak_js\" value=\"242\"\/><script type=\"text\/javascript\">\n\/* <![CDATA[ *\/\ndocument.getElementById( \"ak_js_1\" ).setAttribute( \"value\", ( new Date() ).getTime() );\n\/* ]]> *\/\n<\/script>\n<\/p><\/form>\n<\/div>\n<p>&nbsp;<\/p>\n<p>&nbsp;<\/p>\n<p>&nbsp;<\/p>\n<\/div>\n<p>&nbsp;<\/p>\n","protected":false},"excerpt":{"rendered":"<p>Nouveau catamaran moteur Prestige M8 (65 pi) Le groupe Jeanneau-Beneteau annonce pour sa division PRESTIGE YACHTS \u00a0la sortie du nouveau catamaran M8 pour le prochain Boat Show de Cannes \u00e0 l&rsquo;automne 2023 et il sera pr\u00e9sent lors du Fort Lauderdale International Boat Show \u00e9dition 2023. Ajout nov 2023 : Effectivement, il y \u00e9tait mais sur &hellip; <a href=\"https:\/\/itayachtscanada.com\/fr\/new-catamaran-prestige-m8\/\" class=\"more-link\">Lire la suite <span class=\"screen-reader-text\">Nouveau catamaran moteur Prestige M8<\/span> <span class=\"meta-nav\">&rarr;<\/span><\/a><\/p>\n","protected":false},"author":119081455,"featured_media":94276,"comment_status":"open","ping_status":"open","sticky":false,"template":"","format":"standard","meta":{"_coblocks_attr":"","_coblocks_dimensions":"","_coblocks_responsive_height":"","_coblocks_accordion_ie_support":"","_lmt_disableupdate":"no","_lmt_disable":"","advanced_seo_description":"","jetpack_seo_html_title":"","jetpack_seo_noindex":false,"_jetpack_newsletter_access":"","_jetpack_dont_email_post_to_subs":false,"_jetpack_newsletter_tier_id":0,"_jetpack_memberships_contains_paywalled_content":false,"_jetpack_memberships_contains_paid_content":false,"footnotes":"","jetpack_publicize_message":"","jetpack_publicize_feature_enabled":true,"jetpack_social_post_already_shared":true,"jetpack_social_options":{"image_generator_settings":{"template":"highway","default_image_id":0,"font":"","enabled":false},"version":2},"_wpas_customize_per_network":false,"jetpack_post_was_ever_published":false},"categories":[6325],"tags":[],"class_list":["post-94262","post","type-post","status-publish","format-standard","has-post-thumbnail","hentry","category-non-classe"],"translation":{"provider":"WPGlobus","version":"2.12.2","language":"fr","enabled_languages":["en","fr"],"languages":{"en":{"title":true,"content":true,"excerpt":false},"fr":{"title":true,"content":true,"excerpt":false}}},"modified_by":"Guy Bolduc","jetpack_publicize_connections":[],"jetpack_featured_media_url":"https:\/\/i0.wp.com\/itayachtscanada.com\/wp-content\/uploads\/2023\/01\/Prestige-M8-lateral.jpeg?fit=1280%2C640&ssl=1","jetpack_likes_enabled":true,"jetpack_sharing_enabled":true,"jetpack_shortlink":"https:\/\/wp.me\/pdr7OT-owm","_links":{"self":[{"href":"https:\/\/itayachtscanada.com\/fr\/wp-json\/wp\/v2\/posts\/94262","targetHints":{"allow":["GET"]}}],"collection":[{"href":"https:\/\/itayachtscanada.com\/fr\/wp-json\/wp\/v2\/posts"}],"about":[{"href":"https:\/\/itayachtscanada.com\/fr\/wp-json\/wp\/v2\/types\/post"}],"author":[{"embeddable":true,"href":"https:\/\/itayachtscanada.com\/fr\/wp-json\/wp\/v2\/users\/119081455"}],"replies":[{"embeddable":true,"href":"https:\/\/itayachtscanada.com\/fr\/wp-json\/wp\/v2\/comments?post=94262"}],"version-history":[{"count":94,"href":"https:\/\/itayachtscanada.com\/fr\/wp-json\/wp\/v2\/posts\/94262\/revisions"}],"predecessor-version":[{"id":161872,"href":"https:\/\/itayachtscanada.com\/fr\/wp-json\/wp\/v2\/posts\/94262\/revisions\/161872"}],"wp:featuredmedia":[{"embeddable":true,"href":"https:\/\/itayachtscanada.com\/fr\/wp-json\/wp\/v2\/media\/94276"}],"wp:attachment":[{"href":"https:\/\/itayachtscanada.com\/fr\/wp-json\/wp\/v2\/media?parent=94262"}],"wp:term":[{"taxonomy":"category","embeddable":true,"href":"https:\/\/itayachtscanada.com\/fr\/wp-json\/wp\/v2\/categories?post=94262"},{"taxonomy":"post_tag","embeddable":true,"href":"https:\/\/itayachtscanada.com\/fr\/wp-json\/wp\/v2\/tags?post=94262"}],"curies":[{"name":"wp","href":"https:\/\/api.w.org\/{rel}","templated":true}]}}