{"id":58507,"date":"2022-03-14T17:11:15","date_gmt":"2022-03-14T21:11:15","guid":{"rendered":"https:\/\/itayachtscanada.com\/?p=58507"},"modified":"2022-03-14T17:11:15","modified_gmt":"2022-03-14T21:11:15","slug":"new-100-electric-catamarans","status":"publish","type":"post","link":"https:\/\/itayachtscanada.com\/fr\/new-100-electric-catamarans\/","title":{"rendered":"DES NOUVEAUX CATAMARANS 100% \u00c9LECTRIQUE"},"content":{"rendered":"<p><strong>DES NOUVEAUX CATAMARANS 100% \u00c9LECTRIQUE<\/strong><\/p>\n<p>Un nouveau manufacturier s\u2019attaque \u00e0 ce march\u00e9 de l\u2019avenir, les yachts \u00e9lectriques. On assiste pour ce secteur \u00e0 un d\u00e9veloppement sans pr\u00e9c\u00e9dent. Mais cette fois-ci, ce sont des catamarans d\u00e9velopp\u00e9s par une firme allemande qui investit beaucoup afin de prendre un excellent positionnement pour de ce secteur avec des unit\u00e9s tr\u00e8s grandes.<\/p>\n<p>On parle ici d\u2019unit\u00e9s de 60 \u00e0 100 pieds, ce qui est presque impossible \u00e0 trouver dans la cat\u00e9gorie des yachts conventionnels qui dominent pr\u00e9sentement le march\u00e9 du yacht monocoque comme Azimut, FerrettiGroup (Riva, Ferretti, Custom Line), Sanlorenzo, Princess et Sunseeker.<\/p>\n<p>Mais il fait dire qu\u2019un catamaran de 60 pieds comp\u00e9titionne ais\u00e9ment des yachts de plus de 80 pieds en termes d\u2019espaces int\u00e9rieur et ext\u00e9rieur et que dire de ceux de 100 pi, on entre alors en comp\u00e9tition alors des m\u00e9ga yachts de plus de 120 pi.<\/p>\n<p>Vraiment, les catamarans \u00e9lectriques sont tr\u00e8s int\u00e9ressants et le concept tr\u00e8s moderne. Ils seront sans aucun doute tr\u00e8s appr\u00e9ci\u00e9s des plaisanciers qui recherchent un concept qui respecte davantage l\u2019environnement et sans oublier le volume de l\u2019espace int\u00e9rieur et ext\u00e9rieur en abondance et la stabilit\u00e9.<\/p>\n<p>&nbsp;<\/p>\n<p><a href=\"https:\/\/i0.wp.com\/itayachtscanada.com\/wp-content\/uploads\/2022\/03\/Capture-decran-le-2022-03-11-a-10.06.36.png?ssl=1\"><img data-recalc-dims=\"1\" loading=\"lazy\" decoding=\"async\" data-attachment-id=\"58509\" data-permalink=\"https:\/\/itayachtscanada.com\/fr\/new-100-electric-catamarans\/capture-decran-le-2022-03-11-a-10-06-36\/\" data-orig-file=\"https:\/\/i0.wp.com\/itayachtscanada.com\/wp-content\/uploads\/2022\/03\/Capture-decran-le-2022-03-11-a-10.06.36.png?fit=1002%2C662&amp;ssl=1\" data-orig-size=\"1002,662\" data-comments-opened=\"1\" data-image-meta=\"{&quot;aperture&quot;:&quot;0&quot;,&quot;credit&quot;:&quot;&quot;,&quot;camera&quot;:&quot;&quot;,&quot;caption&quot;:&quot;&quot;,&quot;created_timestamp&quot;:&quot;0&quot;,&quot;copyright&quot;:&quot;&quot;,&quot;focal_length&quot;:&quot;0&quot;,&quot;iso&quot;:&quot;0&quot;,&quot;shutter_speed&quot;:&quot;0&quot;,&quot;title&quot;:&quot;&quot;,&quot;orientation&quot;:&quot;0&quot;}\" data-image-title=\"Capture d\u2019\u00e9cran, le 2022-03-11 \u00e0 10.06.36\" data-image-description=\"\" data-image-caption=\"\" data-large-file=\"https:\/\/i0.wp.com\/itayachtscanada.com\/wp-content\/uploads\/2022\/03\/Capture-decran-le-2022-03-11-a-10.06.36.png?fit=700%2C462&amp;ssl=1\" class=\"alignnone wp-image-58509 size-medium\" src=\"https:\/\/i0.wp.com\/itayachtscanada.com\/wp-content\/uploads\/2022\/03\/Capture-decran-le-2022-03-11-a-10.06.36.png?resize=300%2C198&#038;ssl=1\" alt=\"\" width=\"300\" height=\"198\" srcset=\"https:\/\/i0.wp.com\/itayachtscanada.com\/wp-content\/uploads\/2022\/03\/Capture-decran-le-2022-03-11-a-10.06.36.png?resize=300%2C198&amp;ssl=1 300w, https:\/\/i0.wp.com\/itayachtscanada.com\/wp-content\/uploads\/2022\/03\/Capture-decran-le-2022-03-11-a-10.06.36.png?resize=768%2C507&amp;ssl=1 768w, https:\/\/i0.wp.com\/itayachtscanada.com\/wp-content\/uploads\/2022\/03\/Capture-decran-le-2022-03-11-a-10.06.36.png?resize=700%2C462&amp;ssl=1 700w, https:\/\/i0.wp.com\/itayachtscanada.com\/wp-content\/uploads\/2022\/03\/Capture-decran-le-2022-03-11-a-10.06.36.png?resize=605%2C400&amp;ssl=1 605w, https:\/\/i0.wp.com\/itayachtscanada.com\/wp-content\/uploads\/2022\/03\/Capture-decran-le-2022-03-11-a-10.06.36.png?w=1002&amp;ssl=1 1002w\" sizes=\"auto, (max-width: 300px) 100vw, 300px\" \/><\/a><\/p>\n<p>Pour le moment, <a href=\"https:\/\/www.sunreef-yachts.com\/fr\/\">Sunreef<\/a> domine largement ce march\u00e9, en particulier avec une gamme compl\u00e8te de catamarans \u00e9lectrique offerte (<a href=\"https:\/\/sunreef-yachts-eco.com\/fr\/motor-yachts\/\">voir la gamme \u00e9lectrique offerte<\/a>), mais ce march\u00e9 est en \u00e9volution rapide, alors il faut s\u2019attendre \u00e0 ce que l\u2019offre abonde, et ce de plusieurs nouveaux manufacturiers d\u2019ici quelques mois ou ann\u00e9es.<\/p>\n<p>&nbsp;<\/p>\n<p><a href=\"https:\/\/i0.wp.com\/itayachtscanada.com\/wp-content\/uploads\/2022\/03\/Capture-decran-le-2022-03-11-a-09.36.58.png?ssl=1\"><img data-recalc-dims=\"1\" loading=\"lazy\" decoding=\"async\" data-attachment-id=\"58530\" data-permalink=\"https:\/\/itayachtscanada.com\/fr\/new-100-electric-catamarans\/capture-decran-le-2022-03-11-a-09-36-58\/\" data-orig-file=\"https:\/\/i0.wp.com\/itayachtscanada.com\/wp-content\/uploads\/2022\/03\/Capture-decran-le-2022-03-11-a-09.36.58.png?fit=2250%2C1070&amp;ssl=1\" data-orig-size=\"2250,1070\" data-comments-opened=\"1\" data-image-meta=\"{&quot;aperture&quot;:&quot;0&quot;,&quot;credit&quot;:&quot;&quot;,&quot;camera&quot;:&quot;&quot;,&quot;caption&quot;:&quot;&quot;,&quot;created_timestamp&quot;:&quot;0&quot;,&quot;copyright&quot;:&quot;&quot;,&quot;focal_length&quot;:&quot;0&quot;,&quot;iso&quot;:&quot;0&quot;,&quot;shutter_speed&quot;:&quot;0&quot;,&quot;title&quot;:&quot;&quot;,&quot;orientation&quot;:&quot;0&quot;}\" data-image-title=\"Capture d\u2019\u00e9cran, le 2022-03-11 \u00e0 09.36.58\" data-image-description=\"\" data-image-caption=\"\" data-large-file=\"https:\/\/i0.wp.com\/itayachtscanada.com\/wp-content\/uploads\/2022\/03\/Capture-decran-le-2022-03-11-a-09.36.58.png?fit=700%2C333&amp;ssl=1\" class=\"alignnone wp-image-58530 size-medium\" src=\"https:\/\/i0.wp.com\/itayachtscanada.com\/wp-content\/uploads\/2022\/03\/Capture-decran-le-2022-03-11-a-09.36.58.png?resize=300%2C143&#038;ssl=1\" alt=\"\" width=\"300\" height=\"143\" srcset=\"https:\/\/i0.wp.com\/itayachtscanada.com\/wp-content\/uploads\/2022\/03\/Capture-decran-le-2022-03-11-a-09.36.58.png?resize=300%2C143&amp;ssl=1 300w, https:\/\/i0.wp.com\/itayachtscanada.com\/wp-content\/uploads\/2022\/03\/Capture-decran-le-2022-03-11-a-09.36.58.png?resize=1024%2C487&amp;ssl=1 1024w, https:\/\/i0.wp.com\/itayachtscanada.com\/wp-content\/uploads\/2022\/03\/Capture-decran-le-2022-03-11-a-09.36.58.png?resize=768%2C365&amp;ssl=1 768w, https:\/\/i0.wp.com\/itayachtscanada.com\/wp-content\/uploads\/2022\/03\/Capture-decran-le-2022-03-11-a-09.36.58.png?resize=1536%2C730&amp;ssl=1 1536w, https:\/\/i0.wp.com\/itayachtscanada.com\/wp-content\/uploads\/2022\/03\/Capture-decran-le-2022-03-11-a-09.36.58.png?resize=2048%2C974&amp;ssl=1 2048w, https:\/\/i0.wp.com\/itayachtscanada.com\/wp-content\/uploads\/2022\/03\/Capture-decran-le-2022-03-11-a-09.36.58.png?resize=1200%2C571&amp;ssl=1 1200w, https:\/\/i0.wp.com\/itayachtscanada.com\/wp-content\/uploads\/2022\/03\/Capture-decran-le-2022-03-11-a-09.36.58.png?resize=700%2C333&amp;ssl=1 700w, https:\/\/i0.wp.com\/itayachtscanada.com\/wp-content\/uploads\/2022\/03\/Capture-decran-le-2022-03-11-a-09.36.58.png?resize=2000%2C951&amp;ssl=1 2000w, https:\/\/i0.wp.com\/itayachtscanada.com\/wp-content\/uploads\/2022\/03\/Capture-decran-le-2022-03-11-a-09.36.58.png?resize=841%2C400&amp;ssl=1 841w, https:\/\/i0.wp.com\/itayachtscanada.com\/wp-content\/uploads\/2022\/03\/Capture-decran-le-2022-03-11-a-09.36.58.png?w=1400&amp;ssl=1 1400w, https:\/\/i0.wp.com\/itayachtscanada.com\/wp-content\/uploads\/2022\/03\/Capture-decran-le-2022-03-11-a-09.36.58.png?w=2100&amp;ssl=1 2100w\" sizes=\"auto, (max-width: 300px) 100vw, 300px\" \/><\/a><\/p>\n<p>ALVA YACHTS<\/p>\n<p>Voici une br\u00e8ve description fait par le nouveau manufacturier Alva Yachts tel qu\u2019il appara\u00eet sur son site web.<\/p>\n<p><a href=\"https:\/\/i0.wp.com\/itayachtscanada.com\/wp-content\/uploads\/2022\/03\/OceanEcoRangebyALVAYACHTS.jpeg?ssl=1\"><img data-recalc-dims=\"1\" loading=\"lazy\" decoding=\"async\" data-attachment-id=\"58531\" data-permalink=\"https:\/\/itayachtscanada.com\/fr\/new-100-electric-catamarans\/oceanecorangebyalvayachts\/\" data-orig-file=\"https:\/\/i0.wp.com\/itayachtscanada.com\/wp-content\/uploads\/2022\/03\/OceanEcoRangebyALVAYACHTS.jpeg?fit=1500%2C785&amp;ssl=1\" data-orig-size=\"1500,785\" data-comments-opened=\"1\" data-image-meta=\"{&quot;aperture&quot;:&quot;0&quot;,&quot;credit&quot;:&quot;&quot;,&quot;camera&quot;:&quot;&quot;,&quot;caption&quot;:&quot;&quot;,&quot;created_timestamp&quot;:&quot;0&quot;,&quot;copyright&quot;:&quot;&quot;,&quot;focal_length&quot;:&quot;0&quot;,&quot;iso&quot;:&quot;0&quot;,&quot;shutter_speed&quot;:&quot;0&quot;,&quot;title&quot;:&quot;&quot;,&quot;orientation&quot;:&quot;0&quot;}\" data-image-title=\"Ocean+Eco+Range+by+ALVA+YACHTS\" data-image-description=\"\" data-image-caption=\"\" data-large-file=\"https:\/\/i0.wp.com\/itayachtscanada.com\/wp-content\/uploads\/2022\/03\/OceanEcoRangebyALVAYACHTS.jpeg?fit=700%2C366&amp;ssl=1\" class=\"alignnone wp-image-58531 size-medium\" src=\"https:\/\/i0.wp.com\/itayachtscanada.com\/wp-content\/uploads\/2022\/03\/OceanEcoRangebyALVAYACHTS.jpeg?resize=300%2C157&#038;ssl=1\" alt=\"\" width=\"300\" height=\"157\" srcset=\"https:\/\/i0.wp.com\/itayachtscanada.com\/wp-content\/uploads\/2022\/03\/OceanEcoRangebyALVAYACHTS.jpeg?resize=300%2C157&amp;ssl=1 300w, https:\/\/i0.wp.com\/itayachtscanada.com\/wp-content\/uploads\/2022\/03\/OceanEcoRangebyALVAYACHTS.jpeg?resize=1024%2C536&amp;ssl=1 1024w, https:\/\/i0.wp.com\/itayachtscanada.com\/wp-content\/uploads\/2022\/03\/OceanEcoRangebyALVAYACHTS.jpeg?resize=768%2C402&amp;ssl=1 768w, https:\/\/i0.wp.com\/itayachtscanada.com\/wp-content\/uploads\/2022\/03\/OceanEcoRangebyALVAYACHTS.jpeg?resize=1200%2C628&amp;ssl=1 1200w, https:\/\/i0.wp.com\/itayachtscanada.com\/wp-content\/uploads\/2022\/03\/OceanEcoRangebyALVAYACHTS.jpeg?resize=700%2C366&amp;ssl=1 700w, https:\/\/i0.wp.com\/itayachtscanada.com\/wp-content\/uploads\/2022\/03\/OceanEcoRangebyALVAYACHTS.jpeg?resize=764%2C400&amp;ssl=1 764w, https:\/\/i0.wp.com\/itayachtscanada.com\/wp-content\/uploads\/2022\/03\/OceanEcoRangebyALVAYACHTS.jpeg?w=1500&amp;ssl=1 1500w, https:\/\/i0.wp.com\/itayachtscanada.com\/wp-content\/uploads\/2022\/03\/OceanEcoRangebyALVAYACHTS.jpeg?w=1400&amp;ssl=1 1400w\" sizes=\"auto, (max-width: 300px) 100vw, 300px\" \/><\/a>\u00a0ALVA YACHTS<\/p>\n<p>&nbsp;<\/p>\n<p>Ils produisent des 54, 60 et 90 pi pour la gamme catamaran \u00e9lectrique mais \u00e9galement une gamme de voilier \u00e9lectrique, le Ocean Sail 72 et le Ocean Sail 82 et un bateau monocoque de 50 pi.<\/p>\n<p>&nbsp;<\/p>\n<p><a href=\"https:\/\/i0.wp.com\/itayachtscanada.com\/wp-content\/uploads\/2022\/03\/Capture-decran-le-2022-03-11-a-09.39.01.png?ssl=1\"><img data-recalc-dims=\"1\" loading=\"lazy\" decoding=\"async\" data-attachment-id=\"58524\" data-permalink=\"https:\/\/itayachtscanada.com\/fr\/new-100-electric-catamarans\/capture-decran-le-2022-03-11-a-09-39-01\/\" data-orig-file=\"https:\/\/i0.wp.com\/itayachtscanada.com\/wp-content\/uploads\/2022\/03\/Capture-decran-le-2022-03-11-a-09.39.01.png?fit=1008%2C982&amp;ssl=1\" data-orig-size=\"1008,982\" data-comments-opened=\"1\" data-image-meta=\"{&quot;aperture&quot;:&quot;0&quot;,&quot;credit&quot;:&quot;&quot;,&quot;camera&quot;:&quot;&quot;,&quot;caption&quot;:&quot;&quot;,&quot;created_timestamp&quot;:&quot;0&quot;,&quot;copyright&quot;:&quot;&quot;,&quot;focal_length&quot;:&quot;0&quot;,&quot;iso&quot;:&quot;0&quot;,&quot;shutter_speed&quot;:&quot;0&quot;,&quot;title&quot;:&quot;&quot;,&quot;orientation&quot;:&quot;0&quot;}\" data-image-title=\"Capture d\u2019\u00e9cran, le 2022-03-11 \u00e0 09.39.01\" data-image-description=\"\" data-image-caption=\"\" data-large-file=\"https:\/\/i0.wp.com\/itayachtscanada.com\/wp-content\/uploads\/2022\/03\/Capture-decran-le-2022-03-11-a-09.39.01.png?fit=700%2C682&amp;ssl=1\" class=\"alignnone wp-image-58524 size-medium\" src=\"https:\/\/i0.wp.com\/itayachtscanada.com\/wp-content\/uploads\/2022\/03\/Capture-decran-le-2022-03-11-a-09.39.01.png?resize=300%2C292&#038;ssl=1\" alt=\"\" width=\"300\" height=\"292\" srcset=\"https:\/\/i0.wp.com\/itayachtscanada.com\/wp-content\/uploads\/2022\/03\/Capture-decran-le-2022-03-11-a-09.39.01.png?resize=300%2C292&amp;ssl=1 300w, https:\/\/i0.wp.com\/itayachtscanada.com\/wp-content\/uploads\/2022\/03\/Capture-decran-le-2022-03-11-a-09.39.01.png?resize=768%2C748&amp;ssl=1 768w, https:\/\/i0.wp.com\/itayachtscanada.com\/wp-content\/uploads\/2022\/03\/Capture-decran-le-2022-03-11-a-09.39.01.png?resize=700%2C682&amp;ssl=1 700w, https:\/\/i0.wp.com\/itayachtscanada.com\/wp-content\/uploads\/2022\/03\/Capture-decran-le-2022-03-11-a-09.39.01.png?resize=411%2C400&amp;ssl=1 411w, https:\/\/i0.wp.com\/itayachtscanada.com\/wp-content\/uploads\/2022\/03\/Capture-decran-le-2022-03-11-a-09.39.01.png?resize=50%2C50&amp;ssl=1 50w, https:\/\/i0.wp.com\/itayachtscanada.com\/wp-content\/uploads\/2022\/03\/Capture-decran-le-2022-03-11-a-09.39.01.png?w=1008&amp;ssl=1 1008w\" sizes=\"auto, (max-width: 300px) 100vw, 300px\" \/><\/a>\u00a0VOILIERS ALVA YACHTS<\/p>\n<p>&nbsp;<\/p>\n<p>ALVA YACHTS<\/p>\n<p>LA PROCHAINE G\u00c9N\u00c9RATION DE YACHTS ELECTRIC<\/p>\n<p>LA VISION DE <a href=\"https:\/\/www.alva-yachts.com\/\">ALVA YACHTS<\/a> : GUIDER LE LUXE VERS LA DURABILIT\u00c9<\/p>\n<p>&nbsp;<\/p>\n<p>Alva Yachts est d\u00e9termin\u00e9 \u00e0 am\u00e9liorer la soci\u00e9t\u00e9 dans laquelle nous vivons. Nous sommes en route vers un yachting \u00e9lectrique durable et avant-gardiste.<\/p>\n<p>Aujourd&rsquo;hui, l&rsquo;\u00e9lectricit\u00e9 n&rsquo;est pas toujours produite de mani\u00e8re durable &#8211; mais elle pourrait l&rsquo;\u00eatre. Les \u00e9l\u00e9ments, les mat\u00e9riaux, la fabrication, le transport et l&rsquo;utilisation des yachts sont autant de domaines \u00e0 am\u00e9liorer. Nous n&rsquo;avons pas toutes les r\u00e9ponses aujourd&rsquo;hui, mais c&rsquo;est notre mission de nous attaquer \u00e0 ces probl\u00e8mes et, par cons\u00e9quent, d&rsquo;am\u00e9liorer la fa\u00e7on dont nous vivrons demain.<\/p>\n<p><a href=\"https:\/\/i0.wp.com\/itayachtscanada.com\/wp-content\/uploads\/2022\/03\/Capture-decran-le-2022-03-11-a-09.42.09.png?ssl=1\"><img data-recalc-dims=\"1\" loading=\"lazy\" decoding=\"async\" data-attachment-id=\"58514\" data-permalink=\"https:\/\/itayachtscanada.com\/fr\/new-100-electric-catamarans\/capture-decran-le-2022-03-11-a-09-42-09\/\" data-orig-file=\"https:\/\/i0.wp.com\/itayachtscanada.com\/wp-content\/uploads\/2022\/03\/Capture-decran-le-2022-03-11-a-09.42.09.png?fit=1002%2C1014&amp;ssl=1\" data-orig-size=\"1002,1014\" data-comments-opened=\"1\" data-image-meta=\"{&quot;aperture&quot;:&quot;0&quot;,&quot;credit&quot;:&quot;&quot;,&quot;camera&quot;:&quot;&quot;,&quot;caption&quot;:&quot;&quot;,&quot;created_timestamp&quot;:&quot;0&quot;,&quot;copyright&quot;:&quot;&quot;,&quot;focal_length&quot;:&quot;0&quot;,&quot;iso&quot;:&quot;0&quot;,&quot;shutter_speed&quot;:&quot;0&quot;,&quot;title&quot;:&quot;&quot;,&quot;orientation&quot;:&quot;0&quot;}\" data-image-title=\"Capture d\u2019\u00e9cran, le 2022-03-11 \u00e0 09.42.09\" data-image-description=\"\" data-image-caption=\"\" data-large-file=\"https:\/\/i0.wp.com\/itayachtscanada.com\/wp-content\/uploads\/2022\/03\/Capture-decran-le-2022-03-11-a-09.42.09.png?fit=700%2C708&amp;ssl=1\" class=\"alignnone wp-image-58514 size-medium\" src=\"https:\/\/i0.wp.com\/itayachtscanada.com\/wp-content\/uploads\/2022\/03\/Capture-decran-le-2022-03-11-a-09.42.09.png?resize=296%2C300&#038;ssl=1\" alt=\"\" width=\"296\" height=\"300\" srcset=\"https:\/\/i0.wp.com\/itayachtscanada.com\/wp-content\/uploads\/2022\/03\/Capture-decran-le-2022-03-11-a-09.42.09.png?resize=296%2C300&amp;ssl=1 296w, https:\/\/i0.wp.com\/itayachtscanada.com\/wp-content\/uploads\/2022\/03\/Capture-decran-le-2022-03-11-a-09.42.09.png?resize=768%2C777&amp;ssl=1 768w, https:\/\/i0.wp.com\/itayachtscanada.com\/wp-content\/uploads\/2022\/03\/Capture-decran-le-2022-03-11-a-09.42.09.png?resize=60%2C60&amp;ssl=1 60w, https:\/\/i0.wp.com\/itayachtscanada.com\/wp-content\/uploads\/2022\/03\/Capture-decran-le-2022-03-11-a-09.42.09.png?resize=700%2C708&amp;ssl=1 700w, https:\/\/i0.wp.com\/itayachtscanada.com\/wp-content\/uploads\/2022\/03\/Capture-decran-le-2022-03-11-a-09.42.09.png?resize=100%2C100&amp;ssl=1 100w, https:\/\/i0.wp.com\/itayachtscanada.com\/wp-content\/uploads\/2022\/03\/Capture-decran-le-2022-03-11-a-09.42.09.png?resize=395%2C400&amp;ssl=1 395w, https:\/\/i0.wp.com\/itayachtscanada.com\/wp-content\/uploads\/2022\/03\/Capture-decran-le-2022-03-11-a-09.42.09.png?resize=50%2C50&amp;ssl=1 50w, https:\/\/i0.wp.com\/itayachtscanada.com\/wp-content\/uploads\/2022\/03\/Capture-decran-le-2022-03-11-a-09.42.09.png?w=1002&amp;ssl=1 1002w\" sizes=\"auto, (max-width: 296px) 100vw, 296px\" \/><\/a>\u00a0ALVA YACHTS<\/p>\n<p>&nbsp;<\/p>\n<p>Agir pour le climat en menant le d\u00e9veloppement de nouvelles technologies, en adoptant des solutions pour une \u00e9conomie circulaire et en menant nos activit\u00e9s de mani\u00e8re \u00e9thique et responsable, voil\u00e0 ce qui nous tient \u00e0 c\u0153ur. Nous nous effor\u00e7ons constamment de trouver de nouvelles technologies plus vertes et plus performantes \u00e0 utiliser dans nos yachts. Notre syst\u00e8me de toit solaire est un exemple de nos efforts, mais nous sommes pleinement conscients qu&rsquo;il reste encore beaucoup \u00e0 faire.<\/p>\n<p>&nbsp;<\/p>\n<p><a href=\"https:\/\/i0.wp.com\/itayachtscanada.com\/wp-content\/uploads\/2022\/03\/Capture-decran-le-2022-03-11-a-09.41.09.png?ssl=1\"><img data-recalc-dims=\"1\" loading=\"lazy\" decoding=\"async\" data-attachment-id=\"58517\" data-permalink=\"https:\/\/itayachtscanada.com\/fr\/new-100-electric-catamarans\/capture-decran-le-2022-03-11-a-09-41-09\/\" data-orig-file=\"https:\/\/i0.wp.com\/itayachtscanada.com\/wp-content\/uploads\/2022\/03\/Capture-decran-le-2022-03-11-a-09.41.09.png?fit=992%2C998&amp;ssl=1\" data-orig-size=\"992,998\" data-comments-opened=\"1\" data-image-meta=\"{&quot;aperture&quot;:&quot;0&quot;,&quot;credit&quot;:&quot;&quot;,&quot;camera&quot;:&quot;&quot;,&quot;caption&quot;:&quot;&quot;,&quot;created_timestamp&quot;:&quot;0&quot;,&quot;copyright&quot;:&quot;&quot;,&quot;focal_length&quot;:&quot;0&quot;,&quot;iso&quot;:&quot;0&quot;,&quot;shutter_speed&quot;:&quot;0&quot;,&quot;title&quot;:&quot;&quot;,&quot;orientation&quot;:&quot;0&quot;}\" data-image-title=\"Capture d\u2019\u00e9cran, le 2022-03-11 \u00e0 09.41.09\" data-image-description=\"\" data-image-caption=\"\" data-large-file=\"https:\/\/i0.wp.com\/itayachtscanada.com\/wp-content\/uploads\/2022\/03\/Capture-decran-le-2022-03-11-a-09.41.09.png?fit=700%2C704&amp;ssl=1\" class=\"alignnone wp-image-58517 size-medium\" src=\"https:\/\/i0.wp.com\/itayachtscanada.com\/wp-content\/uploads\/2022\/03\/Capture-decran-le-2022-03-11-a-09.41.09.png?resize=298%2C300&#038;ssl=1\" alt=\"\" width=\"298\" height=\"300\" srcset=\"https:\/\/i0.wp.com\/itayachtscanada.com\/wp-content\/uploads\/2022\/03\/Capture-decran-le-2022-03-11-a-09.41.09.png?resize=298%2C300&amp;ssl=1 298w, https:\/\/i0.wp.com\/itayachtscanada.com\/wp-content\/uploads\/2022\/03\/Capture-decran-le-2022-03-11-a-09.41.09.png?resize=150%2C150&amp;ssl=1 150w, https:\/\/i0.wp.com\/itayachtscanada.com\/wp-content\/uploads\/2022\/03\/Capture-decran-le-2022-03-11-a-09.41.09.png?resize=768%2C773&amp;ssl=1 768w, https:\/\/i0.wp.com\/itayachtscanada.com\/wp-content\/uploads\/2022\/03\/Capture-decran-le-2022-03-11-a-09.41.09.png?resize=60%2C60&amp;ssl=1 60w, https:\/\/i0.wp.com\/itayachtscanada.com\/wp-content\/uploads\/2022\/03\/Capture-decran-le-2022-03-11-a-09.41.09.png?resize=200%2C200&amp;ssl=1 200w, https:\/\/i0.wp.com\/itayachtscanada.com\/wp-content\/uploads\/2022\/03\/Capture-decran-le-2022-03-11-a-09.41.09.png?resize=700%2C704&amp;ssl=1 700w, https:\/\/i0.wp.com\/itayachtscanada.com\/wp-content\/uploads\/2022\/03\/Capture-decran-le-2022-03-11-a-09.41.09.png?resize=100%2C100&amp;ssl=1 100w, https:\/\/i0.wp.com\/itayachtscanada.com\/wp-content\/uploads\/2022\/03\/Capture-decran-le-2022-03-11-a-09.41.09.png?resize=398%2C400&amp;ssl=1 398w, https:\/\/i0.wp.com\/itayachtscanada.com\/wp-content\/uploads\/2022\/03\/Capture-decran-le-2022-03-11-a-09.41.09.png?resize=50%2C50&amp;ssl=1 50w, https:\/\/i0.wp.com\/itayachtscanada.com\/wp-content\/uploads\/2022\/03\/Capture-decran-le-2022-03-11-a-09.41.09.png?w=992&amp;ssl=1 992w\" sizes=\"auto, (max-width: 298px) 100vw, 298px\" \/><\/a>\u00a0ALVA YACHTS<\/p>\n<p>&nbsp;<\/p>\n<p>La circularit\u00e9 des batteries va devenir un \u00e9l\u00e9ment cl\u00e9 de l&rsquo;industrie du yachting et Alva Yachts s&rsquo;engage \u00e0 guider l&rsquo;industrie vers la minimisation de l&rsquo;impact environnemental des batteries. Associ\u00e9e \u00e0 la technologie de conduite, l&rsquo;approche moderne de la propri\u00e9t\u00e9 chez Alva Yachts contribuera \u00e0 transformer le secteur de la vente au d\u00e9tail de bateaux de plaisance et \u00e0 cr\u00e9er des possibilit\u00e9s infinies de solutions commerciales durables.<\/p>\n<p>&nbsp;<\/p>\n<p>Gr\u00e2ce \u00e0 nos liens avec Fisher Panda et Volkswagen et \u00e0 nos technologies communes, nous disposons d&rsquo;une base solide pour atteindre nos objectifs de durabilit\u00e9. Le r\u00eave d&rsquo;un avenir enti\u00e8rement \u00e9lectrique ne se r\u00e9alisera pas du jour au lendemain, mais ensemble, nous avancerons dans la bonne direction et sans compromis. La soci\u00e9t\u00e9 dans son ensemble est responsable du voyage vers un avenir durable et ALVA YACHTS travaillera sans rel\u00e2che pour acc\u00e9l\u00e9rer le passage au yachting \u00e9lectrique propre.<\/p>\n<p>&nbsp;<\/p>\n<p><a href=\"https:\/\/i0.wp.com\/itayachtscanada.com\/wp-content\/uploads\/2022\/03\/Capture-decran-le-2022-03-11-a-09.45.07.png?ssl=1\"><img data-recalc-dims=\"1\" loading=\"lazy\" decoding=\"async\" data-attachment-id=\"58510\" data-permalink=\"https:\/\/itayachtscanada.com\/fr\/new-100-electric-catamarans\/capture-decran-le-2022-03-11-a-09-45-07\/\" data-orig-file=\"https:\/\/i0.wp.com\/itayachtscanada.com\/wp-content\/uploads\/2022\/03\/Capture-decran-le-2022-03-11-a-09.45.07.png?fit=1002%2C1002&amp;ssl=1\" data-orig-size=\"1002,1002\" data-comments-opened=\"1\" data-image-meta=\"{&quot;aperture&quot;:&quot;0&quot;,&quot;credit&quot;:&quot;&quot;,&quot;camera&quot;:&quot;&quot;,&quot;caption&quot;:&quot;&quot;,&quot;created_timestamp&quot;:&quot;0&quot;,&quot;copyright&quot;:&quot;&quot;,&quot;focal_length&quot;:&quot;0&quot;,&quot;iso&quot;:&quot;0&quot;,&quot;shutter_speed&quot;:&quot;0&quot;,&quot;title&quot;:&quot;&quot;,&quot;orientation&quot;:&quot;0&quot;}\" data-image-title=\"Capture d\u2019\u00e9cran, le 2022-03-11 \u00e0 09.45.07\" data-image-description=\"\" data-image-caption=\"\" data-large-file=\"https:\/\/i0.wp.com\/itayachtscanada.com\/wp-content\/uploads\/2022\/03\/Capture-decran-le-2022-03-11-a-09.45.07.png?fit=700%2C700&amp;ssl=1\" class=\"alignnone wp-image-58510 size-medium\" src=\"https:\/\/i0.wp.com\/itayachtscanada.com\/wp-content\/uploads\/2022\/03\/Capture-decran-le-2022-03-11-a-09.45.07.png?resize=300%2C300&#038;ssl=1\" alt=\"\" width=\"300\" height=\"300\" srcset=\"https:\/\/i0.wp.com\/itayachtscanada.com\/wp-content\/uploads\/2022\/03\/Capture-decran-le-2022-03-11-a-09.45.07.png?resize=300%2C300&amp;ssl=1 300w, https:\/\/i0.wp.com\/itayachtscanada.com\/wp-content\/uploads\/2022\/03\/Capture-decran-le-2022-03-11-a-09.45.07.png?resize=150%2C150&amp;ssl=1 150w, https:\/\/i0.wp.com\/itayachtscanada.com\/wp-content\/uploads\/2022\/03\/Capture-decran-le-2022-03-11-a-09.45.07.png?resize=768%2C768&amp;ssl=1 768w, https:\/\/i0.wp.com\/itayachtscanada.com\/wp-content\/uploads\/2022\/03\/Capture-decran-le-2022-03-11-a-09.45.07.png?resize=60%2C60&amp;ssl=1 60w, https:\/\/i0.wp.com\/itayachtscanada.com\/wp-content\/uploads\/2022\/03\/Capture-decran-le-2022-03-11-a-09.45.07.png?resize=800%2C800&amp;ssl=1 800w, https:\/\/i0.wp.com\/itayachtscanada.com\/wp-content\/uploads\/2022\/03\/Capture-decran-le-2022-03-11-a-09.45.07.png?resize=400%2C400&amp;ssl=1 400w, https:\/\/i0.wp.com\/itayachtscanada.com\/wp-content\/uploads\/2022\/03\/Capture-decran-le-2022-03-11-a-09.45.07.png?resize=200%2C200&amp;ssl=1 200w, https:\/\/i0.wp.com\/itayachtscanada.com\/wp-content\/uploads\/2022\/03\/Capture-decran-le-2022-03-11-a-09.45.07.png?resize=700%2C700&amp;ssl=1 700w, https:\/\/i0.wp.com\/itayachtscanada.com\/wp-content\/uploads\/2022\/03\/Capture-decran-le-2022-03-11-a-09.45.07.png?resize=100%2C100&amp;ssl=1 100w, https:\/\/i0.wp.com\/itayachtscanada.com\/wp-content\/uploads\/2022\/03\/Capture-decran-le-2022-03-11-a-09.45.07.png?resize=50%2C50&amp;ssl=1 50w, https:\/\/i0.wp.com\/itayachtscanada.com\/wp-content\/uploads\/2022\/03\/Capture-decran-le-2022-03-11-a-09.45.07.png?w=1002&amp;ssl=1 1002w\" sizes=\"auto, (max-width: 300px) 100vw, 300px\" \/><\/a>\u00a0\u00a0ALVA YACHTS<\/p>\n<p>&nbsp;<\/p>\n<p>Alva Yachts a \u00e9t\u00e9 d\u00e9velopp\u00e9 au d\u00e9but de 2020 \u00e0 partir de l&rsquo;ancienne soci\u00e9t\u00e9 Pica Yachts. \u00c0 ce stade, Pica a d\u00e9j\u00e0 6 ans d&rsquo;exp\u00e9rience dans le d\u00e9veloppement, la construction et la commercialisation de petits yachts \u00e0 voile et \u00e0 moteur \u00e0 propulsion \u00e9lectrique. Au d\u00e9but de 2020, plus de 40 bateaux avaient \u00e9t\u00e9 vendus et ont \u00e9t\u00e9 utilis\u00e9s par de nombreux clients satisfaits.<\/p>\n<p>&nbsp;<\/p>\n<p>Depuis la fondation d&rsquo;Alva Yachts, les propri\u00e9taires de l&rsquo;entreprise Allemande commencent \u00e0 construire des yachts de luxe super efficaces pour r\u00e9pondre au march\u00e9 croissant des espaces de vie \u00e9cologiques sur l&rsquo;eau.<\/p>\n<p><a href=\"https:\/\/i0.wp.com\/itayachtscanada.com\/wp-content\/uploads\/2022\/03\/Capture-decran-le-2022-03-11-a-09.43.04.png?ssl=1\"><img data-recalc-dims=\"1\" loading=\"lazy\" decoding=\"async\" data-attachment-id=\"58513\" data-permalink=\"https:\/\/itayachtscanada.com\/fr\/new-100-electric-catamarans\/capture-decran-le-2022-03-11-a-09-43-04\/\" data-orig-file=\"https:\/\/i0.wp.com\/itayachtscanada.com\/wp-content\/uploads\/2022\/03\/Capture-decran-le-2022-03-11-a-09.43.04.png?fit=1002%2C514&amp;ssl=1\" data-orig-size=\"1002,514\" data-comments-opened=\"1\" data-image-meta=\"{&quot;aperture&quot;:&quot;0&quot;,&quot;credit&quot;:&quot;&quot;,&quot;camera&quot;:&quot;&quot;,&quot;caption&quot;:&quot;&quot;,&quot;created_timestamp&quot;:&quot;0&quot;,&quot;copyright&quot;:&quot;&quot;,&quot;focal_length&quot;:&quot;0&quot;,&quot;iso&quot;:&quot;0&quot;,&quot;shutter_speed&quot;:&quot;0&quot;,&quot;title&quot;:&quot;&quot;,&quot;orientation&quot;:&quot;0&quot;}\" data-image-title=\"Capture d\u2019\u00e9cran, le 2022-03-11 \u00e0 09.43.04\" data-image-description=\"\" data-image-caption=\"\" data-large-file=\"https:\/\/i0.wp.com\/itayachtscanada.com\/wp-content\/uploads\/2022\/03\/Capture-decran-le-2022-03-11-a-09.43.04.png?fit=700%2C359&amp;ssl=1\" class=\"alignnone wp-image-58513 size-medium\" src=\"https:\/\/i0.wp.com\/itayachtscanada.com\/wp-content\/uploads\/2022\/03\/Capture-decran-le-2022-03-11-a-09.43.04.png?resize=300%2C154&#038;ssl=1\" alt=\"\" width=\"300\" height=\"154\" srcset=\"https:\/\/i0.wp.com\/itayachtscanada.com\/wp-content\/uploads\/2022\/03\/Capture-decran-le-2022-03-11-a-09.43.04.png?resize=300%2C154&amp;ssl=1 300w, https:\/\/i0.wp.com\/itayachtscanada.com\/wp-content\/uploads\/2022\/03\/Capture-decran-le-2022-03-11-a-09.43.04.png?resize=768%2C394&amp;ssl=1 768w, https:\/\/i0.wp.com\/itayachtscanada.com\/wp-content\/uploads\/2022\/03\/Capture-decran-le-2022-03-11-a-09.43.04.png?resize=700%2C359&amp;ssl=1 700w, https:\/\/i0.wp.com\/itayachtscanada.com\/wp-content\/uploads\/2022\/03\/Capture-decran-le-2022-03-11-a-09.43.04.png?resize=780%2C400&amp;ssl=1 780w, https:\/\/i0.wp.com\/itayachtscanada.com\/wp-content\/uploads\/2022\/03\/Capture-decran-le-2022-03-11-a-09.43.04.png?w=1002&amp;ssl=1 1002w\" sizes=\"auto, (max-width: 300px) 100vw, 300px\" \/><\/a>\u00a0ALVA YACHTS<\/p>\n<p>&nbsp;<\/p>\n<p>La conception et le d\u00e9veloppement des yachts sont assur\u00e9s par le c\u00e9l\u00e8bre bureau d&rsquo;\u00e9tudes Henndesign. Son propri\u00e9taire, M. Holger Henn, est \u00e9galement cofondateur d&rsquo;Alva Yachts.<\/p>\n<p>Alva Yachts a r\u00e9cemment investi pour avoir son stand aux principaux salons nautiques internationaux de Cannes et de Fort Lauderdale. L&rsquo;objectif \u00e9tait de montrer nos superbes yachts et de soutenir la navigation de plaisance durable pour les g\u00e9n\u00e9rations futures. \u00ab\u00a0Ce \u00e0 quoi nous n&rsquo;\u00e9tions pas pr\u00e9par\u00e9s, c&rsquo;est \u00e0 l&rsquo;\u00e9norme int\u00e9r\u00eat suscit\u00e9 par les Alva Yachts et au nombre important de nouvelles commandes\u00a0\u00bb, a d\u00e9clar\u00e9 Dennis de Roos.<\/p>\n<p>&nbsp;<\/p>\n<p><a href=\"https:\/\/i0.wp.com\/itayachtscanada.com\/wp-content\/uploads\/2022\/03\/Capture-decran-le-2022-03-11-a-09.37.52.png?ssl=1\"><img data-recalc-dims=\"1\" loading=\"lazy\" decoding=\"async\" data-attachment-id=\"58528\" data-permalink=\"https:\/\/itayachtscanada.com\/fr\/new-100-electric-catamarans\/capture-decran-le-2022-03-11-a-09-37-52\/\" data-orig-file=\"https:\/\/i0.wp.com\/itayachtscanada.com\/wp-content\/uploads\/2022\/03\/Capture-decran-le-2022-03-11-a-09.37.52.png?fit=1948%2C626&amp;ssl=1\" data-orig-size=\"1948,626\" data-comments-opened=\"1\" data-image-meta=\"{&quot;aperture&quot;:&quot;0&quot;,&quot;credit&quot;:&quot;&quot;,&quot;camera&quot;:&quot;&quot;,&quot;caption&quot;:&quot;&quot;,&quot;created_timestamp&quot;:&quot;0&quot;,&quot;copyright&quot;:&quot;&quot;,&quot;focal_length&quot;:&quot;0&quot;,&quot;iso&quot;:&quot;0&quot;,&quot;shutter_speed&quot;:&quot;0&quot;,&quot;title&quot;:&quot;&quot;,&quot;orientation&quot;:&quot;0&quot;}\" data-image-title=\"Capture d\u2019\u00e9cran, le 2022-03-11 \u00e0 09.37.52\" data-image-description=\"\" data-image-caption=\"\" data-large-file=\"https:\/\/i0.wp.com\/itayachtscanada.com\/wp-content\/uploads\/2022\/03\/Capture-decran-le-2022-03-11-a-09.37.52.png?fit=700%2C225&amp;ssl=1\" class=\"alignnone wp-image-58528 size-medium\" src=\"https:\/\/i0.wp.com\/itayachtscanada.com\/wp-content\/uploads\/2022\/03\/Capture-decran-le-2022-03-11-a-09.37.52.png?resize=300%2C96&#038;ssl=1\" alt=\"\" width=\"300\" height=\"96\" srcset=\"https:\/\/i0.wp.com\/itayachtscanada.com\/wp-content\/uploads\/2022\/03\/Capture-decran-le-2022-03-11-a-09.37.52.png?resize=300%2C96&amp;ssl=1 300w, https:\/\/i0.wp.com\/itayachtscanada.com\/wp-content\/uploads\/2022\/03\/Capture-decran-le-2022-03-11-a-09.37.52.png?resize=1024%2C329&amp;ssl=1 1024w, https:\/\/i0.wp.com\/itayachtscanada.com\/wp-content\/uploads\/2022\/03\/Capture-decran-le-2022-03-11-a-09.37.52.png?resize=768%2C247&amp;ssl=1 768w, https:\/\/i0.wp.com\/itayachtscanada.com\/wp-content\/uploads\/2022\/03\/Capture-decran-le-2022-03-11-a-09.37.52.png?resize=1536%2C494&amp;ssl=1 1536w, https:\/\/i0.wp.com\/itayachtscanada.com\/wp-content\/uploads\/2022\/03\/Capture-decran-le-2022-03-11-a-09.37.52.png?resize=1200%2C386&amp;ssl=1 1200w, https:\/\/i0.wp.com\/itayachtscanada.com\/wp-content\/uploads\/2022\/03\/Capture-decran-le-2022-03-11-a-09.37.52.png?resize=700%2C225&amp;ssl=1 700w, https:\/\/i0.wp.com\/itayachtscanada.com\/wp-content\/uploads\/2022\/03\/Capture-decran-le-2022-03-11-a-09.37.52.png?resize=1245%2C400&amp;ssl=1 1245w, https:\/\/i0.wp.com\/itayachtscanada.com\/wp-content\/uploads\/2022\/03\/Capture-decran-le-2022-03-11-a-09.37.52.png?w=1948&amp;ssl=1 1948w, https:\/\/i0.wp.com\/itayachtscanada.com\/wp-content\/uploads\/2022\/03\/Capture-decran-le-2022-03-11-a-09.37.52.png?w=1400&amp;ssl=1 1400w\" sizes=\"auto, (max-width: 300px) 100vw, 300px\" \/><\/a><\/p>\n<p>L&rsquo;activit\u00e9 d&rsquo;Alva Yachts est dans une position tr\u00e8s stable. Avec des commandes jusqu&rsquo;en 2023 pour tous nos mod\u00e8les de yachts, et une liste \u00e9tendue d&rsquo;acheteurs potentiels des quatre coins du monde. Le chantier naval Alva d&rsquo;Antalya, en Turquie, tourne \u00e0 plein r\u00e9gime avec les Ocean ECO 54, 60 et 90 en production. \u00ab\u00a0Nous envisageons maintenant d&rsquo;augmenter notre capacit\u00e9 de production pour r\u00e9pondre \u00e0 la demande croissante de nos clients\u00a0\u00bb, a d\u00e9clar\u00e9 Holger Henn.<\/p>\n<p>&nbsp;<\/p>\n<p>L&rsquo;avenir est tr\u00e8s prometteur pour Alva Yachts. Les prochaines \u00e9tapes consistent \u00e0 respecter notre programme de production en cours et \u00e0 continuer \u00e0 innover. Notre d\u00e9partement de recherche et d\u00e9veloppement est tr\u00e8s occup\u00e9 par les technologies des piles \u00e0 combustible, qui seront probablement la prochaine \u00e9tape en mati\u00e8re de durabilit\u00e9. En outre, nous constatons une demande croissante sur le march\u00e9 des super yachts solaires \u00e9lectriques de 100 \u00e0 120 pieds. Une opportunit\u00e9 que nous sommes impatients d&rsquo;explorer !<\/p>\n<p><a href=\"https:\/\/i0.wp.com\/itayachtscanada.com\/wp-content\/uploads\/2022\/03\/Capture-decran-le-2022-03-11-a-09.40.15.png?ssl=1\"><img data-recalc-dims=\"1\" loading=\"lazy\" decoding=\"async\" data-attachment-id=\"58520\" data-permalink=\"https:\/\/itayachtscanada.com\/fr\/new-100-electric-catamarans\/capture-decran-le-2022-03-11-a-09-40-15\/\" data-orig-file=\"https:\/\/i0.wp.com\/itayachtscanada.com\/wp-content\/uploads\/2022\/03\/Capture-decran-le-2022-03-11-a-09.40.15.png?fit=950%2C840&amp;ssl=1\" data-orig-size=\"950,840\" data-comments-opened=\"1\" data-image-meta=\"{&quot;aperture&quot;:&quot;0&quot;,&quot;credit&quot;:&quot;&quot;,&quot;camera&quot;:&quot;&quot;,&quot;caption&quot;:&quot;&quot;,&quot;created_timestamp&quot;:&quot;0&quot;,&quot;copyright&quot;:&quot;&quot;,&quot;focal_length&quot;:&quot;0&quot;,&quot;iso&quot;:&quot;0&quot;,&quot;shutter_speed&quot;:&quot;0&quot;,&quot;title&quot;:&quot;&quot;,&quot;orientation&quot;:&quot;0&quot;}\" data-image-title=\"Capture d\u2019\u00e9cran, le 2022-03-11 \u00e0 09.40.15\" data-image-description=\"\" data-image-caption=\"\" data-large-file=\"https:\/\/i0.wp.com\/itayachtscanada.com\/wp-content\/uploads\/2022\/03\/Capture-decran-le-2022-03-11-a-09.40.15.png?fit=700%2C619&amp;ssl=1\" class=\"alignnone wp-image-58520 size-medium\" src=\"https:\/\/i0.wp.com\/itayachtscanada.com\/wp-content\/uploads\/2022\/03\/Capture-decran-le-2022-03-11-a-09.40.15.png?resize=300%2C265&#038;ssl=1\" alt=\"\" width=\"300\" height=\"265\" srcset=\"https:\/\/i0.wp.com\/itayachtscanada.com\/wp-content\/uploads\/2022\/03\/Capture-decran-le-2022-03-11-a-09.40.15.png?resize=300%2C265&amp;ssl=1 300w, https:\/\/i0.wp.com\/itayachtscanada.com\/wp-content\/uploads\/2022\/03\/Capture-decran-le-2022-03-11-a-09.40.15.png?resize=768%2C679&amp;ssl=1 768w, https:\/\/i0.wp.com\/itayachtscanada.com\/wp-content\/uploads\/2022\/03\/Capture-decran-le-2022-03-11-a-09.40.15.png?resize=700%2C619&amp;ssl=1 700w, https:\/\/i0.wp.com\/itayachtscanada.com\/wp-content\/uploads\/2022\/03\/Capture-decran-le-2022-03-11-a-09.40.15.png?resize=452%2C400&amp;ssl=1 452w, https:\/\/i0.wp.com\/itayachtscanada.com\/wp-content\/uploads\/2022\/03\/Capture-decran-le-2022-03-11-a-09.40.15.png?w=950&amp;ssl=1 950w\" sizes=\"auto, (max-width: 300px) 100vw, 300px\" \/><\/a><\/p>\n<p>&nbsp;<\/p>\n<p>Alva Yachts est fier d&rsquo;\u00eatre un leader innovant sur le march\u00e9 des yachts de luxe \u00e0 \u00e9nergie solaire avec une gamme de yachts de 50 \u00e0 90 pieds. Le si\u00e8ge social d&rsquo;ALVA se trouve \u00e0 Bad Pyrmont et le bureau d&rsquo;\u00e9tudes d&rsquo;Alva \u00e0 Berlin, en Allemagne. Le principal site de production se trouve \u00e0 Antalya, en Turquie.<\/p>\n<p>Il y a d&rsquo;autres manufacturiers sur le march\u00e9 qui offrent des catamarans \u00e9lectriques : SILENT YACHTS, SOEL YACHTS, HERLEY YACHTS. Nous allons revenir sur ce sujet prochainement.<\/p>\n<p>N&rsquo;h\u00e9sitez pas \u00e0 nous faire part de vos questions ou encore sur des sujets d&rsquo;articles, les courtiers en bateau de chez ItaYachtsCanada sont \u00e0 votre \u00e9coute, \u00e9crivez-nous.<\/p>\n<p>&nbsp;<\/p>\n<p><a href=\"https:\/\/i0.wp.com\/itayachtscanada.com\/wp-content\/uploads\/2022\/03\/Herley-6-copy.jpeg?ssl=1\"><img data-recalc-dims=\"1\" loading=\"lazy\" decoding=\"async\" data-attachment-id=\"58534\" data-permalink=\"https:\/\/itayachtscanada.com\/fr\/new-100-electric-catamarans\/herley-6-copy\/\" data-orig-file=\"https:\/\/i0.wp.com\/itayachtscanada.com\/wp-content\/uploads\/2022\/03\/Herley-6-copy.jpeg?fit=1024%2C683&amp;ssl=1\" data-orig-size=\"1024,683\" data-comments-opened=\"1\" data-image-meta=\"{&quot;aperture&quot;:&quot;0&quot;,&quot;credit&quot;:&quot;&quot;,&quot;camera&quot;:&quot;&quot;,&quot;caption&quot;:&quot;&quot;,&quot;created_timestamp&quot;:&quot;0&quot;,&quot;copyright&quot;:&quot;&quot;,&quot;focal_length&quot;:&quot;0&quot;,&quot;iso&quot;:&quot;0&quot;,&quot;shutter_speed&quot;:&quot;0&quot;,&quot;title&quot;:&quot;&quot;,&quot;orientation&quot;:&quot;0&quot;}\" data-image-title=\"Herley-6-copy\" data-image-description=\"\" data-image-caption=\"\" data-large-file=\"https:\/\/i0.wp.com\/itayachtscanada.com\/wp-content\/uploads\/2022\/03\/Herley-6-copy.jpeg?fit=700%2C467&amp;ssl=1\" class=\"alignnone wp-image-58534 size-medium\" src=\"https:\/\/i0.wp.com\/itayachtscanada.com\/wp-content\/uploads\/2022\/03\/Herley-6-copy.jpeg?resize=300%2C200&#038;ssl=1\" alt=\"\" width=\"300\" height=\"200\" srcset=\"https:\/\/i0.wp.com\/itayachtscanada.com\/wp-content\/uploads\/2022\/03\/Herley-6-copy.jpeg?resize=300%2C200&amp;ssl=1 300w, https:\/\/i0.wp.com\/itayachtscanada.com\/wp-content\/uploads\/2022\/03\/Herley-6-copy.jpeg?resize=768%2C512&amp;ssl=1 768w, https:\/\/i0.wp.com\/itayachtscanada.com\/wp-content\/uploads\/2022\/03\/Herley-6-copy.jpeg?resize=700%2C467&amp;ssl=1 700w, https:\/\/i0.wp.com\/itayachtscanada.com\/wp-content\/uploads\/2022\/03\/Herley-6-copy.jpeg?resize=900%2C600&amp;ssl=1 900w, https:\/\/i0.wp.com\/itayachtscanada.com\/wp-content\/uploads\/2022\/03\/Herley-6-copy.jpeg?resize=600%2C400&amp;ssl=1 600w, https:\/\/i0.wp.com\/itayachtscanada.com\/wp-content\/uploads\/2022\/03\/Herley-6-copy.jpeg?w=1024&amp;ssl=1 1024w\" sizes=\"auto, (max-width: 300px) 100vw, 300px\" \/><\/a>\u00a0Herley<\/p>\n<p><a href=\"https:\/\/i0.wp.com\/itayachtscanada.com\/wp-content\/uploads\/2022\/03\/new_48_Soel.png?ssl=1\"><img data-recalc-dims=\"1\" loading=\"lazy\" decoding=\"async\" data-attachment-id=\"58535\" data-permalink=\"https:\/\/itayachtscanada.com\/fr\/new-100-electric-catamarans\/new_48_soel\/\" data-orig-file=\"https:\/\/i0.wp.com\/itayachtscanada.com\/wp-content\/uploads\/2022\/03\/new_48_Soel.png?fit=1562%2C836&amp;ssl=1\" data-orig-size=\"1562,836\" data-comments-opened=\"1\" data-image-meta=\"{&quot;aperture&quot;:&quot;0&quot;,&quot;credit&quot;:&quot;&quot;,&quot;camera&quot;:&quot;&quot;,&quot;caption&quot;:&quot;&quot;,&quot;created_timestamp&quot;:&quot;0&quot;,&quot;copyright&quot;:&quot;&quot;,&quot;focal_length&quot;:&quot;0&quot;,&quot;iso&quot;:&quot;0&quot;,&quot;shutter_speed&quot;:&quot;0&quot;,&quot;title&quot;:&quot;&quot;,&quot;orientation&quot;:&quot;0&quot;}\" data-image-title=\"new_48_Soel\" data-image-description=\"\" data-image-caption=\"\" data-large-file=\"https:\/\/i0.wp.com\/itayachtscanada.com\/wp-content\/uploads\/2022\/03\/new_48_Soel.png?fit=700%2C375&amp;ssl=1\" class=\"alignnone wp-image-58535 size-medium\" src=\"https:\/\/i0.wp.com\/itayachtscanada.com\/wp-content\/uploads\/2022\/03\/new_48_Soel.png?resize=300%2C161&#038;ssl=1\" alt=\"\" width=\"300\" height=\"161\" srcset=\"https:\/\/i0.wp.com\/itayachtscanada.com\/wp-content\/uploads\/2022\/03\/new_48_Soel.png?resize=300%2C161&amp;ssl=1 300w, https:\/\/i0.wp.com\/itayachtscanada.com\/wp-content\/uploads\/2022\/03\/new_48_Soel.png?resize=1024%2C548&amp;ssl=1 1024w, https:\/\/i0.wp.com\/itayachtscanada.com\/wp-content\/uploads\/2022\/03\/new_48_Soel.png?resize=768%2C411&amp;ssl=1 768w, https:\/\/i0.wp.com\/itayachtscanada.com\/wp-content\/uploads\/2022\/03\/new_48_Soel.png?resize=1536%2C822&amp;ssl=1 1536w, https:\/\/i0.wp.com\/itayachtscanada.com\/wp-content\/uploads\/2022\/03\/new_48_Soel.png?resize=1200%2C642&amp;ssl=1 1200w, https:\/\/i0.wp.com\/itayachtscanada.com\/wp-content\/uploads\/2022\/03\/new_48_Soel.png?resize=700%2C375&amp;ssl=1 700w, https:\/\/i0.wp.com\/itayachtscanada.com\/wp-content\/uploads\/2022\/03\/new_48_Soel.png?resize=747%2C400&amp;ssl=1 747w, https:\/\/i0.wp.com\/itayachtscanada.com\/wp-content\/uploads\/2022\/03\/new_48_Soel.png?w=1562&amp;ssl=1 1562w, https:\/\/i0.wp.com\/itayachtscanada.com\/wp-content\/uploads\/2022\/03\/new_48_Soel.png?w=1400&amp;ssl=1 1400w\" sizes=\"auto, (max-width: 300px) 100vw, 300px\" \/><\/a>\u00a0Soel<\/p>\n<p><a href=\"https:\/\/i0.wp.com\/itayachtscanada.com\/wp-content\/uploads\/2022\/03\/silent_50.jpeg?ssl=1\"><img data-recalc-dims=\"1\" loading=\"lazy\" decoding=\"async\" data-attachment-id=\"58536\" data-permalink=\"https:\/\/itayachtscanada.com\/fr\/new-100-electric-catamarans\/silent_50\/\" data-orig-file=\"https:\/\/i0.wp.com\/itayachtscanada.com\/wp-content\/uploads\/2022\/03\/silent_50.jpeg?fit=1200%2C608&amp;ssl=1\" data-orig-size=\"1200,608\" data-comments-opened=\"1\" data-image-meta=\"{&quot;aperture&quot;:&quot;0&quot;,&quot;credit&quot;:&quot;&quot;,&quot;camera&quot;:&quot;&quot;,&quot;caption&quot;:&quot;&quot;,&quot;created_timestamp&quot;:&quot;0&quot;,&quot;copyright&quot;:&quot;&quot;,&quot;focal_length&quot;:&quot;0&quot;,&quot;iso&quot;:&quot;0&quot;,&quot;shutter_speed&quot;:&quot;0&quot;,&quot;title&quot;:&quot;&quot;,&quot;orientation&quot;:&quot;0&quot;}\" data-image-title=\"silent_50\" data-image-description=\"\" data-image-caption=\"\" data-large-file=\"https:\/\/i0.wp.com\/itayachtscanada.com\/wp-content\/uploads\/2022\/03\/silent_50.jpeg?fit=700%2C355&amp;ssl=1\" class=\"alignnone wp-image-58536 size-medium\" src=\"https:\/\/i0.wp.com\/itayachtscanada.com\/wp-content\/uploads\/2022\/03\/silent_50.jpeg?resize=300%2C152&#038;ssl=1\" alt=\"\" width=\"300\" height=\"152\" srcset=\"https:\/\/i0.wp.com\/itayachtscanada.com\/wp-content\/uploads\/2022\/03\/silent_50.jpeg?resize=300%2C152&amp;ssl=1 300w, https:\/\/i0.wp.com\/itayachtscanada.com\/wp-content\/uploads\/2022\/03\/silent_50.jpeg?resize=1024%2C519&amp;ssl=1 1024w, https:\/\/i0.wp.com\/itayachtscanada.com\/wp-content\/uploads\/2022\/03\/silent_50.jpeg?resize=768%2C389&amp;ssl=1 768w, https:\/\/i0.wp.com\/itayachtscanada.com\/wp-content\/uploads\/2022\/03\/silent_50.jpeg?resize=700%2C355&amp;ssl=1 700w, https:\/\/i0.wp.com\/itayachtscanada.com\/wp-content\/uploads\/2022\/03\/silent_50.jpeg?resize=789%2C400&amp;ssl=1 789w, https:\/\/i0.wp.com\/itayachtscanada.com\/wp-content\/uploads\/2022\/03\/silent_50.jpeg?w=1200&amp;ssl=1 1200w\" sizes=\"auto, (max-width: 300px) 100vw, 300px\" \/><\/a>Silent<\/p>\n<p>&nbsp;<\/p>\n<div data-test='contact-form'\n\t\t\tid='contact-form-58507'\n\t\t\tclass='jetpack-contact-form-container '\n\t\t\tdata-wp-interactive='jetpack\/form' data-wp-context='{\"formId\":\"58507\",\"formHash\":\"d9562f0b196e3fc649eb0f1d95433f51fb7dd484\",\"showErrors\":false,\"errors\":[],\"fields\":[],\"isMultiStep\":false,\"useAjax\":false,\"submissionData\":null,\"formattedSubmissionData\":[],\"submissionSuccess\":false,\"submissionError\":null,\"elementId\":\"jp-form-d9562f0b196e3fc649eb0f1d95433f51fb7dd484\",\"isSingleInputForm\":false,\"isForcedHorizontal\":false}'\n\t\t\tdata-wp-watch--scroll-to-wrapper=\"callbacks.scrollToWrapper\"\n\t\t>\n<div class=\"contact-form-submission contact-form-ajax-submission\" data-wp-bind--aria-hidden=\"state.isSuccessMessageAriaHidden\" data-wp-class--submission-success=\"context.submissionSuccess\" id=\"contact-form-success-d9562f0b196e3fc649eb0f1d95433f51fb7dd484\" tabindex=\"-1\" aria-labelledby=\"contact-form-success-header-d9562f0b196e3fc649eb0f1d95433f51fb7dd484\"><p class=\"go-back-message\"><a class=\"link\" role=\"button\" tabindex=\"0\" data-wp-on--click=\"actions.goBack\" href=\"\/fr\/wp-json\/wp\/v2\/posts\/58507\">\u2190 Retour<\/a><\/p><h4 data-wp-bind--aria-hidden=\"state.isSuccessMessageAriaHidden\" id=\"contact-form-success-header-d9562f0b196e3fc649eb0f1d95433f51fb7dd484\">Merci pour votre r\u00e9ponse. \u2728<\/h4>\n\n<template data-wp-each--submission=\"context.formattedSubmissionData\">\n\t\t\t\t\t<div class=\"jetpack_forms_contact-form-success-summary\">\n\t\t\t\t\t\t<div class=\"field-name-wrapper\">\n\t\t\t\t\t\t\t<div class=\"field-type-icon\" data-wp-watch=\"callbacks.watchFieldTypeIcon\"><\/div>\n\t\t\t\t\t\t\t<div class=\"field-name\" data-wp-text=\"context.submission.label\" data-wp-bind--hidden=\"!context.submission.label\"><\/div>\n\t\t\t\t\t\t<\/div>\n\t\t\t\t\t\t<div class=\"field-value\" data-wp-text=\"context.submission.value\" data-wp-bind--hidden=\"!context.submission.showPlainValue\"><\/div>\n\t\t\t\t\t\t<a class=\"field-url\" data-wp-bind--href=\"context.submission.url\" data-wp-text=\"context.submission.value\" data-wp-bind--hidden=\"!context.submission.url\" target=\"_blank\" rel=\"noopener noreferrer\"><\/a>\n\t\t\t\t\t\t<div class=\"field-rating\" data-wp-bind--hidden=\"!context.submission.rating\" data-wp-watch=\"callbacks.watchRatingIcons\"><\/div>\n\t\t\t\t\t\t<div class=\"field-images\" data-wp-bind--hidden=\"!context.submission.images\">\n\t\t\t\t\t\t\t<template data-wp-each--image=\"context.submission.images\">\n\t\t\t\t\t\t\t\t<div class=\"field-image-option\" data-wp-class--is-empty=\"!context.image.src\">\n\t\t\t\t\t\t\t\t\t<figure class=\"field-image-option__image\" data-wp-class--is-empty=\"!context.image.src\">\n\t\t\t\t\t\t\t\t\t\t<img data-wp-bind--src=\"context.image.src\" data-wp-bind--hidden=\"!context.image.src\" \/>\n\t\t\t\t\t\t\t\t\t\t<img decoding=\"async\" src=\"data:image\/gif;base64,R0lGODlhAQABAAD\/ACwAAAAAAQABAAACADs=\" data-wp-bind--hidden=\"context.image.src\" \/>\n\t\t\t\t\t\t\t\t\t<\/figure>\n\t\t\t\t\t\t\t\t\t<div class=\"field-image-option__label-wrapper\">\n\t\t\t\t\t\t\t\t\t\t<span class=\"field-image-option__label-code\" data-wp-text=\"context.image.letterCode\"><\/span>\n\t\t\t\t\t\t\t\t\t\t<span class=\"field-image-option__label\" data-wp-text=\"context.image.label\" data-wp-bind--hidden=\"!context.image.label\"><\/span>\n\t\t\t\t\t\t\t\t\t<\/div>\n\t\t\t\t\t\t\t\t<\/div>\n\t\t\t\t\t\t\t<\/template>\n\t\t\t\t\t\t<\/div>\n\t\t\t\t\t\t<div class=\"field-files\" data-wp-bind--hidden=\"!context.submission.files\">\n\t\t\t\t\t\t\t<template data-wp-each--file=\"context.submission.files\">\n\t\t\t\t\t\t\t\t<div class=\"field-file\">\n\t\t\t\t\t\t\t\t\t<div class=\"field-file__thumbnail\" data-wp-style--background-image=\"context.file.previewUrl\" data-wp-style--mask-image=\"context.file.iconUrl\" data-wp-bind--hidden=\"!context.file.hasPreview\"><\/div>\n\t\t\t\t\t\t\t\t\t<svg class=\"field-file__icon\" data-wp-bind--hidden=\"context.file.hasPreview\" width=\"20\" height=\"20\" viewBox=\"0 0 24 24\" fill=\"none\" xmlns=\"http:\/\/www.w3.org\/2000\/svg\" aria-hidden=\"true\">\n\t\t\t\t\t\t\t\t\t\t<path d=\"M14 2H6C4.9 2 4 2.9 4 4V20C4 21.1 4.89 22 5.99 22H18C19.1 22 20 21.1 20 20V8L14 2ZM18 20H6V4H13V9H18V20Z\" fill=\"currentColor\"\/>\n\t\t\t\t\t\t\t\t\t<\/svg>\n\t\t\t\t\t\t\t\t\t<span class=\"field-file__name\" data-wp-text=\"context.file.name\"><\/span>\n\t\t\t\t\t\t\t\t\t<span class=\"field-file__size\" data-wp-text=\"context.file.size\"><\/span>\n\t\t\t\t\t\t\t\t<\/div>\n\t\t\t\t\t\t\t<\/template>\n\t\t\t\t\t\t<\/div>\n\t\t\t\t\t<\/div>\n\t\t\t\t<\/template><\/div><form action='https:\/\/itayachtscanada.com\/fr\/new-100-electric-catamarans\/'\n\t\t\t\tid='jp-form-d9562f0b196e3fc649eb0f1d95433f51fb7dd484'\n\t\t\t\tmethod='post'\n\t\t\t\tclass='contact-form commentsblock jetpack-contact-form__form has-no-jetpack-form-layout' aria-label=\"{:en}NEW 100% ELECTRIC CATAMARANS{:}{:fr}DES NOUVEAUX CATAMARANS 100% \u00c9LECTRIQUE{:}\"\n\t\t\t\tdata-wp-on--submit=\"actions.onFormSubmit\"\n\t\t\t\tdata-wp-on--reset=\"actions.onFormReset\"\n\t\t\t\tdata-wp-class--submission-success=\"context.submissionSuccess\"\n\t\t\t\tdata-wp-class--is-first-step=\"state.isFirstStep\"\n\t\t\t\tdata-wp-class--is-last-step=\"state.isLastStep\"\n\t\t\t\tdata-wp-class--is-ajax-form=\"context.useAjax\"\n\t\t\t\tnovalidate >\n<input type='hidden' name='jetpack_contact_form_jwt' value='eyJ0eXAiOiJKV1QiLCJhbGciOiJIUzI1NiJ9.eyJlbmNyeXB0ZWRfYXR0cmlidXRlcyI6ImVrRU5yb0FWZms1c2N5OHdaQXpPQU11VDNkTmQwZlJwd2xiR1liOHBNdTZadExObXlxdEhidkZjaWhRSWpiekZZaUFsZGlscVJ4TVVBT2RHbTJwV1RoeXJHNDJmQzd2S01jZ0V2M0RIamp6ZHpqY2NJYVVkZEk0dTltN0dkaGdxY2xwRHZ5UlVOa3l4TEc1UEZiK0pBbkl4WWM1V1o1OWFJUFJNeC9sUGEvYTJ3c1JaRGxaY2k4dGsyV3psdzZQcWVtN243T0FBWDU5SHorK3gvc2kxTFlETmhrTHA1Wlg1czQxcGRlZ09pVzhkVmxDUGhMOVZLakdBTVEydXF0dnV3aGtHV1lLRXBkb0JQRmtuQ2o5bDI5aFFsbDZFREkxSmRuZ3NmZi9nbmx5bUt0RWdZVlczdjNDQ21YWUdsWGIyRmMwVTN1RjY4d2ZLNmNZZGhlaGpkOURyeTBiSUVmdGJEVkM2QU9Ma1E5bWpxZWxmckhEZUV6akQyTytOcFVwK3VReVhacjY5NGQxOXZ1VXZEQ3F3WWlIMStLSVppK2xIVmwvSlZHVnRzZUJYYUpUcFdlRGlham1FWXo3YWd3dWFSNWRrdStDcWJieWFRTEhNcGJQaUI0MklucVpQV2VGczZZQlFnZlFYUHRwRWdNQnlkeXVpOVF5bzZOYWxaakNxdHh4Q3R5VDlucVY2MWNabjJTV2dpLzhyQ09mNHZNTWUwcVdIUWo3dEZCblJZWXVGY280SmMxNThuOFdFakdpVmZQTlFDSldRV1hwZEczYktRMTVVdHdFT1VoUGJWaGFGMWVWTzJ5RithWVU5K2pPek8rTjB4b3dlZEUwanVzWmlhUVd0VEsyUzlaVU9ON2x1eVJnMlBGOTFzajdReG5nbndIZkF6b0M2ZU4rdFF5bmUwSXZCUWFsUFk1d2hydVVrd0s0TlBYYTNnb3NuemR0VU04UFFmTktUT1E3WnZpL2xnY1VjaWJxa2JlV0twTFlIcGVNUlY4ZzhPNFFpbE5hdzVNcExCZ2tSaUtOQTdOdVI3WDg4QSsxQ1F6WW9oZTYzVklPZTNOR1lydEpGTjJPZHVqbktxQnExL1FDUExOdDJuOWtqRGtDUUF6NTZGNnoyTmhhSU5YeUFlcHQrSkJnWU5lNEVYVDJKeXErWUhBWUkyOGxaQzJtcGcwUjBYdFRHZ3JweGZZNkttVmxPanczVUl5N2s4b3dKamZUWFZwa0w5MzdPQWZ3cWpTVDRoNUdzNUswY3dmdUIiLCJjb250ZW50IjoiW2NvbnRhY3QtZmllbGQgbGFiZWw9XCJOb21cIiB0eXBlPVwibmFtZVwiIHJlcXVpcmVkPVwiMVwiXVtjb250YWN0LWZpZWxkIGxhYmVsPVwiRS1tYWlsXCIgdHlwZT1cImVtYWlsXCIgcmVxdWlyZWQ9XCIxXCJdW2NvbnRhY3QtZmllbGQgbGFiZWw9XCJBdSBzdWpldCBkZXMgY2F0YW1hcmFucyBcdTAwZTlsZWN0cmlxdWVzIDpcIiB0eXBlPVwidGV4dFwiXVtjb250YWN0LWZpZWxkIGxhYmVsPVwiTWVzc2FnZVwiIHR5cGU9XCJ0ZXh0YXJlYVwiXSIsImhhc2giOiJkOTU2MmYwYjE5NmUzZmM2NDllYjBmMWQ5NTQzM2Y1MWZiN2RkNDg0Iiwic291cmNlIjp7ImVudHJ5X3RpdGxlIjoiREVTIE5PVVZFQVVYIENBVEFNQVJBTlMgMTAwJSBcdTAwYzlMRUNUUklRVUUiLCJlbnRyeV9wYWdlIjoxLCJzb3VyY2VfaWQiOjU4NTA3LCJzb3VyY2VfdHlwZSI6InNpbmdsZSIsInJlcXVlc3RfdXJsIjoiaHR0cHM6Ly9pdGF5YWNodHNjYW5hZGEuY29tL2ZyL3dwLWpzb24vd3AvdjIvcG9zdHMvNTg1MDcifSwidmVyc2lvbiI6MiwiY2lwaGVyIjoiYWVzLTI1Ni1nY20ifQ.vaa4i9cclmN_mFeLB5sfOOGkXTqW7hfJ82tKt6E5BBQ' \/>\n\n<div style=\"\"  data-wp-interactive=\"jetpack\/form\" data-wp-context='{\"fieldId\":\"g58507-nom\",\"fieldType\":\"name\",\"fieldLabel\":\"Nom\",\"fieldValue\":\"\",\"fieldPlaceholder\":\"\",\"fieldIsRequired\":\"1\",\"fieldErrorMessage\":\"\",\"fieldExtra\":[],\"formHash\":\"d9562f0b196e3fc649eb0f1d95433f51fb7dd484\"}'  class='grunion-field-name-wrap grunion-field-wrap'  data-wp-init='callbacks.initializeField' data-wp-on--jetpack-form-reset='callbacks.initializeField' >\n<label\n\t\t\t\tfor='g58507-nom' class=\"grunion-field-label name\" >Nom<span class=\"grunion-label-required\" aria-hidden=\"true\">(obligatoire)<\/span><\/label>\n<input\n\t\t\t\t\ttype='text'\n\t\t\t\t\tname='g58507-nom'\n\t\t\t\t\tid='g58507-nom'\n\t\t\t\t\tvalue=''\n\n\t\t\t\t\tdata-wp-bind--aria-invalid='state.fieldAriaInvalid'\n\t\t\t\t\tdata-wp-bind--value='state.getFieldValue'\n\t\t\t\t\taria-describedby='g58507-nom-text-error-message'\n\t\t\t\t\tdata-wp-on--input='actions.onFieldChange'\n\t\t\t\t\tdata-wp-on--blur='actions.onFieldBlur'\n\t\t\t\t\tdata-wp-class--has-value='state.hasFieldValue'\n\n\t\t\t\t\tclass='name  grunion-field' \n\t\t\t\t\trequired='true' aria-required='true'  \/>\n \n\t\t\t<div id=\"g58507-nom-text-error\" class=\"contact-form__input-error\" data-wp-class--has-errors=\"state.fieldHasErrors\">\n\t\t\t\t<span class=\"contact-form__warning-icon\" aria-hidden=\"true\">\n\t\t\t\t\t<svg width=\"16\" height=\"16\" viewBox=\"0 0 16 16\" fill=\"none\" xmlns=\"http:\/\/www.w3.org\/2000\/svg\">\n\t\t\t\t\t\t<path d=\"M8.50015 11.6402H7.50015V10.6402H8.50015V11.6402Z\" \/>\n\t\t\t\t\t\t<path d=\"M7.50015 9.64018H8.50015V6.30684H7.50015V9.64018Z\" \/>\n\t\t\t\t\t\t<path fill-rule=\"evenodd\" clip-rule=\"evenodd\" d=\"M6.98331 3.0947C7.42933 2.30177 8.57096 2.30177 9.01698 3.09469L13.8771 11.7349C14.3145 12.5126 13.7525 13.4735 12.8602 13.4735H3.14004C2.24774 13.4735 1.68575 12.5126 2.12321 11.7349L6.98331 3.0947ZM8.14541 3.58496C8.08169 3.47168 7.9186 3.47168 7.85488 3.58496L2.99478 12.2251C2.93229 12.3362 3.01257 12.4735 3.14004 12.4735H12.8602C12.9877 12.4735 13.068 12.3362 13.0055 12.2251L8.14541 3.58496Z\" \/>\n\t\t\t\t\t<\/svg>\n\t\t\t\t<\/span>\n\t\t\t\t<span data-wp-text=\"state.errorMessage\" id=\"g58507-nom-text-error-message\"><\/span>\n\t\t\t<\/div> \n\t<\/div>\n\n<div style=\"\"  data-wp-interactive=\"jetpack\/form\" data-wp-context='{\"fieldId\":\"g58507-email\",\"fieldType\":\"email\",\"fieldLabel\":\"E-mail\",\"fieldValue\":\"\",\"fieldPlaceholder\":\"\",\"fieldIsRequired\":\"1\",\"fieldErrorMessage\":\"\",\"fieldExtra\":[],\"formHash\":\"d9562f0b196e3fc649eb0f1d95433f51fb7dd484\"}'  class='grunion-field-email-wrap grunion-field-wrap'  data-wp-init='callbacks.initializeField' data-wp-on--jetpack-form-reset='callbacks.initializeField' >\n<label\n\t\t\t\tfor='g58507-email' class=\"grunion-field-label email\" >E-mail<span class=\"grunion-label-required\" aria-hidden=\"true\">(obligatoire)<\/span><\/label>\n<input\n\t\t\t\t\ttype='email'\n\t\t\t\t\tname='g58507-email'\n\t\t\t\t\tid='g58507-email'\n\t\t\t\t\tvalue=''\n\n\t\t\t\t\tdata-wp-bind--aria-invalid='state.fieldAriaInvalid'\n\t\t\t\t\tdata-wp-bind--value='state.getFieldValue'\n\t\t\t\t\taria-describedby='g58507-email-email-error-message'\n\t\t\t\t\tdata-wp-on--input='actions.onFieldChange'\n\t\t\t\t\tdata-wp-on--blur='actions.onFieldBlur'\n\t\t\t\t\tdata-wp-class--has-value='state.hasFieldValue'\n\n\t\t\t\t\tclass='email  grunion-field' \n\t\t\t\t\trequired='true' aria-required='true'  \/>\n \n\t\t\t<div id=\"g58507-email-email-error\" class=\"contact-form__input-error\" data-wp-class--has-errors=\"state.fieldHasErrors\">\n\t\t\t\t<span class=\"contact-form__warning-icon\" aria-hidden=\"true\">\n\t\t\t\t\t<svg width=\"16\" height=\"16\" viewBox=\"0 0 16 16\" fill=\"none\" xmlns=\"http:\/\/www.w3.org\/2000\/svg\">\n\t\t\t\t\t\t<path d=\"M8.50015 11.6402H7.50015V10.6402H8.50015V11.6402Z\" \/>\n\t\t\t\t\t\t<path d=\"M7.50015 9.64018H8.50015V6.30684H7.50015V9.64018Z\" \/>\n\t\t\t\t\t\t<path fill-rule=\"evenodd\" clip-rule=\"evenodd\" d=\"M6.98331 3.0947C7.42933 2.30177 8.57096 2.30177 9.01698 3.09469L13.8771 11.7349C14.3145 12.5126 13.7525 13.4735 12.8602 13.4735H3.14004C2.24774 13.4735 1.68575 12.5126 2.12321 11.7349L6.98331 3.0947ZM8.14541 3.58496C8.08169 3.47168 7.9186 3.47168 7.85488 3.58496L2.99478 12.2251C2.93229 12.3362 3.01257 12.4735 3.14004 12.4735H12.8602C12.9877 12.4735 13.068 12.3362 13.0055 12.2251L8.14541 3.58496Z\" \/>\n\t\t\t\t\t<\/svg>\n\t\t\t\t<\/span>\n\t\t\t\t<span data-wp-text=\"state.errorMessage\" id=\"g58507-email-email-error-message\"><\/span>\n\t\t\t<\/div> \n\t<\/div>\n\n<div style=\"\"  data-wp-interactive=\"jetpack\/form\" data-wp-context='{\"fieldId\":\"g58507-ausujetdescatamaranslectriques\",\"fieldType\":\"text\",\"fieldLabel\":\"Au sujet des catamarans \\u00e9lectriques :\",\"fieldValue\":\"\",\"fieldPlaceholder\":\"\",\"fieldIsRequired\":\"\",\"fieldErrorMessage\":\"\",\"fieldExtra\":[],\"formHash\":\"d9562f0b196e3fc649eb0f1d95433f51fb7dd484\"}'  class='grunion-field-text-wrap grunion-field-wrap'  data-wp-init='callbacks.initializeField' data-wp-on--jetpack-form-reset='callbacks.initializeField' >\n<label\n\t\t\t\tfor='g58507-ausujetdescatamaranslectriques' class=\"grunion-field-label text\" >Au sujet des catamarans \u00e9lectriques :<\/label>\n<input\n\t\t\t\t\ttype='text'\n\t\t\t\t\tname='g58507-ausujetdescatamaranslectriques'\n\t\t\t\t\tid='g58507-ausujetdescatamaranslectriques'\n\t\t\t\t\tvalue=''\n\n\t\t\t\t\tdata-wp-bind--aria-invalid='state.fieldAriaInvalid'\n\t\t\t\t\tdata-wp-bind--value='state.getFieldValue'\n\t\t\t\t\taria-describedby='g58507-ausujetdescatamaranslectriques-text-error-message'\n\t\t\t\t\tdata-wp-on--input='actions.onFieldChange'\n\t\t\t\t\tdata-wp-on--blur='actions.onFieldBlur'\n\t\t\t\t\tdata-wp-class--has-value='state.hasFieldValue'\n\n\t\t\t\t\tclass='text  grunion-field' \n\t\t\t\t\t \/>\n \n\t\t\t<div id=\"g58507-ausujetdescatamaranslectriques-text-error\" class=\"contact-form__input-error\" data-wp-class--has-errors=\"state.fieldHasErrors\">\n\t\t\t\t<span class=\"contact-form__warning-icon\" aria-hidden=\"true\">\n\t\t\t\t\t<svg width=\"16\" height=\"16\" viewBox=\"0 0 16 16\" fill=\"none\" xmlns=\"http:\/\/www.w3.org\/2000\/svg\">\n\t\t\t\t\t\t<path d=\"M8.50015 11.6402H7.50015V10.6402H8.50015V11.6402Z\" \/>\n\t\t\t\t\t\t<path d=\"M7.50015 9.64018H8.50015V6.30684H7.50015V9.64018Z\" \/>\n\t\t\t\t\t\t<path fill-rule=\"evenodd\" clip-rule=\"evenodd\" d=\"M6.98331 3.0947C7.42933 2.30177 8.57096 2.30177 9.01698 3.09469L13.8771 11.7349C14.3145 12.5126 13.7525 13.4735 12.8602 13.4735H3.14004C2.24774 13.4735 1.68575 12.5126 2.12321 11.7349L6.98331 3.0947ZM8.14541 3.58496C8.08169 3.47168 7.9186 3.47168 7.85488 3.58496L2.99478 12.2251C2.93229 12.3362 3.01257 12.4735 3.14004 12.4735H12.8602C12.9877 12.4735 13.068 12.3362 13.0055 12.2251L8.14541 3.58496Z\" \/>\n\t\t\t\t\t<\/svg>\n\t\t\t\t<\/span>\n\t\t\t\t<span data-wp-text=\"state.errorMessage\" id=\"g58507-ausujetdescatamaranslectriques-text-error-message\"><\/span>\n\t\t\t<\/div> \n\t<\/div>\n\n<div style=\"\"  data-wp-interactive=\"jetpack\/form\" data-wp-context='{\"fieldId\":\"g58507-message\",\"fieldType\":\"textarea\",\"fieldLabel\":\"Message\",\"fieldValue\":\"\",\"fieldPlaceholder\":\"\",\"fieldIsRequired\":\"\",\"fieldErrorMessage\":\"\",\"fieldExtra\":[],\"formHash\":\"d9562f0b196e3fc649eb0f1d95433f51fb7dd484\"}'  class='grunion-field-textarea-wrap grunion-field-wrap'  data-wp-init='callbacks.initializeField' data-wp-on--jetpack-form-reset='callbacks.initializeField' >\n<label\n\t\t\t\tfor='contact-form-comment-g58507-message' class=\"grunion-field-label textarea\" >Message<\/label>\n<textarea\n\t\t                style=''\n\t\t                name='g58507-message'\n\t\t                id='contact-form-comment-g58507-message'\n\t\t                rows='20'\n\t\t\t\t\t\tdata-wp-text='state.getFieldValue'\n\t\t\t\t\t\tdata-wp-on--input='actions.onFieldChange'\n\t\t\t\t\t\tdata-wp-on--blur='actions.onFieldBlur'\n\t\t\t\t\t\tdata-wp-class--has-value='state.hasFieldValue'\n\t\t\t\t\t\taria-describedby='g58507-message-textarea-error-message'\n\t\t\t\t\t\tdata-wp-bind--aria-invalid='state.fieldAriaInvalid'\n\t\t\t\t\t\tclass='textarea  grunion-field'  ><\/textarea>\n \n\t\t\t<div id=\"g58507-message-textarea-error\" class=\"contact-form__input-error\" data-wp-class--has-errors=\"state.fieldHasErrors\">\n\t\t\t\t<span class=\"contact-form__warning-icon\" aria-hidden=\"true\">\n\t\t\t\t\t<svg width=\"16\" height=\"16\" viewBox=\"0 0 16 16\" fill=\"none\" xmlns=\"http:\/\/www.w3.org\/2000\/svg\">\n\t\t\t\t\t\t<path d=\"M8.50015 11.6402H7.50015V10.6402H8.50015V11.6402Z\" \/>\n\t\t\t\t\t\t<path d=\"M7.50015 9.64018H8.50015V6.30684H7.50015V9.64018Z\" \/>\n\t\t\t\t\t\t<path fill-rule=\"evenodd\" clip-rule=\"evenodd\" d=\"M6.98331 3.0947C7.42933 2.30177 8.57096 2.30177 9.01698 3.09469L13.8771 11.7349C14.3145 12.5126 13.7525 13.4735 12.8602 13.4735H3.14004C2.24774 13.4735 1.68575 12.5126 2.12321 11.7349L6.98331 3.0947ZM8.14541 3.58496C8.08169 3.47168 7.9186 3.47168 7.85488 3.58496L2.99478 12.2251C2.93229 12.3362 3.01257 12.4735 3.14004 12.4735H12.8602C12.9877 12.4735 13.068 12.3362 13.0055 12.2251L8.14541 3.58496Z\" \/>\n\t\t\t\t\t<\/svg>\n\t\t\t\t<\/span>\n\t\t\t\t<span data-wp-text=\"state.errorMessage\" id=\"g58507-message-textarea-error-message\"><\/span>\n\t\t\t<\/div>\n\t<\/div>\n\t<p class='contact-submit'>\n<div class=\"contact-form__error\" data-wp-class--show-errors=\"state.showFormErrors\"><span class=\"contact-form__warning-icon\" aria-hidden=\"true\"><i><\/i><\/span><span class=\"contact-form__error-message\" tabindex=\"-1\" data-wp-watch=\"callbacks.focusOnValidationError\" data-wp-text=\"state.getFormErrorMessage\"><\/span><ul aria-label=\"Erreurs de formulaire\">\n\t\t\t\t<template data-wp-each=\"state.getErrorList\" data-wp-key=\"context.item.id\">\n\t\t\t\t\t<li><a data-wp-bind--href=\"context.item.anchor\" data-wp-on--click=\"actions.scrollIntoView\" data-wp-text=\"context.item.label\"><\/a><\/li>\n\t\t\t\t<\/template>\n\t\t\t\t<\/ul><\/div><div class=\"contact-form__error\" data-wp-class--show-errors=\"state.showSubmissionError\" data-wp-text=\"context.submissionError\" tabindex=\"-1\" data-wp-watch=\"callbacks.focusOnSubmissionError\"><\/div>\t\t<button type='submit' class='pushbutton-wide'>Envoyer<\/button>\t\t<input type='hidden' name='contact-form-id' value='58507' \/>\n\t\t<input type='hidden' name='action' value='grunion-contact-form' \/>\n\t\t<input type='hidden' name='contact-form-hash' value='d9562f0b196e3fc649eb0f1d95433f51fb7dd484' \/>\n\t<\/p>\n<p style=\"display: none !important;\" class=\"akismet-fields-container\" data-prefix=\"ak_\"><label>&#916;<textarea name=\"ak_hp_textarea\" cols=\"45\" rows=\"8\" maxlength=\"100\"><\/textarea><\/label><input type=\"hidden\" id=\"ak_js_1\" name=\"ak_js\" value=\"22\"\/><script type=\"text\/javascript\">\n\/* <![CDATA[ *\/\ndocument.getElementById( \"ak_js_1\" ).setAttribute( \"value\", ( new Date() ).getTime() );\n\/* ]]> *\/\n<\/script>\n<\/p><\/form>\n<\/div>\n<p>&nbsp;<\/p>\n<p>&nbsp;<\/p>\n<p>&nbsp;<\/p>\n<p>&nbsp;<\/p>\n<p>&nbsp;<\/p>\n","protected":false},"excerpt":{"rendered":"<p>DES NOUVEAUX CATAMARANS 100% \u00c9LECTRIQUE Un nouveau manufacturier s\u2019attaque \u00e0 ce march\u00e9 de l\u2019avenir, les yachts \u00e9lectriques. On assiste pour ce secteur \u00e0 un d\u00e9veloppement sans pr\u00e9c\u00e9dent. Mais cette fois-ci, ce sont des catamarans d\u00e9velopp\u00e9s par une firme allemande qui investit beaucoup afin de prendre un excellent positionnement pour de ce secteur avec des unit\u00e9s &hellip; <a href=\"https:\/\/itayachtscanada.com\/fr\/new-100-electric-catamarans\/\" class=\"more-link\">Lire la suite <span class=\"screen-reader-text\">DES NOUVEAUX CATAMARANS 100% \u00c9LECTRIQUE<\/span> <span class=\"meta-nav\">&rarr;<\/span><\/a><\/p>\n","protected":false},"author":119081455,"featured_media":58532,"comment_status":"open","ping_status":"open","sticky":false,"template":"","format":"standard","meta":{"_coblocks_attr":"","_coblocks_dimensions":"","_coblocks_responsive_height":"","_coblocks_accordion_ie_support":"","_lmt_disableupdate":"","_lmt_disable":"","advanced_seo_description":"","jetpack_seo_html_title":"","jetpack_seo_noindex":false,"_jetpack_newsletter_access":"","_jetpack_dont_email_post_to_subs":false,"_jetpack_newsletter_tier_id":0,"_jetpack_memberships_contains_paywalled_content":false,"_jetpack_memberships_contains_paid_content":false,"footnotes":"","jetpack_publicize_message":"","jetpack_publicize_feature_enabled":true,"jetpack_social_post_already_shared":true,"jetpack_social_options":{"image_generator_settings":{"template":"highway","default_image_id":0,"font":"","enabled":false},"version":2},"_wpas_customize_per_network":false,"jetpack_post_was_ever_published":false},"categories":[6325],"tags":[],"class_list":["post-58507","post","type-post","status-publish","format-standard","has-post-thumbnail","hentry","category-non-classe"],"translation":{"provider":"WPGlobus","version":"2.12.2","language":"fr","enabled_languages":["en","fr"],"languages":{"en":{"title":true,"content":true,"excerpt":false},"fr":{"title":true,"content":true,"excerpt":false}}},"modified_by":"Guy Bolduc","jetpack_publicize_connections":[],"jetpack_featured_media_url":"https:\/\/i0.wp.com\/itayachtscanada.com\/wp-content\/uploads\/2022\/03\/OceanEco90fbyHenndesignforYAAward_3.jpeg?fit=1500%2C844&ssl=1","jetpack_likes_enabled":true,"jetpack_sharing_enabled":true,"jetpack_shortlink":"https:\/\/wp.me\/pdr7OT-fdF","_links":{"self":[{"href":"https:\/\/itayachtscanada.com\/fr\/wp-json\/wp\/v2\/posts\/58507","targetHints":{"allow":["GET"]}}],"collection":[{"href":"https:\/\/itayachtscanada.com\/fr\/wp-json\/wp\/v2\/posts"}],"about":[{"href":"https:\/\/itayachtscanada.com\/fr\/wp-json\/wp\/v2\/types\/post"}],"author":[{"embeddable":true,"href":"https:\/\/itayachtscanada.com\/fr\/wp-json\/wp\/v2\/users\/119081455"}],"replies":[{"embeddable":true,"href":"https:\/\/itayachtscanada.com\/fr\/wp-json\/wp\/v2\/comments?post=58507"}],"version-history":[{"count":15,"href":"https:\/\/itayachtscanada.com\/fr\/wp-json\/wp\/v2\/posts\/58507\/revisions"}],"predecessor-version":[{"id":58795,"href":"https:\/\/itayachtscanada.com\/fr\/wp-json\/wp\/v2\/posts\/58507\/revisions\/58795"}],"wp:featuredmedia":[{"embeddable":true,"href":"https:\/\/itayachtscanada.com\/fr\/wp-json\/wp\/v2\/media\/58532"}],"wp:attachment":[{"href":"https:\/\/itayachtscanada.com\/fr\/wp-json\/wp\/v2\/media?parent=58507"}],"wp:term":[{"taxonomy":"category","embeddable":true,"href":"https:\/\/itayachtscanada.com\/fr\/wp-json\/wp\/v2\/categories?post=58507"},{"taxonomy":"post_tag","embeddable":true,"href":"https:\/\/itayachtscanada.com\/fr\/wp-json\/wp\/v2\/tags?post=58507"}],"curies":[{"name":"wp","href":"https:\/\/api.w.org\/{rel}","templated":true}]}}