{"id":298924,"date":"2026-01-31T12:50:23","date_gmt":"2026-01-31T17:50:23","guid":{"rendered":"https:\/\/itayachtscanada.com\/?p=298924"},"modified":"2026-02-04T11:10:34","modified_gmt":"2026-02-04T16:10:34","slug":"about-the-new-azimut-seadeck-9","status":"publish","type":"post","link":"https:\/\/itayachtscanada.com\/fr\/about-the-new-azimut-seadeck-9\/","title":{"rendered":"Azimut Seadeck 9 nouveau mod\u00e8le"},"content":{"rendered":"<p><strong>Au sujet du nouvel Azimut Seadeck 9<\/strong><\/p>\n<p>&nbsp;<\/p>\n<p>C\u2019est fait, le chantier italien Azimut-Benetti vient de faire l\u2019inauguration de son premier Azimut Seadeck 9 en Italie.<\/p>\n<p>Pour l\u2019instant, nous allons vous proposer ce qu\u2019en dit le manufacturier. Il est fort probable que des \u00e9valuations vont suivre au cours des prochains mois.<\/p>\n<p>&nbsp;<\/p>\n<p>Il est propuls\u00e9 par trois PODS Volvo IPS \u00e9quip\u00e9 de la nouvelle propulsion hybride de Volvo.<\/p>\n<p>Fait quand m\u00eame tr\u00e8s innovateur, c\u2019est la piscine arri\u00e8re (ou encore un SPA surdimensionn\u00e9e) qui fait une addition tr\u00e8s importante au concept de FUN ISLAND.<\/p>\n<p>Donc, il va falloir le voir de plus pr\u00e8s, c\u2019est \u00e0 suivre probablement au p<a href=\"https:\/\/itayachtscanada.com\/fr\/boat-show-listing\/au-debut-de-cet-automne-on-debute-avec-le-cannes-yachting-festival-qui-se-deroule-du-mardi-10-au-dimanche-15-septembre-2024\/\">rochain salon du bateau de Cannes<\/a>.<\/p>\n<p>&nbsp;<\/p>\n<p><img data-recalc-dims=\"1\" loading=\"lazy\" decoding=\"async\" data-attachment-id=\"299013\" data-permalink=\"https:\/\/itayachtscanada.com\/fr\/about-the-new-azimut-seadeck-9\/capture-decran-le-2026-02-04-a-09-53-02\/\" data-orig-file=\"https:\/\/i0.wp.com\/itayachtscanada.com\/wp-content\/uploads\/2026\/01\/Capture-decran-le-2026-02-04-a-09.53.02.jpg?fit=1474%2C974&amp;ssl=1\" data-orig-size=\"1474,974\" data-comments-opened=\"1\" data-image-meta=\"{&quot;aperture&quot;:&quot;0&quot;,&quot;credit&quot;:&quot;&quot;,&quot;camera&quot;:&quot;&quot;,&quot;caption&quot;:&quot;&quot;,&quot;created_timestamp&quot;:&quot;0&quot;,&quot;copyright&quot;:&quot;&quot;,&quot;focal_length&quot;:&quot;0&quot;,&quot;iso&quot;:&quot;0&quot;,&quot;shutter_speed&quot;:&quot;0&quot;,&quot;title&quot;:&quot;&quot;,&quot;orientation&quot;:&quot;0&quot;}\" data-image-title=\"Capture d\u2019e\u0301cran, le 2026-02-04 a\u0300 09.53.02\" data-image-description=\"\" data-image-caption=\"\" data-large-file=\"https:\/\/i0.wp.com\/itayachtscanada.com\/wp-content\/uploads\/2026\/01\/Capture-decran-le-2026-02-04-a-09.53.02.jpg?fit=700%2C463&amp;ssl=1\" class=\"alignnone wp-image-299013 size-large\" src=\"https:\/\/i0.wp.com\/itayachtscanada.com\/wp-content\/uploads\/2026\/01\/Capture-decran-le-2026-02-04-a-09.53.02.jpg?resize=700%2C463&#038;ssl=1\" alt=\"\" width=\"700\" height=\"463\" srcset=\"https:\/\/i0.wp.com\/itayachtscanada.com\/wp-content\/uploads\/2026\/01\/Capture-decran-le-2026-02-04-a-09.53.02.jpg?resize=1024%2C677&amp;ssl=1 1024w, https:\/\/i0.wp.com\/itayachtscanada.com\/wp-content\/uploads\/2026\/01\/Capture-decran-le-2026-02-04-a-09.53.02.jpg?resize=300%2C198&amp;ssl=1 300w, https:\/\/i0.wp.com\/itayachtscanada.com\/wp-content\/uploads\/2026\/01\/Capture-decran-le-2026-02-04-a-09.53.02.jpg?resize=768%2C507&amp;ssl=1 768w, https:\/\/i0.wp.com\/itayachtscanada.com\/wp-content\/uploads\/2026\/01\/Capture-decran-le-2026-02-04-a-09.53.02.jpg?resize=700%2C463&amp;ssl=1 700w, https:\/\/i0.wp.com\/itayachtscanada.com\/wp-content\/uploads\/2026\/01\/Capture-decran-le-2026-02-04-a-09.53.02.jpg?resize=605%2C400&amp;ssl=1 605w, https:\/\/i0.wp.com\/itayachtscanada.com\/wp-content\/uploads\/2026\/01\/Capture-decran-le-2026-02-04-a-09.53.02.jpg?w=1474&amp;ssl=1 1474w, https:\/\/i0.wp.com\/itayachtscanada.com\/wp-content\/uploads\/2026\/01\/Capture-decran-le-2026-02-04-a-09.53.02.jpg?w=1400&amp;ssl=1 1400w\" sizes=\"auto, (max-width: 700px) 100vw, 700px\" \/><\/p>\n<p>&nbsp;<\/p>\n<p>Cette cat\u00e9gorie entre 80 et 90 pieds est cependant passablement occup\u00e9e par la comp\u00e9tition italienne et anglaise. Je pense ici \u00e0 Ferretti, Sunseeker, Princess Yachts , Riva et aussi au Catamaran Sunreef. L\u2019innovation doit \u00eatre mise de l\u2019avant pour s\u00e9duire les plaisanciers en mode achat et ces manufacturiers sont constamment \u00e0 la planche \u00e0 dessin pour \u00e9laborer des yachts qui r\u00e9pondent de plus en plus aux crit\u00e8res des plaisanciers.<\/p>\n<p>&nbsp;<\/p>\n<p><strong>Description fait par AZIMUT<\/strong>\u00a0:<\/p>\n<p>Faisant partie de la premi\u00e8re s\u00e9rie hybride familiale d\u00e9velopp\u00e9e par Azimut, ce yacht incarne l&rsquo;id\u00e9al d&rsquo;un retour \u00e0 une exp\u00e9rience plus authentique du plein air.<\/p>\n<p>Le Seadeck 9 est \u00e0 la pointe de l&rsquo;efficacit\u00e9, gr\u00e2ce \u00e0 des solutions technologiques visant \u00e0 r\u00e9duire les \u00e9missions jusqu&rsquo;\u00e0 40 % et au Fun Island, un cockpit repens\u00e9 qui s&rsquo;ouvre sur la mer, un salon ext\u00e9rieur in\u00e9dit au niveau de l&rsquo;eau pour un contact permanent avec l&rsquo;eau.<\/p>\n<p>Lorsque les larges baies vitr\u00e9es sont ouvertes, l&rsquo;int\u00e9rieur et l&rsquo;ext\u00e9rieur ne font plus qu&rsquo;un, o\u00f9 cette nouvelle interaction informelle abolit la derni\u00e8re barri\u00e8re physique et sociale de cet espace symbolique de bien-\u00eatre.<\/p>\n<p>&nbsp;<\/p>\n<p><img data-recalc-dims=\"1\" loading=\"lazy\" decoding=\"async\" data-attachment-id=\"298961\" data-permalink=\"https:\/\/itayachtscanada.com\/fr\/about-the-new-azimut-seadeck-9\/capture-decran-le-2026-02-01-a-09-58-15\/\" data-orig-file=\"https:\/\/i0.wp.com\/itayachtscanada.com\/wp-content\/uploads\/2026\/01\/Capture-decran-le-2026-02-01-a-09.58.15.jpg?fit=2540%2C716&amp;ssl=1\" data-orig-size=\"2540,716\" data-comments-opened=\"1\" data-image-meta=\"{&quot;aperture&quot;:&quot;0&quot;,&quot;credit&quot;:&quot;&quot;,&quot;camera&quot;:&quot;&quot;,&quot;caption&quot;:&quot;&quot;,&quot;created_timestamp&quot;:&quot;0&quot;,&quot;copyright&quot;:&quot;&quot;,&quot;focal_length&quot;:&quot;0&quot;,&quot;iso&quot;:&quot;0&quot;,&quot;shutter_speed&quot;:&quot;0&quot;,&quot;title&quot;:&quot;&quot;,&quot;orientation&quot;:&quot;0&quot;}\" data-image-title=\"Capture d\u2019e\u0301cran, le 2026-02-01 a\u0300 09.58.15\" data-image-description=\"\" data-image-caption=\"\" data-large-file=\"https:\/\/i0.wp.com\/itayachtscanada.com\/wp-content\/uploads\/2026\/01\/Capture-decran-le-2026-02-01-a-09.58.15.jpg?fit=700%2C198&amp;ssl=1\" class=\"alignnone wp-image-298961 size-large\" src=\"https:\/\/i0.wp.com\/itayachtscanada.com\/wp-content\/uploads\/2026\/01\/Capture-decran-le-2026-02-01-a-09.58.15.jpg?resize=700%2C198&#038;ssl=1\" alt=\"\" width=\"700\" height=\"198\" srcset=\"https:\/\/i0.wp.com\/itayachtscanada.com\/wp-content\/uploads\/2026\/01\/Capture-decran-le-2026-02-01-a-09.58.15.jpg?resize=1024%2C289&amp;ssl=1 1024w, https:\/\/i0.wp.com\/itayachtscanada.com\/wp-content\/uploads\/2026\/01\/Capture-decran-le-2026-02-01-a-09.58.15.jpg?resize=300%2C85&amp;ssl=1 300w, https:\/\/i0.wp.com\/itayachtscanada.com\/wp-content\/uploads\/2026\/01\/Capture-decran-le-2026-02-01-a-09.58.15.jpg?resize=768%2C216&amp;ssl=1 768w, https:\/\/i0.wp.com\/itayachtscanada.com\/wp-content\/uploads\/2026\/01\/Capture-decran-le-2026-02-01-a-09.58.15.jpg?resize=1536%2C433&amp;ssl=1 1536w, https:\/\/i0.wp.com\/itayachtscanada.com\/wp-content\/uploads\/2026\/01\/Capture-decran-le-2026-02-01-a-09.58.15.jpg?resize=2048%2C577&amp;ssl=1 2048w, https:\/\/i0.wp.com\/itayachtscanada.com\/wp-content\/uploads\/2026\/01\/Capture-decran-le-2026-02-01-a-09.58.15.jpg?resize=700%2C197&amp;ssl=1 700w, https:\/\/i0.wp.com\/itayachtscanada.com\/wp-content\/uploads\/2026\/01\/Capture-decran-le-2026-02-01-a-09.58.15.jpg?resize=2000%2C564&amp;ssl=1 2000w, https:\/\/i0.wp.com\/itayachtscanada.com\/wp-content\/uploads\/2026\/01\/Capture-decran-le-2026-02-01-a-09.58.15.jpg?resize=1419%2C400&amp;ssl=1 1419w, https:\/\/i0.wp.com\/itayachtscanada.com\/wp-content\/uploads\/2026\/01\/Capture-decran-le-2026-02-01-a-09.58.15.jpg?w=2100&amp;ssl=1 2100w\" sizes=\"auto, (max-width: 700px) 100vw, 700px\" \/><\/p>\n<p>&nbsp;<\/p>\n<p>Un c\u0153ur vert. Seadeck est la premi\u00e8re s\u00e9rie de yachts \u00e0 moteur hybrides pour les familles et la premi\u00e8re gamme con\u00e7ue selon une approche holistique, int\u00e9grant les solutions utilis\u00e9es sur les yachts \u00e0 faibles \u00e9missions d&rsquo;Azimut avec des moteurs hybrides et des syst\u00e8mes embarqu\u00e9s con\u00e7us pour r\u00e9duire la consommation d&rsquo;\u00e9nergie.<\/p>\n<p>Une combinaison qui permettra de r\u00e9duire les \u00e9missions de CO2 de 40 % en une ann\u00e9e d&rsquo;utilisation moyenne, entre navigation et mouillage.<\/p>\n<p>&nbsp;<\/p>\n<p>Le Fun Island. Un espace arri\u00e8re \u00e9tonnamment spacieux et polyvalent introduit le nouveau concept de Fun Island, un salon \u00e0 ciel ouvert in\u00e9dit au fil de l\u2019eau, con\u00e7u pour profiter pleinement des grands espaces en toute libert\u00e9 et confort. L\u2019ensemble du pont principal se transforme en un vaste espace offrant la possibilit\u00e9 d\u2019interagir avec tous, m\u00eame avec ceux qui sont dans l\u2019eau, abolissant ainsi la derni\u00e8re barri\u00e8re physique et sociale.<\/p>\n<p>C\u2019est l\u2019espace r\u00e9el et symbolique du \u00ab\u00a0fun\u00a0\u00bb. Le Fun Island est compl\u00e9t\u00e9 par deux ailes ouvrantes et une plateforme arri\u00e8re qui r\u00e9v\u00e8le un grand escalier descendant dans l\u2019eau.<\/p>\n<p>&nbsp;<\/p>\n<p>Un concept ouvert sur la nature. Alberto Mancini cr\u00e9e un concept novateur o\u00f9, d\u00e8s les premiers croquis, l\u2019ext\u00e9rieur interagit naturellement avec l\u2019int\u00e9rieur. Les lignes \u00e9voluent de dynamiques \u00e0 sinueuses et essentielles, tra\u00e7ant l\u2019espace infini du Fun Island, pour un contact authentique avec la nature et une libert\u00e9 extr\u00eame \u00e0 bord.<\/p>\n<p>&nbsp;<\/p>\n<p>Un design tout en douceur. Matteo Thun et Antonio Rodriguez appliquent la philosophie consciente qui caract\u00e9rise leur approche architecturale au design int\u00e9rieur. La rencontre avec Azimut est n\u00e9e du partage de valeurs pr\u00e9cises : le d\u00e9sir de travailler par soustraction pour laisser \u00e9merger l&rsquo;essence m\u00eame des environnements, celui o\u00f9 l&rsquo;on se sent bien, red\u00e9finir le concept de luxe en termes de bien-\u00eatre, le choix judicieux de mat\u00e9riaux naturels et durables, recycl\u00e9s et recyclables.<\/p>\n<p>&nbsp;<\/p>\n<p>Specification technique:<\/p>\n<p>LOA : 83.12 pi<\/p>\n<p>Largeur: 20.8 pi et avec les deux balcons abaiss\u00e9s 25.3 pi (largeur maximum)<\/p>\n<p>Tirant d&rsquo;eau: 4 pi<\/p>\n<p>Poids : 73 Tonnes<\/p>\n<p>Nb. Cabines: 4 ou 5<\/p>\n<p>R\u00e9servoir carburant: 1585 us gal.<\/p>\n<p>R\u00e9servoir eau potable: 396 us gal.<\/p>\n<p>R\u00e9servoir de r\u00e9tention(black): 161 us gal.<\/p>\n<p>Moteurs: 3 x Volvo IPS 1200 ou 3 x Volvo IPS 1350 &#8211; hybride version<\/p>\n<p>Vitesse maxi: 30 kn<\/p>\n<p>Fiberglas &amp; carbone<\/p>\n<p>&nbsp;<\/p>\n<p><img data-recalc-dims=\"1\" loading=\"lazy\" decoding=\"async\" data-attachment-id=\"299015\" data-permalink=\"https:\/\/itayachtscanada.com\/fr\/about-the-new-azimut-seadeck-9\/capture-decran-le-2026-02-04-a-09-52-36\/\" data-orig-file=\"https:\/\/i0.wp.com\/itayachtscanada.com\/wp-content\/uploads\/2026\/01\/Capture-decran-le-2026-02-04-a-09.52.36.jpg?fit=1474%2C986&amp;ssl=1\" data-orig-size=\"1474,986\" data-comments-opened=\"1\" data-image-meta=\"{&quot;aperture&quot;:&quot;0&quot;,&quot;credit&quot;:&quot;&quot;,&quot;camera&quot;:&quot;&quot;,&quot;caption&quot;:&quot;&quot;,&quot;created_timestamp&quot;:&quot;0&quot;,&quot;copyright&quot;:&quot;&quot;,&quot;focal_length&quot;:&quot;0&quot;,&quot;iso&quot;:&quot;0&quot;,&quot;shutter_speed&quot;:&quot;0&quot;,&quot;title&quot;:&quot;&quot;,&quot;orientation&quot;:&quot;0&quot;}\" data-image-title=\"Capture d\u2019e\u0301cran, le 2026-02-04 a\u0300 09.52.36\" data-image-description=\"\" data-image-caption=\"\" data-large-file=\"https:\/\/i0.wp.com\/itayachtscanada.com\/wp-content\/uploads\/2026\/01\/Capture-decran-le-2026-02-04-a-09.52.36.jpg?fit=700%2C468&amp;ssl=1\" class=\"alignnone wp-image-299015 size-large\" src=\"https:\/\/i0.wp.com\/itayachtscanada.com\/wp-content\/uploads\/2026\/01\/Capture-decran-le-2026-02-04-a-09.52.36.jpg?resize=700%2C468&#038;ssl=1\" alt=\"\" width=\"700\" height=\"468\" srcset=\"https:\/\/i0.wp.com\/itayachtscanada.com\/wp-content\/uploads\/2026\/01\/Capture-decran-le-2026-02-04-a-09.52.36.jpg?resize=1024%2C685&amp;ssl=1 1024w, https:\/\/i0.wp.com\/itayachtscanada.com\/wp-content\/uploads\/2026\/01\/Capture-decran-le-2026-02-04-a-09.52.36.jpg?resize=300%2C201&amp;ssl=1 300w, https:\/\/i0.wp.com\/itayachtscanada.com\/wp-content\/uploads\/2026\/01\/Capture-decran-le-2026-02-04-a-09.52.36.jpg?resize=768%2C514&amp;ssl=1 768w, https:\/\/i0.wp.com\/itayachtscanada.com\/wp-content\/uploads\/2026\/01\/Capture-decran-le-2026-02-04-a-09.52.36.jpg?resize=700%2C468&amp;ssl=1 700w, https:\/\/i0.wp.com\/itayachtscanada.com\/wp-content\/uploads\/2026\/01\/Capture-decran-le-2026-02-04-a-09.52.36.jpg?resize=900%2C600&amp;ssl=1 900w, https:\/\/i0.wp.com\/itayachtscanada.com\/wp-content\/uploads\/2026\/01\/Capture-decran-le-2026-02-04-a-09.52.36.jpg?resize=598%2C400&amp;ssl=1 598w, https:\/\/i0.wp.com\/itayachtscanada.com\/wp-content\/uploads\/2026\/01\/Capture-decran-le-2026-02-04-a-09.52.36.jpg?w=1474&amp;ssl=1 1474w, https:\/\/i0.wp.com\/itayachtscanada.com\/wp-content\/uploads\/2026\/01\/Capture-decran-le-2026-02-04-a-09.52.36.jpg?w=1400&amp;ssl=1 1400w\" sizes=\"auto, (max-width: 700px) 100vw, 700px\" \/><\/p>\n<p>&nbsp;<\/p>\n<p>Quelques photos:<\/p>\n<div data-carousel-extra='{&quot;blog_id&quot;:1,&quot;permalink&quot;:&quot;https:\/\/itayachtscanada.com\/fr\/about-the-new-azimut-seadeck-9\/&quot;}' id='gallery-1' class='gallery galleryid-298924 gallery-columns-3 gallery-size-medium'><figure class='gallery-item'>\n\t\t\t<div class='gallery-icon landscape'>\n\t\t\t\t<a href='https:\/\/itayachtscanada.com\/fr\/about-the-new-azimut-seadeck-9\/new-azimut-seadeck-9\/'><img loading=\"lazy\" decoding=\"async\" width=\"300\" height=\"175\" src=\"https:\/\/i0.wp.com\/itayachtscanada.com\/wp-content\/uploads\/2026\/01\/New-Azimut-Seadeck-9.jpg?fit=300%2C175&amp;ssl=1\" class=\"attachment-medium size-medium\" alt=\"\" srcset=\"https:\/\/i0.wp.com\/itayachtscanada.com\/wp-content\/uploads\/2026\/01\/New-Azimut-Seadeck-9.jpg?w=1942&amp;ssl=1 1942w, https:\/\/i0.wp.com\/itayachtscanada.com\/wp-content\/uploads\/2026\/01\/New-Azimut-Seadeck-9.jpg?resize=300%2C175&amp;ssl=1 300w, https:\/\/i0.wp.com\/itayachtscanada.com\/wp-content\/uploads\/2026\/01\/New-Azimut-Seadeck-9.jpg?resize=1024%2C598&amp;ssl=1 1024w, https:\/\/i0.wp.com\/itayachtscanada.com\/wp-content\/uploads\/2026\/01\/New-Azimut-Seadeck-9.jpg?resize=768%2C448&amp;ssl=1 768w, https:\/\/i0.wp.com\/itayachtscanada.com\/wp-content\/uploads\/2026\/01\/New-Azimut-Seadeck-9.jpg?resize=1536%2C897&amp;ssl=1 1536w, https:\/\/i0.wp.com\/itayachtscanada.com\/wp-content\/uploads\/2026\/01\/New-Azimut-Seadeck-9.jpg?resize=700%2C409&amp;ssl=1 700w, https:\/\/i0.wp.com\/itayachtscanada.com\/wp-content\/uploads\/2026\/01\/New-Azimut-Seadeck-9.jpg?resize=685%2C400&amp;ssl=1 685w, https:\/\/i0.wp.com\/itayachtscanada.com\/wp-content\/uploads\/2026\/01\/New-Azimut-Seadeck-9.jpg?w=1400&amp;ssl=1 1400w\" sizes=\"auto, (max-width: 300px) 100vw, 300px\" data-attachment-id=\"298947\" data-permalink=\"https:\/\/itayachtscanada.com\/fr\/about-the-new-azimut-seadeck-9\/new-azimut-seadeck-9\/\" data-orig-file=\"https:\/\/i0.wp.com\/itayachtscanada.com\/wp-content\/uploads\/2026\/01\/New-Azimut-Seadeck-9.jpg?fit=1942%2C1134&amp;ssl=1\" data-orig-size=\"1942,1134\" data-comments-opened=\"1\" data-image-meta=\"{&quot;aperture&quot;:&quot;0&quot;,&quot;credit&quot;:&quot;&quot;,&quot;camera&quot;:&quot;&quot;,&quot;caption&quot;:&quot;&quot;,&quot;created_timestamp&quot;:&quot;0&quot;,&quot;copyright&quot;:&quot;&quot;,&quot;focal_length&quot;:&quot;0&quot;,&quot;iso&quot;:&quot;0&quot;,&quot;shutter_speed&quot;:&quot;0&quot;,&quot;title&quot;:&quot;&quot;,&quot;orientation&quot;:&quot;0&quot;}\" data-image-title=\"New Azimut Seadeck 9\" data-image-description=\"\" data-image-caption=\"\" data-large-file=\"https:\/\/i0.wp.com\/itayachtscanada.com\/wp-content\/uploads\/2026\/01\/New-Azimut-Seadeck-9.jpg?fit=700%2C409&amp;ssl=1\" \/><\/a>\n\t\t\t<\/div><\/figure><figure class='gallery-item'>\n\t\t\t<div class='gallery-icon landscape'>\n\t\t\t\t<a href='https:\/\/itayachtscanada.com\/fr\/about-the-new-azimut-seadeck-9\/new-azimut-seadeck-9-2026\/'><img loading=\"lazy\" decoding=\"async\" width=\"300\" height=\"152\" src=\"https:\/\/i0.wp.com\/itayachtscanada.com\/wp-content\/uploads\/2026\/01\/New-Azimut-Seadeck-9-2026.jpg?fit=300%2C152&amp;ssl=1\" class=\"attachment-medium size-medium\" alt=\"\" srcset=\"https:\/\/i0.wp.com\/itayachtscanada.com\/wp-content\/uploads\/2026\/01\/New-Azimut-Seadeck-9-2026.jpg?w=2604&amp;ssl=1 2604w, https:\/\/i0.wp.com\/itayachtscanada.com\/wp-content\/uploads\/2026\/01\/New-Azimut-Seadeck-9-2026.jpg?resize=300%2C152&amp;ssl=1 300w, https:\/\/i0.wp.com\/itayachtscanada.com\/wp-content\/uploads\/2026\/01\/New-Azimut-Seadeck-9-2026.jpg?resize=1024%2C520&amp;ssl=1 1024w, https:\/\/i0.wp.com\/itayachtscanada.com\/wp-content\/uploads\/2026\/01\/New-Azimut-Seadeck-9-2026.jpg?resize=768%2C390&amp;ssl=1 768w, https:\/\/i0.wp.com\/itayachtscanada.com\/wp-content\/uploads\/2026\/01\/New-Azimut-Seadeck-9-2026.jpg?resize=1536%2C780&amp;ssl=1 1536w, https:\/\/i0.wp.com\/itayachtscanada.com\/wp-content\/uploads\/2026\/01\/New-Azimut-Seadeck-9-2026.jpg?resize=2048%2C1040&amp;ssl=1 2048w, https:\/\/i0.wp.com\/itayachtscanada.com\/wp-content\/uploads\/2026\/01\/New-Azimut-Seadeck-9-2026.jpg?resize=700%2C355&amp;ssl=1 700w, https:\/\/i0.wp.com\/itayachtscanada.com\/wp-content\/uploads\/2026\/01\/New-Azimut-Seadeck-9-2026.jpg?resize=2000%2C1015&amp;ssl=1 2000w, https:\/\/i0.wp.com\/itayachtscanada.com\/wp-content\/uploads\/2026\/01\/New-Azimut-Seadeck-9-2026.jpg?resize=788%2C400&amp;ssl=1 788w, https:\/\/i0.wp.com\/itayachtscanada.com\/wp-content\/uploads\/2026\/01\/New-Azimut-Seadeck-9-2026.jpg?w=1400&amp;ssl=1 1400w, https:\/\/i0.wp.com\/itayachtscanada.com\/wp-content\/uploads\/2026\/01\/New-Azimut-Seadeck-9-2026.jpg?w=2100&amp;ssl=1 2100w\" sizes=\"auto, (max-width: 300px) 100vw, 300px\" data-attachment-id=\"298940\" data-permalink=\"https:\/\/itayachtscanada.com\/fr\/about-the-new-azimut-seadeck-9\/new-azimut-seadeck-9-2026\/\" data-orig-file=\"https:\/\/i0.wp.com\/itayachtscanada.com\/wp-content\/uploads\/2026\/01\/New-Azimut-Seadeck-9-2026.jpg?fit=2604%2C1322&amp;ssl=1\" data-orig-size=\"2604,1322\" data-comments-opened=\"1\" data-image-meta=\"{&quot;aperture&quot;:&quot;0&quot;,&quot;credit&quot;:&quot;&quot;,&quot;camera&quot;:&quot;&quot;,&quot;caption&quot;:&quot;&quot;,&quot;created_timestamp&quot;:&quot;0&quot;,&quot;copyright&quot;:&quot;&quot;,&quot;focal_length&quot;:&quot;0&quot;,&quot;iso&quot;:&quot;0&quot;,&quot;shutter_speed&quot;:&quot;0&quot;,&quot;title&quot;:&quot;&quot;,&quot;orientation&quot;:&quot;0&quot;}\" data-image-title=\"New Azimut Seadeck 9 2026\" data-image-description=\"\" data-image-caption=\"\" data-large-file=\"https:\/\/i0.wp.com\/itayachtscanada.com\/wp-content\/uploads\/2026\/01\/New-Azimut-Seadeck-9-2026.jpg?fit=700%2C355&amp;ssl=1\" \/><\/a>\n\t\t\t<\/div><\/figure><figure class='gallery-item'>\n\t\t\t<div class='gallery-icon landscape'>\n\t\t\t\t<a href='https:\/\/itayachtscanada.com\/fr\/about-the-new-azimut-seadeck-9\/capture-decran-le-2026-01-31-a-11-20-46\/'><img loading=\"lazy\" decoding=\"async\" width=\"300\" height=\"177\" src=\"https:\/\/i0.wp.com\/itayachtscanada.com\/wp-content\/uploads\/2026\/01\/Capture-decran-le-2026-01-31-a-11.20.46.jpg?fit=300%2C177&amp;ssl=1\" class=\"attachment-medium size-medium\" alt=\"\" srcset=\"https:\/\/i0.wp.com\/itayachtscanada.com\/wp-content\/uploads\/2026\/01\/Capture-decran-le-2026-01-31-a-11.20.46.jpg?w=1988&amp;ssl=1 1988w, https:\/\/i0.wp.com\/itayachtscanada.com\/wp-content\/uploads\/2026\/01\/Capture-decran-le-2026-01-31-a-11.20.46.jpg?resize=300%2C177&amp;ssl=1 300w, https:\/\/i0.wp.com\/itayachtscanada.com\/wp-content\/uploads\/2026\/01\/Capture-decran-le-2026-01-31-a-11.20.46.jpg?resize=1024%2C604&amp;ssl=1 1024w, https:\/\/i0.wp.com\/itayachtscanada.com\/wp-content\/uploads\/2026\/01\/Capture-decran-le-2026-01-31-a-11.20.46.jpg?resize=768%2C453&amp;ssl=1 768w, https:\/\/i0.wp.com\/itayachtscanada.com\/wp-content\/uploads\/2026\/01\/Capture-decran-le-2026-01-31-a-11.20.46.jpg?resize=1536%2C906&amp;ssl=1 1536w, https:\/\/i0.wp.com\/itayachtscanada.com\/wp-content\/uploads\/2026\/01\/Capture-decran-le-2026-01-31-a-11.20.46.jpg?resize=700%2C413&amp;ssl=1 700w, https:\/\/i0.wp.com\/itayachtscanada.com\/wp-content\/uploads\/2026\/01\/Capture-decran-le-2026-01-31-a-11.20.46.jpg?resize=678%2C400&amp;ssl=1 678w, https:\/\/i0.wp.com\/itayachtscanada.com\/wp-content\/uploads\/2026\/01\/Capture-decran-le-2026-01-31-a-11.20.46.jpg?w=1400&amp;ssl=1 1400w\" sizes=\"auto, (max-width: 300px) 100vw, 300px\" data-attachment-id=\"298945\" data-permalink=\"https:\/\/itayachtscanada.com\/fr\/about-the-new-azimut-seadeck-9\/capture-decran-le-2026-01-31-a-11-20-46\/\" data-orig-file=\"https:\/\/i0.wp.com\/itayachtscanada.com\/wp-content\/uploads\/2026\/01\/Capture-decran-le-2026-01-31-a-11.20.46.jpg?fit=1988%2C1172&amp;ssl=1\" data-orig-size=\"1988,1172\" data-comments-opened=\"1\" data-image-meta=\"{&quot;aperture&quot;:&quot;0&quot;,&quot;credit&quot;:&quot;&quot;,&quot;camera&quot;:&quot;&quot;,&quot;caption&quot;:&quot;&quot;,&quot;created_timestamp&quot;:&quot;0&quot;,&quot;copyright&quot;:&quot;&quot;,&quot;focal_length&quot;:&quot;0&quot;,&quot;iso&quot;:&quot;0&quot;,&quot;shutter_speed&quot;:&quot;0&quot;,&quot;title&quot;:&quot;&quot;,&quot;orientation&quot;:&quot;0&quot;}\" data-image-title=\"Capture d\u2019e\u0301cran, le 2026-01-31 a\u0300 11.20.46\" data-image-description=\"\" data-image-caption=\"\" data-large-file=\"https:\/\/i0.wp.com\/itayachtscanada.com\/wp-content\/uploads\/2026\/01\/Capture-decran-le-2026-01-31-a-11.20.46.jpg?fit=700%2C413&amp;ssl=1\" \/><\/a>\n\t\t\t<\/div><\/figure><figure class='gallery-item'>\n\t\t\t<div class='gallery-icon landscape'>\n\t\t\t\t<a href='https:\/\/itayachtscanada.com\/fr\/about-the-new-azimut-seadeck-9\/capture-decran-le-2026-01-31-a-11-20-34\/'><img loading=\"lazy\" decoding=\"async\" width=\"300\" height=\"174\" src=\"https:\/\/i0.wp.com\/itayachtscanada.com\/wp-content\/uploads\/2026\/01\/Capture-decran-le-2026-01-31-a-11.20.34.jpg?fit=300%2C174&amp;ssl=1\" class=\"attachment-medium size-medium\" alt=\"\" srcset=\"https:\/\/i0.wp.com\/itayachtscanada.com\/wp-content\/uploads\/2026\/01\/Capture-decran-le-2026-01-31-a-11.20.34.jpg?w=1988&amp;ssl=1 1988w, https:\/\/i0.wp.com\/itayachtscanada.com\/wp-content\/uploads\/2026\/01\/Capture-decran-le-2026-01-31-a-11.20.34.jpg?resize=300%2C174&amp;ssl=1 300w, https:\/\/i0.wp.com\/itayachtscanada.com\/wp-content\/uploads\/2026\/01\/Capture-decran-le-2026-01-31-a-11.20.34.jpg?resize=1024%2C594&amp;ssl=1 1024w, https:\/\/i0.wp.com\/itayachtscanada.com\/wp-content\/uploads\/2026\/01\/Capture-decran-le-2026-01-31-a-11.20.34.jpg?resize=768%2C446&amp;ssl=1 768w, https:\/\/i0.wp.com\/itayachtscanada.com\/wp-content\/uploads\/2026\/01\/Capture-decran-le-2026-01-31-a-11.20.34.jpg?resize=1536%2C892&amp;ssl=1 1536w, https:\/\/i0.wp.com\/itayachtscanada.com\/wp-content\/uploads\/2026\/01\/Capture-decran-le-2026-01-31-a-11.20.34.jpg?resize=700%2C406&amp;ssl=1 700w, https:\/\/i0.wp.com\/itayachtscanada.com\/wp-content\/uploads\/2026\/01\/Capture-decran-le-2026-01-31-a-11.20.34.jpg?resize=689%2C400&amp;ssl=1 689w, https:\/\/i0.wp.com\/itayachtscanada.com\/wp-content\/uploads\/2026\/01\/Capture-decran-le-2026-01-31-a-11.20.34.jpg?w=1400&amp;ssl=1 1400w\" sizes=\"auto, (max-width: 300px) 100vw, 300px\" data-attachment-id=\"298946\" data-permalink=\"https:\/\/itayachtscanada.com\/fr\/about-the-new-azimut-seadeck-9\/capture-decran-le-2026-01-31-a-11-20-34\/\" data-orig-file=\"https:\/\/i0.wp.com\/itayachtscanada.com\/wp-content\/uploads\/2026\/01\/Capture-decran-le-2026-01-31-a-11.20.34.jpg?fit=1988%2C1154&amp;ssl=1\" data-orig-size=\"1988,1154\" data-comments-opened=\"1\" data-image-meta=\"{&quot;aperture&quot;:&quot;0&quot;,&quot;credit&quot;:&quot;&quot;,&quot;camera&quot;:&quot;&quot;,&quot;caption&quot;:&quot;&quot;,&quot;created_timestamp&quot;:&quot;0&quot;,&quot;copyright&quot;:&quot;&quot;,&quot;focal_length&quot;:&quot;0&quot;,&quot;iso&quot;:&quot;0&quot;,&quot;shutter_speed&quot;:&quot;0&quot;,&quot;title&quot;:&quot;&quot;,&quot;orientation&quot;:&quot;0&quot;}\" data-image-title=\"Capture d\u2019e\u0301cran, le 2026-01-31 a\u0300 11.20.34\" data-image-description=\"\" data-image-caption=\"\" data-large-file=\"https:\/\/i0.wp.com\/itayachtscanada.com\/wp-content\/uploads\/2026\/01\/Capture-decran-le-2026-01-31-a-11.20.34.jpg?fit=700%2C406&amp;ssl=1\" \/><\/a>\n\t\t\t<\/div><\/figure><figure class='gallery-item'>\n\t\t\t<div class='gallery-icon landscape'>\n\t\t\t\t<a href='https:\/\/itayachtscanada.com\/fr\/about-the-new-azimut-seadeck-9\/capture-decran-le-2026-01-31-a-11-29-34\/'><img loading=\"lazy\" decoding=\"async\" width=\"300\" height=\"139\" src=\"https:\/\/i0.wp.com\/itayachtscanada.com\/wp-content\/uploads\/2026\/01\/Capture-decran-le-2026-01-31-a-11.29.34.jpg?fit=300%2C139&amp;ssl=1\" class=\"attachment-medium size-medium\" alt=\"\" srcset=\"https:\/\/i0.wp.com\/itayachtscanada.com\/wp-content\/uploads\/2026\/01\/Capture-decran-le-2026-01-31-a-11.29.34.jpg?w=2830&amp;ssl=1 2830w, https:\/\/i0.wp.com\/itayachtscanada.com\/wp-content\/uploads\/2026\/01\/Capture-decran-le-2026-01-31-a-11.29.34.jpg?resize=300%2C139&amp;ssl=1 300w, https:\/\/i0.wp.com\/itayachtscanada.com\/wp-content\/uploads\/2026\/01\/Capture-decran-le-2026-01-31-a-11.29.34.jpg?resize=1024%2C475&amp;ssl=1 1024w, https:\/\/i0.wp.com\/itayachtscanada.com\/wp-content\/uploads\/2026\/01\/Capture-decran-le-2026-01-31-a-11.29.34.jpg?resize=768%2C356&amp;ssl=1 768w, https:\/\/i0.wp.com\/itayachtscanada.com\/wp-content\/uploads\/2026\/01\/Capture-decran-le-2026-01-31-a-11.29.34.jpg?resize=1536%2C712&amp;ssl=1 1536w, https:\/\/i0.wp.com\/itayachtscanada.com\/wp-content\/uploads\/2026\/01\/Capture-decran-le-2026-01-31-a-11.29.34.jpg?resize=2048%2C949&amp;ssl=1 2048w, https:\/\/i0.wp.com\/itayachtscanada.com\/wp-content\/uploads\/2026\/01\/Capture-decran-le-2026-01-31-a-11.29.34.jpg?resize=700%2C325&amp;ssl=1 700w, https:\/\/i0.wp.com\/itayachtscanada.com\/wp-content\/uploads\/2026\/01\/Capture-decran-le-2026-01-31-a-11.29.34.jpg?resize=2000%2C927&amp;ssl=1 2000w, https:\/\/i0.wp.com\/itayachtscanada.com\/wp-content\/uploads\/2026\/01\/Capture-decran-le-2026-01-31-a-11.29.34.jpg?resize=863%2C400&amp;ssl=1 863w, https:\/\/i0.wp.com\/itayachtscanada.com\/wp-content\/uploads\/2026\/01\/Capture-decran-le-2026-01-31-a-11.29.34.jpg?w=1400&amp;ssl=1 1400w, https:\/\/i0.wp.com\/itayachtscanada.com\/wp-content\/uploads\/2026\/01\/Capture-decran-le-2026-01-31-a-11.29.34.jpg?w=2100&amp;ssl=1 2100w\" sizes=\"auto, (max-width: 300px) 100vw, 300px\" data-attachment-id=\"298936\" data-permalink=\"https:\/\/itayachtscanada.com\/fr\/about-the-new-azimut-seadeck-9\/capture-decran-le-2026-01-31-a-11-29-34\/\" data-orig-file=\"https:\/\/i0.wp.com\/itayachtscanada.com\/wp-content\/uploads\/2026\/01\/Capture-decran-le-2026-01-31-a-11.29.34.jpg?fit=2830%2C1312&amp;ssl=1\" data-orig-size=\"2830,1312\" data-comments-opened=\"1\" data-image-meta=\"{&quot;aperture&quot;:&quot;0&quot;,&quot;credit&quot;:&quot;&quot;,&quot;camera&quot;:&quot;&quot;,&quot;caption&quot;:&quot;&quot;,&quot;created_timestamp&quot;:&quot;0&quot;,&quot;copyright&quot;:&quot;&quot;,&quot;focal_length&quot;:&quot;0&quot;,&quot;iso&quot;:&quot;0&quot;,&quot;shutter_speed&quot;:&quot;0&quot;,&quot;title&quot;:&quot;&quot;,&quot;orientation&quot;:&quot;0&quot;}\" data-image-title=\"Capture d\u2019e\u0301cran, le 2026-01-31 a\u0300 11.29.34\" data-image-description=\"\" data-image-caption=\"\" data-large-file=\"https:\/\/i0.wp.com\/itayachtscanada.com\/wp-content\/uploads\/2026\/01\/Capture-decran-le-2026-01-31-a-11.29.34.jpg?fit=700%2C325&amp;ssl=1\" \/><\/a>\n\t\t\t<\/div><\/figure><figure class='gallery-item'>\n\t\t\t<div class='gallery-icon landscape'>\n\t\t\t\t<a href='https:\/\/itayachtscanada.com\/fr\/about-the-new-azimut-seadeck-9\/capture-decran-le-2026-01-31-a-11-29-47\/'><img loading=\"lazy\" decoding=\"async\" width=\"300\" height=\"141\" src=\"https:\/\/i0.wp.com\/itayachtscanada.com\/wp-content\/uploads\/2026\/01\/Capture-decran-le-2026-01-31-a-11.29.47.jpg?fit=300%2C141&amp;ssl=1\" class=\"attachment-medium size-medium\" alt=\"\" srcset=\"https:\/\/i0.wp.com\/itayachtscanada.com\/wp-content\/uploads\/2026\/01\/Capture-decran-le-2026-01-31-a-11.29.47.jpg?w=2830&amp;ssl=1 2830w, https:\/\/i0.wp.com\/itayachtscanada.com\/wp-content\/uploads\/2026\/01\/Capture-decran-le-2026-01-31-a-11.29.47.jpg?resize=300%2C141&amp;ssl=1 300w, https:\/\/i0.wp.com\/itayachtscanada.com\/wp-content\/uploads\/2026\/01\/Capture-decran-le-2026-01-31-a-11.29.47.jpg?resize=1024%2C482&amp;ssl=1 1024w, https:\/\/i0.wp.com\/itayachtscanada.com\/wp-content\/uploads\/2026\/01\/Capture-decran-le-2026-01-31-a-11.29.47.jpg?resize=768%2C361&amp;ssl=1 768w, https:\/\/i0.wp.com\/itayachtscanada.com\/wp-content\/uploads\/2026\/01\/Capture-decran-le-2026-01-31-a-11.29.47.jpg?resize=1536%2C723&amp;ssl=1 1536w, https:\/\/i0.wp.com\/itayachtscanada.com\/wp-content\/uploads\/2026\/01\/Capture-decran-le-2026-01-31-a-11.29.47.jpg?resize=2048%2C964&amp;ssl=1 2048w, https:\/\/i0.wp.com\/itayachtscanada.com\/wp-content\/uploads\/2026\/01\/Capture-decran-le-2026-01-31-a-11.29.47.jpg?resize=700%2C329&amp;ssl=1 700w, https:\/\/i0.wp.com\/itayachtscanada.com\/wp-content\/uploads\/2026\/01\/Capture-decran-le-2026-01-31-a-11.29.47.jpg?resize=2000%2C941&amp;ssl=1 2000w, https:\/\/i0.wp.com\/itayachtscanada.com\/wp-content\/uploads\/2026\/01\/Capture-decran-le-2026-01-31-a-11.29.47.jpg?resize=850%2C400&amp;ssl=1 850w, https:\/\/i0.wp.com\/itayachtscanada.com\/wp-content\/uploads\/2026\/01\/Capture-decran-le-2026-01-31-a-11.29.47.jpg?w=1400&amp;ssl=1 1400w, https:\/\/i0.wp.com\/itayachtscanada.com\/wp-content\/uploads\/2026\/01\/Capture-decran-le-2026-01-31-a-11.29.47.jpg?w=2100&amp;ssl=1 2100w\" sizes=\"auto, (max-width: 300px) 100vw, 300px\" data-attachment-id=\"298935\" data-permalink=\"https:\/\/itayachtscanada.com\/fr\/about-the-new-azimut-seadeck-9\/capture-decran-le-2026-01-31-a-11-29-47\/\" data-orig-file=\"https:\/\/i0.wp.com\/itayachtscanada.com\/wp-content\/uploads\/2026\/01\/Capture-decran-le-2026-01-31-a-11.29.47.jpg?fit=2830%2C1332&amp;ssl=1\" data-orig-size=\"2830,1332\" data-comments-opened=\"1\" data-image-meta=\"{&quot;aperture&quot;:&quot;0&quot;,&quot;credit&quot;:&quot;&quot;,&quot;camera&quot;:&quot;&quot;,&quot;caption&quot;:&quot;&quot;,&quot;created_timestamp&quot;:&quot;0&quot;,&quot;copyright&quot;:&quot;&quot;,&quot;focal_length&quot;:&quot;0&quot;,&quot;iso&quot;:&quot;0&quot;,&quot;shutter_speed&quot;:&quot;0&quot;,&quot;title&quot;:&quot;&quot;,&quot;orientation&quot;:&quot;0&quot;}\" data-image-title=\"Capture d\u2019e\u0301cran, le 2026-01-31 a\u0300 11.29.47\" data-image-description=\"\" data-image-caption=\"\" data-large-file=\"https:\/\/i0.wp.com\/itayachtscanada.com\/wp-content\/uploads\/2026\/01\/Capture-decran-le-2026-01-31-a-11.29.47.jpg?fit=700%2C329&amp;ssl=1\" \/><\/a>\n\t\t\t<\/div><\/figure><figure class='gallery-item'>\n\t\t\t<div class='gallery-icon landscape'>\n\t\t\t\t<a href='https:\/\/itayachtscanada.com\/fr\/about-the-new-azimut-seadeck-9\/capture-decran-le-2026-01-31-a-11-29-10\/'><img loading=\"lazy\" decoding=\"async\" width=\"300\" height=\"155\" src=\"https:\/\/i0.wp.com\/itayachtscanada.com\/wp-content\/uploads\/2026\/01\/Capture-decran-le-2026-01-31-a-11.29.10.jpg?fit=300%2C155&amp;ssl=1\" class=\"attachment-medium size-medium\" alt=\"\" srcset=\"https:\/\/i0.wp.com\/itayachtscanada.com\/wp-content\/uploads\/2026\/01\/Capture-decran-le-2026-01-31-a-11.29.10.jpg?w=2604&amp;ssl=1 2604w, https:\/\/i0.wp.com\/itayachtscanada.com\/wp-content\/uploads\/2026\/01\/Capture-decran-le-2026-01-31-a-11.29.10.jpg?resize=300%2C155&amp;ssl=1 300w, https:\/\/i0.wp.com\/itayachtscanada.com\/wp-content\/uploads\/2026\/01\/Capture-decran-le-2026-01-31-a-11.29.10.jpg?resize=1024%2C528&amp;ssl=1 1024w, https:\/\/i0.wp.com\/itayachtscanada.com\/wp-content\/uploads\/2026\/01\/Capture-decran-le-2026-01-31-a-11.29.10.jpg?resize=768%2C396&amp;ssl=1 768w, https:\/\/i0.wp.com\/itayachtscanada.com\/wp-content\/uploads\/2026\/01\/Capture-decran-le-2026-01-31-a-11.29.10.jpg?resize=1536%2C792&amp;ssl=1 1536w, https:\/\/i0.wp.com\/itayachtscanada.com\/wp-content\/uploads\/2026\/01\/Capture-decran-le-2026-01-31-a-11.29.10.jpg?resize=2048%2C1055&amp;ssl=1 2048w, https:\/\/i0.wp.com\/itayachtscanada.com\/wp-content\/uploads\/2026\/01\/Capture-decran-le-2026-01-31-a-11.29.10.jpg?resize=700%2C361&amp;ssl=1 700w, https:\/\/i0.wp.com\/itayachtscanada.com\/wp-content\/uploads\/2026\/01\/Capture-decran-le-2026-01-31-a-11.29.10.jpg?resize=2000%2C1031&amp;ssl=1 2000w, https:\/\/i0.wp.com\/itayachtscanada.com\/wp-content\/uploads\/2026\/01\/Capture-decran-le-2026-01-31-a-11.29.10.jpg?resize=776%2C400&amp;ssl=1 776w, https:\/\/i0.wp.com\/itayachtscanada.com\/wp-content\/uploads\/2026\/01\/Capture-decran-le-2026-01-31-a-11.29.10.jpg?w=1400&amp;ssl=1 1400w, https:\/\/i0.wp.com\/itayachtscanada.com\/wp-content\/uploads\/2026\/01\/Capture-decran-le-2026-01-31-a-11.29.10.jpg?w=2100&amp;ssl=1 2100w\" sizes=\"auto, (max-width: 300px) 100vw, 300px\" data-attachment-id=\"298938\" data-permalink=\"https:\/\/itayachtscanada.com\/fr\/about-the-new-azimut-seadeck-9\/capture-decran-le-2026-01-31-a-11-29-10\/\" data-orig-file=\"https:\/\/i0.wp.com\/itayachtscanada.com\/wp-content\/uploads\/2026\/01\/Capture-decran-le-2026-01-31-a-11.29.10.jpg?fit=2604%2C1342&amp;ssl=1\" data-orig-size=\"2604,1342\" data-comments-opened=\"1\" data-image-meta=\"{&quot;aperture&quot;:&quot;0&quot;,&quot;credit&quot;:&quot;&quot;,&quot;camera&quot;:&quot;&quot;,&quot;caption&quot;:&quot;&quot;,&quot;created_timestamp&quot;:&quot;0&quot;,&quot;copyright&quot;:&quot;&quot;,&quot;focal_length&quot;:&quot;0&quot;,&quot;iso&quot;:&quot;0&quot;,&quot;shutter_speed&quot;:&quot;0&quot;,&quot;title&quot;:&quot;&quot;,&quot;orientation&quot;:&quot;0&quot;}\" data-image-title=\"Capture d\u2019e\u0301cran, le 2026-01-31 a\u0300 11.29.10\" data-image-description=\"\" data-image-caption=\"\" data-large-file=\"https:\/\/i0.wp.com\/itayachtscanada.com\/wp-content\/uploads\/2026\/01\/Capture-decran-le-2026-01-31-a-11.29.10.jpg?fit=700%2C361&amp;ssl=1\" \/><\/a>\n\t\t\t<\/div><\/figure><figure class='gallery-item'>\n\t\t\t<div class='gallery-icon landscape'>\n\t\t\t\t<a href='https:\/\/itayachtscanada.com\/fr\/about-the-new-azimut-seadeck-9\/capture-decran-le-2026-01-31-a-11-29-24\/'><img loading=\"lazy\" decoding=\"async\" width=\"300\" height=\"155\" src=\"https:\/\/i0.wp.com\/itayachtscanada.com\/wp-content\/uploads\/2026\/01\/Capture-decran-le-2026-01-31-a-11.29.24.jpg?fit=300%2C155&amp;ssl=1\" class=\"attachment-medium size-medium\" alt=\"\" srcset=\"https:\/\/i0.wp.com\/itayachtscanada.com\/wp-content\/uploads\/2026\/01\/Capture-decran-le-2026-01-31-a-11.29.24.jpg?w=2604&amp;ssl=1 2604w, https:\/\/i0.wp.com\/itayachtscanada.com\/wp-content\/uploads\/2026\/01\/Capture-decran-le-2026-01-31-a-11.29.24.jpg?resize=300%2C155&amp;ssl=1 300w, https:\/\/i0.wp.com\/itayachtscanada.com\/wp-content\/uploads\/2026\/01\/Capture-decran-le-2026-01-31-a-11.29.24.jpg?resize=1024%2C528&amp;ssl=1 1024w, https:\/\/i0.wp.com\/itayachtscanada.com\/wp-content\/uploads\/2026\/01\/Capture-decran-le-2026-01-31-a-11.29.24.jpg?resize=768%2C396&amp;ssl=1 768w, https:\/\/i0.wp.com\/itayachtscanada.com\/wp-content\/uploads\/2026\/01\/Capture-decran-le-2026-01-31-a-11.29.24.jpg?resize=1536%2C792&amp;ssl=1 1536w, https:\/\/i0.wp.com\/itayachtscanada.com\/wp-content\/uploads\/2026\/01\/Capture-decran-le-2026-01-31-a-11.29.24.jpg?resize=2048%2C1055&amp;ssl=1 2048w, https:\/\/i0.wp.com\/itayachtscanada.com\/wp-content\/uploads\/2026\/01\/Capture-decran-le-2026-01-31-a-11.29.24.jpg?resize=700%2C361&amp;ssl=1 700w, https:\/\/i0.wp.com\/itayachtscanada.com\/wp-content\/uploads\/2026\/01\/Capture-decran-le-2026-01-31-a-11.29.24.jpg?resize=2000%2C1031&amp;ssl=1 2000w, https:\/\/i0.wp.com\/itayachtscanada.com\/wp-content\/uploads\/2026\/01\/Capture-decran-le-2026-01-31-a-11.29.24.jpg?resize=776%2C400&amp;ssl=1 776w, https:\/\/i0.wp.com\/itayachtscanada.com\/wp-content\/uploads\/2026\/01\/Capture-decran-le-2026-01-31-a-11.29.24.jpg?w=1400&amp;ssl=1 1400w, https:\/\/i0.wp.com\/itayachtscanada.com\/wp-content\/uploads\/2026\/01\/Capture-decran-le-2026-01-31-a-11.29.24.jpg?w=2100&amp;ssl=1 2100w\" sizes=\"auto, (max-width: 300px) 100vw, 300px\" data-attachment-id=\"298937\" data-permalink=\"https:\/\/itayachtscanada.com\/fr\/about-the-new-azimut-seadeck-9\/capture-decran-le-2026-01-31-a-11-29-24\/\" data-orig-file=\"https:\/\/i0.wp.com\/itayachtscanada.com\/wp-content\/uploads\/2026\/01\/Capture-decran-le-2026-01-31-a-11.29.24.jpg?fit=2604%2C1342&amp;ssl=1\" data-orig-size=\"2604,1342\" data-comments-opened=\"1\" data-image-meta=\"{&quot;aperture&quot;:&quot;0&quot;,&quot;credit&quot;:&quot;&quot;,&quot;camera&quot;:&quot;&quot;,&quot;caption&quot;:&quot;&quot;,&quot;created_timestamp&quot;:&quot;0&quot;,&quot;copyright&quot;:&quot;&quot;,&quot;focal_length&quot;:&quot;0&quot;,&quot;iso&quot;:&quot;0&quot;,&quot;shutter_speed&quot;:&quot;0&quot;,&quot;title&quot;:&quot;&quot;,&quot;orientation&quot;:&quot;0&quot;}\" data-image-title=\"Capture d\u2019e\u0301cran, le 2026-01-31 a\u0300 11.29.24\" data-image-description=\"\" data-image-caption=\"\" data-large-file=\"https:\/\/i0.wp.com\/itayachtscanada.com\/wp-content\/uploads\/2026\/01\/Capture-decran-le-2026-01-31-a-11.29.24.jpg?fit=700%2C361&amp;ssl=1\" \/><\/a>\n\t\t\t<\/div><\/figure><figure class='gallery-item'>\n\t\t\t<div class='gallery-icon landscape'>\n\t\t\t\t<a href='https:\/\/itayachtscanada.com\/fr\/about-the-new-azimut-seadeck-9\/capture-decran-le-2026-02-04-a-09-52-48-2\/'><img loading=\"lazy\" decoding=\"async\" width=\"300\" height=\"201\" src=\"https:\/\/i0.wp.com\/itayachtscanada.com\/wp-content\/uploads\/2026\/01\/Capture-decran-le-2026-02-04-a-09.52.48-1.jpg?fit=300%2C201&amp;ssl=1\" class=\"attachment-medium size-medium\" alt=\"\" srcset=\"https:\/\/i0.wp.com\/itayachtscanada.com\/wp-content\/uploads\/2026\/01\/Capture-decran-le-2026-02-04-a-09.52.48-1.jpg?w=1474&amp;ssl=1 1474w, https:\/\/i0.wp.com\/itayachtscanada.com\/wp-content\/uploads\/2026\/01\/Capture-decran-le-2026-02-04-a-09.52.48-1.jpg?resize=300%2C201&amp;ssl=1 300w, https:\/\/i0.wp.com\/itayachtscanada.com\/wp-content\/uploads\/2026\/01\/Capture-decran-le-2026-02-04-a-09.52.48-1.jpg?resize=1024%2C685&amp;ssl=1 1024w, https:\/\/i0.wp.com\/itayachtscanada.com\/wp-content\/uploads\/2026\/01\/Capture-decran-le-2026-02-04-a-09.52.48-1.jpg?resize=768%2C514&amp;ssl=1 768w, https:\/\/i0.wp.com\/itayachtscanada.com\/wp-content\/uploads\/2026\/01\/Capture-decran-le-2026-02-04-a-09.52.48-1.jpg?resize=700%2C468&amp;ssl=1 700w, https:\/\/i0.wp.com\/itayachtscanada.com\/wp-content\/uploads\/2026\/01\/Capture-decran-le-2026-02-04-a-09.52.48-1.jpg?resize=900%2C600&amp;ssl=1 900w, https:\/\/i0.wp.com\/itayachtscanada.com\/wp-content\/uploads\/2026\/01\/Capture-decran-le-2026-02-04-a-09.52.48-1.jpg?resize=598%2C400&amp;ssl=1 598w, https:\/\/i0.wp.com\/itayachtscanada.com\/wp-content\/uploads\/2026\/01\/Capture-decran-le-2026-02-04-a-09.52.48-1.jpg?w=1400&amp;ssl=1 1400w\" sizes=\"auto, (max-width: 300px) 100vw, 300px\" data-attachment-id=\"299019\" data-permalink=\"https:\/\/itayachtscanada.com\/fr\/about-the-new-azimut-seadeck-9\/capture-decran-le-2026-02-04-a-09-52-48-2\/\" data-orig-file=\"https:\/\/i0.wp.com\/itayachtscanada.com\/wp-content\/uploads\/2026\/01\/Capture-decran-le-2026-02-04-a-09.52.48-1.jpg?fit=1474%2C986&amp;ssl=1\" data-orig-size=\"1474,986\" data-comments-opened=\"1\" data-image-meta=\"{&quot;aperture&quot;:&quot;0&quot;,&quot;credit&quot;:&quot;&quot;,&quot;camera&quot;:&quot;&quot;,&quot;caption&quot;:&quot;&quot;,&quot;created_timestamp&quot;:&quot;0&quot;,&quot;copyright&quot;:&quot;&quot;,&quot;focal_length&quot;:&quot;0&quot;,&quot;iso&quot;:&quot;0&quot;,&quot;shutter_speed&quot;:&quot;0&quot;,&quot;title&quot;:&quot;&quot;,&quot;orientation&quot;:&quot;0&quot;}\" data-image-title=\"Capture d\u2019e\u0301cran, le 2026-02-04 a\u0300 09.52.48\" data-image-description=\"\" data-image-caption=\"\" data-large-file=\"https:\/\/i0.wp.com\/itayachtscanada.com\/wp-content\/uploads\/2026\/01\/Capture-decran-le-2026-02-04-a-09.52.48-1.jpg?fit=700%2C468&amp;ssl=1\" \/><\/a>\n\t\t\t<\/div><\/figure><figure class='gallery-item'>\n\t\t\t<div class='gallery-icon landscape'>\n\t\t\t\t<a href='https:\/\/itayachtscanada.com\/fr\/about-the-new-azimut-seadeck-9\/capture-decran-le-2026-01-31-a-11-28-56\/'><img loading=\"lazy\" decoding=\"async\" width=\"300\" height=\"155\" src=\"https:\/\/i0.wp.com\/itayachtscanada.com\/wp-content\/uploads\/2026\/01\/Capture-decran-le-2026-01-31-a-11.28.56.jpg?fit=300%2C155&amp;ssl=1\" class=\"attachment-medium size-medium\" alt=\"\" srcset=\"https:\/\/i0.wp.com\/itayachtscanada.com\/wp-content\/uploads\/2026\/01\/Capture-decran-le-2026-01-31-a-11.28.56.jpg?w=2604&amp;ssl=1 2604w, https:\/\/i0.wp.com\/itayachtscanada.com\/wp-content\/uploads\/2026\/01\/Capture-decran-le-2026-01-31-a-11.28.56.jpg?resize=300%2C155&amp;ssl=1 300w, https:\/\/i0.wp.com\/itayachtscanada.com\/wp-content\/uploads\/2026\/01\/Capture-decran-le-2026-01-31-a-11.28.56.jpg?resize=1024%2C528&amp;ssl=1 1024w, https:\/\/i0.wp.com\/itayachtscanada.com\/wp-content\/uploads\/2026\/01\/Capture-decran-le-2026-01-31-a-11.28.56.jpg?resize=768%2C396&amp;ssl=1 768w, https:\/\/i0.wp.com\/itayachtscanada.com\/wp-content\/uploads\/2026\/01\/Capture-decran-le-2026-01-31-a-11.28.56.jpg?resize=1536%2C792&amp;ssl=1 1536w, https:\/\/i0.wp.com\/itayachtscanada.com\/wp-content\/uploads\/2026\/01\/Capture-decran-le-2026-01-31-a-11.28.56.jpg?resize=2048%2C1055&amp;ssl=1 2048w, https:\/\/i0.wp.com\/itayachtscanada.com\/wp-content\/uploads\/2026\/01\/Capture-decran-le-2026-01-31-a-11.28.56.jpg?resize=700%2C361&amp;ssl=1 700w, https:\/\/i0.wp.com\/itayachtscanada.com\/wp-content\/uploads\/2026\/01\/Capture-decran-le-2026-01-31-a-11.28.56.jpg?resize=2000%2C1031&amp;ssl=1 2000w, https:\/\/i0.wp.com\/itayachtscanada.com\/wp-content\/uploads\/2026\/01\/Capture-decran-le-2026-01-31-a-11.28.56.jpg?resize=776%2C400&amp;ssl=1 776w, https:\/\/i0.wp.com\/itayachtscanada.com\/wp-content\/uploads\/2026\/01\/Capture-decran-le-2026-01-31-a-11.28.56.jpg?w=1400&amp;ssl=1 1400w, https:\/\/i0.wp.com\/itayachtscanada.com\/wp-content\/uploads\/2026\/01\/Capture-decran-le-2026-01-31-a-11.28.56.jpg?w=2100&amp;ssl=1 2100w\" sizes=\"auto, (max-width: 300px) 100vw, 300px\" data-attachment-id=\"298939\" data-permalink=\"https:\/\/itayachtscanada.com\/fr\/about-the-new-azimut-seadeck-9\/capture-decran-le-2026-01-31-a-11-28-56\/\" data-orig-file=\"https:\/\/i0.wp.com\/itayachtscanada.com\/wp-content\/uploads\/2026\/01\/Capture-decran-le-2026-01-31-a-11.28.56.jpg?fit=2604%2C1342&amp;ssl=1\" data-orig-size=\"2604,1342\" data-comments-opened=\"1\" data-image-meta=\"{&quot;aperture&quot;:&quot;0&quot;,&quot;credit&quot;:&quot;&quot;,&quot;camera&quot;:&quot;&quot;,&quot;caption&quot;:&quot;&quot;,&quot;created_timestamp&quot;:&quot;0&quot;,&quot;copyright&quot;:&quot;&quot;,&quot;focal_length&quot;:&quot;0&quot;,&quot;iso&quot;:&quot;0&quot;,&quot;shutter_speed&quot;:&quot;0&quot;,&quot;title&quot;:&quot;&quot;,&quot;orientation&quot;:&quot;0&quot;}\" data-image-title=\"Capture d\u2019e\u0301cran, le 2026-01-31 a\u0300 11.28.56\" data-image-description=\"\" data-image-caption=\"\" data-large-file=\"https:\/\/i0.wp.com\/itayachtscanada.com\/wp-content\/uploads\/2026\/01\/Capture-decran-le-2026-01-31-a-11.28.56.jpg?fit=700%2C361&amp;ssl=1\" \/><\/a>\n\t\t\t<\/div><\/figure><figure class='gallery-item'>\n\t\t\t<div class='gallery-icon landscape'>\n\t\t\t\t<a href='https:\/\/itayachtscanada.com\/fr\/about-the-new-azimut-seadeck-9\/capture-decran-le-2026-01-31-a-11-30-01\/'><img loading=\"lazy\" decoding=\"async\" width=\"300\" height=\"153\" src=\"https:\/\/i0.wp.com\/itayachtscanada.com\/wp-content\/uploads\/2026\/01\/Capture-decran-le-2026-01-31-a-11.30.01.jpg?fit=300%2C153&amp;ssl=1\" class=\"attachment-medium size-medium\" alt=\"\" srcset=\"https:\/\/i0.wp.com\/itayachtscanada.com\/wp-content\/uploads\/2026\/01\/Capture-decran-le-2026-01-31-a-11.30.01.jpg?w=2614&amp;ssl=1 2614w, https:\/\/i0.wp.com\/itayachtscanada.com\/wp-content\/uploads\/2026\/01\/Capture-decran-le-2026-01-31-a-11.30.01.jpg?resize=300%2C153&amp;ssl=1 300w, https:\/\/i0.wp.com\/itayachtscanada.com\/wp-content\/uploads\/2026\/01\/Capture-decran-le-2026-01-31-a-11.30.01.jpg?resize=1024%2C522&amp;ssl=1 1024w, https:\/\/i0.wp.com\/itayachtscanada.com\/wp-content\/uploads\/2026\/01\/Capture-decran-le-2026-01-31-a-11.30.01.jpg?resize=768%2C391&amp;ssl=1 768w, https:\/\/i0.wp.com\/itayachtscanada.com\/wp-content\/uploads\/2026\/01\/Capture-decran-le-2026-01-31-a-11.30.01.jpg?resize=1536%2C783&amp;ssl=1 1536w, https:\/\/i0.wp.com\/itayachtscanada.com\/wp-content\/uploads\/2026\/01\/Capture-decran-le-2026-01-31-a-11.30.01.jpg?resize=2048%2C1044&amp;ssl=1 2048w, https:\/\/i0.wp.com\/itayachtscanada.com\/wp-content\/uploads\/2026\/01\/Capture-decran-le-2026-01-31-a-11.30.01.jpg?resize=700%2C357&amp;ssl=1 700w, https:\/\/i0.wp.com\/itayachtscanada.com\/wp-content\/uploads\/2026\/01\/Capture-decran-le-2026-01-31-a-11.30.01.jpg?resize=2000%2C1019&amp;ssl=1 2000w, https:\/\/i0.wp.com\/itayachtscanada.com\/wp-content\/uploads\/2026\/01\/Capture-decran-le-2026-01-31-a-11.30.01.jpg?resize=785%2C400&amp;ssl=1 785w, https:\/\/i0.wp.com\/itayachtscanada.com\/wp-content\/uploads\/2026\/01\/Capture-decran-le-2026-01-31-a-11.30.01.jpg?w=1400&amp;ssl=1 1400w, https:\/\/i0.wp.com\/itayachtscanada.com\/wp-content\/uploads\/2026\/01\/Capture-decran-le-2026-01-31-a-11.30.01.jpg?w=2100&amp;ssl=1 2100w\" sizes=\"auto, (max-width: 300px) 100vw, 300px\" data-attachment-id=\"298934\" data-permalink=\"https:\/\/itayachtscanada.com\/fr\/about-the-new-azimut-seadeck-9\/capture-decran-le-2026-01-31-a-11-30-01\/\" data-orig-file=\"https:\/\/i0.wp.com\/itayachtscanada.com\/wp-content\/uploads\/2026\/01\/Capture-decran-le-2026-01-31-a-11.30.01.jpg?fit=2614%2C1332&amp;ssl=1\" data-orig-size=\"2614,1332\" data-comments-opened=\"1\" data-image-meta=\"{&quot;aperture&quot;:&quot;0&quot;,&quot;credit&quot;:&quot;&quot;,&quot;camera&quot;:&quot;&quot;,&quot;caption&quot;:&quot;&quot;,&quot;created_timestamp&quot;:&quot;0&quot;,&quot;copyright&quot;:&quot;&quot;,&quot;focal_length&quot;:&quot;0&quot;,&quot;iso&quot;:&quot;0&quot;,&quot;shutter_speed&quot;:&quot;0&quot;,&quot;title&quot;:&quot;&quot;,&quot;orientation&quot;:&quot;0&quot;}\" data-image-title=\"Capture d\u2019e\u0301cran, le 2026-01-31 a\u0300 11.30.01\" data-image-description=\"\" data-image-caption=\"\" data-large-file=\"https:\/\/i0.wp.com\/itayachtscanada.com\/wp-content\/uploads\/2026\/01\/Capture-decran-le-2026-01-31-a-11.30.01.jpg?fit=700%2C357&amp;ssl=1\" \/><\/a>\n\t\t\t<\/div><\/figure><figure class='gallery-item'>\n\t\t\t<div class='gallery-icon landscape'>\n\t\t\t\t<a href='https:\/\/itayachtscanada.com\/fr\/about-the-new-azimut-seadeck-9\/capture-decran-le-2026-01-31-a-11-30-19\/'><img loading=\"lazy\" decoding=\"async\" width=\"300\" height=\"153\" src=\"https:\/\/i0.wp.com\/itayachtscanada.com\/wp-content\/uploads\/2026\/01\/Capture-decran-le-2026-01-31-a-11.30.19.jpg?fit=300%2C153&amp;ssl=1\" class=\"attachment-medium size-medium\" alt=\"\" srcset=\"https:\/\/i0.wp.com\/itayachtscanada.com\/wp-content\/uploads\/2026\/01\/Capture-decran-le-2026-01-31-a-11.30.19.jpg?w=2614&amp;ssl=1 2614w, https:\/\/i0.wp.com\/itayachtscanada.com\/wp-content\/uploads\/2026\/01\/Capture-decran-le-2026-01-31-a-11.30.19.jpg?resize=300%2C153&amp;ssl=1 300w, https:\/\/i0.wp.com\/itayachtscanada.com\/wp-content\/uploads\/2026\/01\/Capture-decran-le-2026-01-31-a-11.30.19.jpg?resize=1024%2C522&amp;ssl=1 1024w, https:\/\/i0.wp.com\/itayachtscanada.com\/wp-content\/uploads\/2026\/01\/Capture-decran-le-2026-01-31-a-11.30.19.jpg?resize=768%2C391&amp;ssl=1 768w, https:\/\/i0.wp.com\/itayachtscanada.com\/wp-content\/uploads\/2026\/01\/Capture-decran-le-2026-01-31-a-11.30.19.jpg?resize=1536%2C783&amp;ssl=1 1536w, https:\/\/i0.wp.com\/itayachtscanada.com\/wp-content\/uploads\/2026\/01\/Capture-decran-le-2026-01-31-a-11.30.19.jpg?resize=2048%2C1044&amp;ssl=1 2048w, https:\/\/i0.wp.com\/itayachtscanada.com\/wp-content\/uploads\/2026\/01\/Capture-decran-le-2026-01-31-a-11.30.19.jpg?resize=700%2C357&amp;ssl=1 700w, https:\/\/i0.wp.com\/itayachtscanada.com\/wp-content\/uploads\/2026\/01\/Capture-decran-le-2026-01-31-a-11.30.19.jpg?resize=2000%2C1019&amp;ssl=1 2000w, https:\/\/i0.wp.com\/itayachtscanada.com\/wp-content\/uploads\/2026\/01\/Capture-decran-le-2026-01-31-a-11.30.19.jpg?resize=785%2C400&amp;ssl=1 785w, https:\/\/i0.wp.com\/itayachtscanada.com\/wp-content\/uploads\/2026\/01\/Capture-decran-le-2026-01-31-a-11.30.19.jpg?w=1400&amp;ssl=1 1400w, https:\/\/i0.wp.com\/itayachtscanada.com\/wp-content\/uploads\/2026\/01\/Capture-decran-le-2026-01-31-a-11.30.19.jpg?w=2100&amp;ssl=1 2100w\" sizes=\"auto, (max-width: 300px) 100vw, 300px\" data-attachment-id=\"298933\" data-permalink=\"https:\/\/itayachtscanada.com\/fr\/about-the-new-azimut-seadeck-9\/capture-decran-le-2026-01-31-a-11-30-19\/\" data-orig-file=\"https:\/\/i0.wp.com\/itayachtscanada.com\/wp-content\/uploads\/2026\/01\/Capture-decran-le-2026-01-31-a-11.30.19.jpg?fit=2614%2C1332&amp;ssl=1\" data-orig-size=\"2614,1332\" data-comments-opened=\"1\" data-image-meta=\"{&quot;aperture&quot;:&quot;0&quot;,&quot;credit&quot;:&quot;&quot;,&quot;camera&quot;:&quot;&quot;,&quot;caption&quot;:&quot;&quot;,&quot;created_timestamp&quot;:&quot;0&quot;,&quot;copyright&quot;:&quot;&quot;,&quot;focal_length&quot;:&quot;0&quot;,&quot;iso&quot;:&quot;0&quot;,&quot;shutter_speed&quot;:&quot;0&quot;,&quot;title&quot;:&quot;&quot;,&quot;orientation&quot;:&quot;0&quot;}\" data-image-title=\"Capture d\u2019e\u0301cran, le 2026-01-31 a\u0300 11.30.19\" data-image-description=\"\" data-image-caption=\"\" data-large-file=\"https:\/\/i0.wp.com\/itayachtscanada.com\/wp-content\/uploads\/2026\/01\/Capture-decran-le-2026-01-31-a-11.30.19.jpg?fit=700%2C357&amp;ssl=1\" \/><\/a>\n\t\t\t<\/div><\/figure><figure class='gallery-item'>\n\t\t\t<div class='gallery-icon landscape'>\n\t\t\t\t<a href='https:\/\/itayachtscanada.com\/fr\/about-the-new-azimut-seadeck-9\/capture-decran-le-2026-01-31-a-11-30-27\/'><img loading=\"lazy\" decoding=\"async\" width=\"300\" height=\"153\" src=\"https:\/\/i0.wp.com\/itayachtscanada.com\/wp-content\/uploads\/2026\/01\/Capture-decran-le-2026-01-31-a-11.30.27.jpg?fit=300%2C153&amp;ssl=1\" class=\"attachment-medium size-medium\" alt=\"\" srcset=\"https:\/\/i0.wp.com\/itayachtscanada.com\/wp-content\/uploads\/2026\/01\/Capture-decran-le-2026-01-31-a-11.30.27.jpg?w=2614&amp;ssl=1 2614w, https:\/\/i0.wp.com\/itayachtscanada.com\/wp-content\/uploads\/2026\/01\/Capture-decran-le-2026-01-31-a-11.30.27.jpg?resize=300%2C153&amp;ssl=1 300w, https:\/\/i0.wp.com\/itayachtscanada.com\/wp-content\/uploads\/2026\/01\/Capture-decran-le-2026-01-31-a-11.30.27.jpg?resize=1024%2C522&amp;ssl=1 1024w, https:\/\/i0.wp.com\/itayachtscanada.com\/wp-content\/uploads\/2026\/01\/Capture-decran-le-2026-01-31-a-11.30.27.jpg?resize=768%2C391&amp;ssl=1 768w, https:\/\/i0.wp.com\/itayachtscanada.com\/wp-content\/uploads\/2026\/01\/Capture-decran-le-2026-01-31-a-11.30.27.jpg?resize=1536%2C783&amp;ssl=1 1536w, https:\/\/i0.wp.com\/itayachtscanada.com\/wp-content\/uploads\/2026\/01\/Capture-decran-le-2026-01-31-a-11.30.27.jpg?resize=2048%2C1044&amp;ssl=1 2048w, https:\/\/i0.wp.com\/itayachtscanada.com\/wp-content\/uploads\/2026\/01\/Capture-decran-le-2026-01-31-a-11.30.27.jpg?resize=700%2C357&amp;ssl=1 700w, https:\/\/i0.wp.com\/itayachtscanada.com\/wp-content\/uploads\/2026\/01\/Capture-decran-le-2026-01-31-a-11.30.27.jpg?resize=2000%2C1019&amp;ssl=1 2000w, https:\/\/i0.wp.com\/itayachtscanada.com\/wp-content\/uploads\/2026\/01\/Capture-decran-le-2026-01-31-a-11.30.27.jpg?resize=785%2C400&amp;ssl=1 785w, https:\/\/i0.wp.com\/itayachtscanada.com\/wp-content\/uploads\/2026\/01\/Capture-decran-le-2026-01-31-a-11.30.27.jpg?w=1400&amp;ssl=1 1400w, https:\/\/i0.wp.com\/itayachtscanada.com\/wp-content\/uploads\/2026\/01\/Capture-decran-le-2026-01-31-a-11.30.27.jpg?w=2100&amp;ssl=1 2100w\" sizes=\"auto, (max-width: 300px) 100vw, 300px\" data-attachment-id=\"298932\" data-permalink=\"https:\/\/itayachtscanada.com\/fr\/about-the-new-azimut-seadeck-9\/capture-decran-le-2026-01-31-a-11-30-27\/\" data-orig-file=\"https:\/\/i0.wp.com\/itayachtscanada.com\/wp-content\/uploads\/2026\/01\/Capture-decran-le-2026-01-31-a-11.30.27.jpg?fit=2614%2C1332&amp;ssl=1\" data-orig-size=\"2614,1332\" data-comments-opened=\"1\" data-image-meta=\"{&quot;aperture&quot;:&quot;0&quot;,&quot;credit&quot;:&quot;&quot;,&quot;camera&quot;:&quot;&quot;,&quot;caption&quot;:&quot;&quot;,&quot;created_timestamp&quot;:&quot;0&quot;,&quot;copyright&quot;:&quot;&quot;,&quot;focal_length&quot;:&quot;0&quot;,&quot;iso&quot;:&quot;0&quot;,&quot;shutter_speed&quot;:&quot;0&quot;,&quot;title&quot;:&quot;&quot;,&quot;orientation&quot;:&quot;0&quot;}\" data-image-title=\"Capture d\u2019e\u0301cran, le 2026-01-31 a\u0300 11.30.27\" data-image-description=\"\" data-image-caption=\"\" data-large-file=\"https:\/\/i0.wp.com\/itayachtscanada.com\/wp-content\/uploads\/2026\/01\/Capture-decran-le-2026-01-31-a-11.30.27.jpg?fit=700%2C357&amp;ssl=1\" \/><\/a>\n\t\t\t<\/div><\/figure><figure class='gallery-item'>\n\t\t\t<div class='gallery-icon landscape'>\n\t\t\t\t<a href='https:\/\/itayachtscanada.com\/fr\/about-the-new-azimut-seadeck-9\/capture-decran-le-2026-01-31-a-11-20-55\/'><img loading=\"lazy\" decoding=\"async\" width=\"300\" height=\"177\" src=\"https:\/\/i0.wp.com\/itayachtscanada.com\/wp-content\/uploads\/2026\/01\/Capture-decran-le-2026-01-31-a-11.20.55.jpg?fit=300%2C177&amp;ssl=1\" class=\"attachment-medium size-medium\" alt=\"\" srcset=\"https:\/\/i0.wp.com\/itayachtscanada.com\/wp-content\/uploads\/2026\/01\/Capture-decran-le-2026-01-31-a-11.20.55.jpg?w=1988&amp;ssl=1 1988w, https:\/\/i0.wp.com\/itayachtscanada.com\/wp-content\/uploads\/2026\/01\/Capture-decran-le-2026-01-31-a-11.20.55.jpg?resize=300%2C177&amp;ssl=1 300w, https:\/\/i0.wp.com\/itayachtscanada.com\/wp-content\/uploads\/2026\/01\/Capture-decran-le-2026-01-31-a-11.20.55.jpg?resize=1024%2C604&amp;ssl=1 1024w, https:\/\/i0.wp.com\/itayachtscanada.com\/wp-content\/uploads\/2026\/01\/Capture-decran-le-2026-01-31-a-11.20.55.jpg?resize=768%2C453&amp;ssl=1 768w, https:\/\/i0.wp.com\/itayachtscanada.com\/wp-content\/uploads\/2026\/01\/Capture-decran-le-2026-01-31-a-11.20.55.jpg?resize=1536%2C906&amp;ssl=1 1536w, https:\/\/i0.wp.com\/itayachtscanada.com\/wp-content\/uploads\/2026\/01\/Capture-decran-le-2026-01-31-a-11.20.55.jpg?resize=700%2C413&amp;ssl=1 700w, https:\/\/i0.wp.com\/itayachtscanada.com\/wp-content\/uploads\/2026\/01\/Capture-decran-le-2026-01-31-a-11.20.55.jpg?resize=678%2C400&amp;ssl=1 678w, https:\/\/i0.wp.com\/itayachtscanada.com\/wp-content\/uploads\/2026\/01\/Capture-decran-le-2026-01-31-a-11.20.55.jpg?w=1400&amp;ssl=1 1400w\" sizes=\"auto, (max-width: 300px) 100vw, 300px\" data-attachment-id=\"298944\" data-permalink=\"https:\/\/itayachtscanada.com\/fr\/about-the-new-azimut-seadeck-9\/capture-decran-le-2026-01-31-a-11-20-55\/\" data-orig-file=\"https:\/\/i0.wp.com\/itayachtscanada.com\/wp-content\/uploads\/2026\/01\/Capture-decran-le-2026-01-31-a-11.20.55.jpg?fit=1988%2C1172&amp;ssl=1\" data-orig-size=\"1988,1172\" data-comments-opened=\"1\" data-image-meta=\"{&quot;aperture&quot;:&quot;0&quot;,&quot;credit&quot;:&quot;&quot;,&quot;camera&quot;:&quot;&quot;,&quot;caption&quot;:&quot;&quot;,&quot;created_timestamp&quot;:&quot;0&quot;,&quot;copyright&quot;:&quot;&quot;,&quot;focal_length&quot;:&quot;0&quot;,&quot;iso&quot;:&quot;0&quot;,&quot;shutter_speed&quot;:&quot;0&quot;,&quot;title&quot;:&quot;&quot;,&quot;orientation&quot;:&quot;0&quot;}\" data-image-title=\"Capture d\u2019e\u0301cran, le 2026-01-31 a\u0300 11.20.55\" data-image-description=\"\" data-image-caption=\"\" data-large-file=\"https:\/\/i0.wp.com\/itayachtscanada.com\/wp-content\/uploads\/2026\/01\/Capture-decran-le-2026-01-31-a-11.20.55.jpg?fit=700%2C413&amp;ssl=1\" \/><\/a>\n\t\t\t<\/div><\/figure><figure class='gallery-item'>\n\t\t\t<div class='gallery-icon landscape'>\n\t\t\t\t<a href='https:\/\/itayachtscanada.com\/fr\/about-the-new-azimut-seadeck-9\/seadeck-9_05_stateroom\/'><img loading=\"lazy\" decoding=\"async\" width=\"300\" height=\"200\" src=\"https:\/\/itayachtscanada.com\/wp-content\/uploads\/2026\/01\/Seadeck-9_05_stateroom-300x200.avif\" class=\"attachment-medium size-medium\" alt=\"\" srcset=\"https:\/\/itayachtscanada.com\/wp-content\/uploads\/2026\/01\/Seadeck-9_05_stateroom-300x200.avif 300w, https:\/\/itayachtscanada.com\/wp-content\/uploads\/2026\/01\/Seadeck-9_05_stateroom-1024x683.avif 1024w, https:\/\/itayachtscanada.com\/wp-content\/uploads\/2026\/01\/Seadeck-9_05_stateroom-768x512.avif 768w, https:\/\/itayachtscanada.com\/wp-content\/uploads\/2026\/01\/Seadeck-9_05_stateroom-1536x1024.avif 1536w, https:\/\/itayachtscanada.com\/wp-content\/uploads\/2026\/01\/Seadeck-9_05_stateroom-700x467.avif 700w, https:\/\/itayachtscanada.com\/wp-content\/uploads\/2026\/01\/Seadeck-9_05_stateroom-2000x1333.avif 2000w, https:\/\/itayachtscanada.com\/wp-content\/uploads\/2026\/01\/Seadeck-9_05_stateroom-900x600.avif 900w, https:\/\/itayachtscanada.com\/wp-content\/uploads\/2026\/01\/Seadeck-9_05_stateroom-600x400.avif 600w, https:\/\/itayachtscanada.com\/wp-content\/uploads\/2026\/01\/Seadeck-9_05_stateroom.avif 2048w, https:\/\/itayachtscanada.com\/wp-content\/uploads\/2026\/01\/Seadeck-9_05_stateroom.avif 1400w\" sizes=\"auto, (max-width: 300px) 100vw, 300px\" data-attachment-id=\"298943\" data-permalink=\"https:\/\/itayachtscanada.com\/fr\/about-the-new-azimut-seadeck-9\/seadeck-9_05_stateroom\/\" data-orig-file=\"https:\/\/itayachtscanada.com\/wp-content\/uploads\/2026\/01\/Seadeck-9_05_stateroom.avif\" data-orig-size=\"2048,1365\" data-comments-opened=\"1\" data-image-meta=\"{&quot;aperture&quot;:&quot;0&quot;,&quot;credit&quot;:&quot;&quot;,&quot;camera&quot;:&quot;&quot;,&quot;caption&quot;:&quot;&quot;,&quot;created_timestamp&quot;:&quot;0&quot;,&quot;copyright&quot;:&quot;&quot;,&quot;focal_length&quot;:&quot;0&quot;,&quot;iso&quot;:&quot;0&quot;,&quot;shutter_speed&quot;:&quot;0&quot;,&quot;title&quot;:&quot;&quot;,&quot;orientation&quot;:&quot;0&quot;}\" data-image-title=\"Seadeck-9_05_stateroom\" data-image-description=\"\" data-image-caption=\"\" data-large-file=\"https:\/\/itayachtscanada.com\/wp-content\/uploads\/2026\/01\/Seadeck-9_05_stateroom-1024x683.avif\" \/><\/a>\n\t\t\t<\/div><\/figure><figure class='gallery-item'>\n\t\t\t<div class='gallery-icon landscape'>\n\t\t\t\t<a href='https:\/\/itayachtscanada.com\/fr\/about-the-new-azimut-seadeck-9\/capture-decran-le-2026-01-31-a-11-30-36\/'><img loading=\"lazy\" decoding=\"async\" width=\"300\" height=\"153\" src=\"https:\/\/i0.wp.com\/itayachtscanada.com\/wp-content\/uploads\/2026\/01\/Capture-decran-le-2026-01-31-a-11.30.36.jpg?fit=300%2C153&amp;ssl=1\" class=\"attachment-medium size-medium\" alt=\"\" srcset=\"https:\/\/i0.wp.com\/itayachtscanada.com\/wp-content\/uploads\/2026\/01\/Capture-decran-le-2026-01-31-a-11.30.36.jpg?w=2614&amp;ssl=1 2614w, https:\/\/i0.wp.com\/itayachtscanada.com\/wp-content\/uploads\/2026\/01\/Capture-decran-le-2026-01-31-a-11.30.36.jpg?resize=300%2C153&amp;ssl=1 300w, https:\/\/i0.wp.com\/itayachtscanada.com\/wp-content\/uploads\/2026\/01\/Capture-decran-le-2026-01-31-a-11.30.36.jpg?resize=1024%2C522&amp;ssl=1 1024w, https:\/\/i0.wp.com\/itayachtscanada.com\/wp-content\/uploads\/2026\/01\/Capture-decran-le-2026-01-31-a-11.30.36.jpg?resize=768%2C391&amp;ssl=1 768w, https:\/\/i0.wp.com\/itayachtscanada.com\/wp-content\/uploads\/2026\/01\/Capture-decran-le-2026-01-31-a-11.30.36.jpg?resize=1536%2C783&amp;ssl=1 1536w, https:\/\/i0.wp.com\/itayachtscanada.com\/wp-content\/uploads\/2026\/01\/Capture-decran-le-2026-01-31-a-11.30.36.jpg?resize=2048%2C1044&amp;ssl=1 2048w, https:\/\/i0.wp.com\/itayachtscanada.com\/wp-content\/uploads\/2026\/01\/Capture-decran-le-2026-01-31-a-11.30.36.jpg?resize=700%2C357&amp;ssl=1 700w, https:\/\/i0.wp.com\/itayachtscanada.com\/wp-content\/uploads\/2026\/01\/Capture-decran-le-2026-01-31-a-11.30.36.jpg?resize=2000%2C1019&amp;ssl=1 2000w, https:\/\/i0.wp.com\/itayachtscanada.com\/wp-content\/uploads\/2026\/01\/Capture-decran-le-2026-01-31-a-11.30.36.jpg?resize=785%2C400&amp;ssl=1 785w, https:\/\/i0.wp.com\/itayachtscanada.com\/wp-content\/uploads\/2026\/01\/Capture-decran-le-2026-01-31-a-11.30.36.jpg?w=1400&amp;ssl=1 1400w, https:\/\/i0.wp.com\/itayachtscanada.com\/wp-content\/uploads\/2026\/01\/Capture-decran-le-2026-01-31-a-11.30.36.jpg?w=2100&amp;ssl=1 2100w\" sizes=\"auto, (max-width: 300px) 100vw, 300px\" data-attachment-id=\"298931\" data-permalink=\"https:\/\/itayachtscanada.com\/fr\/about-the-new-azimut-seadeck-9\/capture-decran-le-2026-01-31-a-11-30-36\/\" data-orig-file=\"https:\/\/i0.wp.com\/itayachtscanada.com\/wp-content\/uploads\/2026\/01\/Capture-decran-le-2026-01-31-a-11.30.36.jpg?fit=2614%2C1332&amp;ssl=1\" data-orig-size=\"2614,1332\" data-comments-opened=\"1\" data-image-meta=\"{&quot;aperture&quot;:&quot;0&quot;,&quot;credit&quot;:&quot;&quot;,&quot;camera&quot;:&quot;&quot;,&quot;caption&quot;:&quot;&quot;,&quot;created_timestamp&quot;:&quot;0&quot;,&quot;copyright&quot;:&quot;&quot;,&quot;focal_length&quot;:&quot;0&quot;,&quot;iso&quot;:&quot;0&quot;,&quot;shutter_speed&quot;:&quot;0&quot;,&quot;title&quot;:&quot;&quot;,&quot;orientation&quot;:&quot;0&quot;}\" data-image-title=\"Capture d\u2019e\u0301cran, le 2026-01-31 a\u0300 11.30.36\" data-image-description=\"\" data-image-caption=\"\" data-large-file=\"https:\/\/i0.wp.com\/itayachtscanada.com\/wp-content\/uploads\/2026\/01\/Capture-decran-le-2026-01-31-a-11.30.36.jpg?fit=700%2C357&amp;ssl=1\" \/><\/a>\n\t\t\t<\/div><\/figure><figure class='gallery-item'>\n\t\t\t<div class='gallery-icon landscape'>\n\t\t\t\t<a href='https:\/\/itayachtscanada.com\/fr\/about-the-new-azimut-seadeck-9\/capture-decran-le-2026-01-31-a-11-30-48\/'><img loading=\"lazy\" decoding=\"async\" width=\"300\" height=\"153\" src=\"https:\/\/i0.wp.com\/itayachtscanada.com\/wp-content\/uploads\/2026\/01\/Capture-decran-le-2026-01-31-a-11.30.48.jpg?fit=300%2C153&amp;ssl=1\" class=\"attachment-medium size-medium\" alt=\"\" srcset=\"https:\/\/i0.wp.com\/itayachtscanada.com\/wp-content\/uploads\/2026\/01\/Capture-decran-le-2026-01-31-a-11.30.48.jpg?w=2614&amp;ssl=1 2614w, https:\/\/i0.wp.com\/itayachtscanada.com\/wp-content\/uploads\/2026\/01\/Capture-decran-le-2026-01-31-a-11.30.48.jpg?resize=300%2C153&amp;ssl=1 300w, https:\/\/i0.wp.com\/itayachtscanada.com\/wp-content\/uploads\/2026\/01\/Capture-decran-le-2026-01-31-a-11.30.48.jpg?resize=1024%2C522&amp;ssl=1 1024w, https:\/\/i0.wp.com\/itayachtscanada.com\/wp-content\/uploads\/2026\/01\/Capture-decran-le-2026-01-31-a-11.30.48.jpg?resize=768%2C391&amp;ssl=1 768w, https:\/\/i0.wp.com\/itayachtscanada.com\/wp-content\/uploads\/2026\/01\/Capture-decran-le-2026-01-31-a-11.30.48.jpg?resize=1536%2C783&amp;ssl=1 1536w, https:\/\/i0.wp.com\/itayachtscanada.com\/wp-content\/uploads\/2026\/01\/Capture-decran-le-2026-01-31-a-11.30.48.jpg?resize=2048%2C1044&amp;ssl=1 2048w, https:\/\/i0.wp.com\/itayachtscanada.com\/wp-content\/uploads\/2026\/01\/Capture-decran-le-2026-01-31-a-11.30.48.jpg?resize=700%2C357&amp;ssl=1 700w, https:\/\/i0.wp.com\/itayachtscanada.com\/wp-content\/uploads\/2026\/01\/Capture-decran-le-2026-01-31-a-11.30.48.jpg?resize=2000%2C1019&amp;ssl=1 2000w, https:\/\/i0.wp.com\/itayachtscanada.com\/wp-content\/uploads\/2026\/01\/Capture-decran-le-2026-01-31-a-11.30.48.jpg?resize=785%2C400&amp;ssl=1 785w, https:\/\/i0.wp.com\/itayachtscanada.com\/wp-content\/uploads\/2026\/01\/Capture-decran-le-2026-01-31-a-11.30.48.jpg?w=1400&amp;ssl=1 1400w, https:\/\/i0.wp.com\/itayachtscanada.com\/wp-content\/uploads\/2026\/01\/Capture-decran-le-2026-01-31-a-11.30.48.jpg?w=2100&amp;ssl=1 2100w\" sizes=\"auto, (max-width: 300px) 100vw, 300px\" data-attachment-id=\"298930\" data-permalink=\"https:\/\/itayachtscanada.com\/fr\/about-the-new-azimut-seadeck-9\/capture-decran-le-2026-01-31-a-11-30-48\/\" data-orig-file=\"https:\/\/i0.wp.com\/itayachtscanada.com\/wp-content\/uploads\/2026\/01\/Capture-decran-le-2026-01-31-a-11.30.48.jpg?fit=2614%2C1332&amp;ssl=1\" data-orig-size=\"2614,1332\" data-comments-opened=\"1\" data-image-meta=\"{&quot;aperture&quot;:&quot;0&quot;,&quot;credit&quot;:&quot;&quot;,&quot;camera&quot;:&quot;&quot;,&quot;caption&quot;:&quot;&quot;,&quot;created_timestamp&quot;:&quot;0&quot;,&quot;copyright&quot;:&quot;&quot;,&quot;focal_length&quot;:&quot;0&quot;,&quot;iso&quot;:&quot;0&quot;,&quot;shutter_speed&quot;:&quot;0&quot;,&quot;title&quot;:&quot;&quot;,&quot;orientation&quot;:&quot;0&quot;}\" data-image-title=\"Capture d\u2019e\u0301cran, le 2026-01-31 a\u0300 11.30.48\" data-image-description=\"\" data-image-caption=\"\" data-large-file=\"https:\/\/i0.wp.com\/itayachtscanada.com\/wp-content\/uploads\/2026\/01\/Capture-decran-le-2026-01-31-a-11.30.48.jpg?fit=700%2C357&amp;ssl=1\" \/><\/a>\n\t\t\t<\/div><\/figure><figure class='gallery-item'>\n\t\t\t<div class='gallery-icon landscape'>\n\t\t\t\t<a href='https:\/\/itayachtscanada.com\/fr\/about-the-new-azimut-seadeck-9\/azimut-seadeck-9-flybridge-deck\/'><img loading=\"lazy\" decoding=\"async\" width=\"300\" height=\"85\" src=\"https:\/\/i0.wp.com\/itayachtscanada.com\/wp-content\/uploads\/2026\/01\/Azimut-Seadeck-9-flybridge-deck.jpg?fit=300%2C85&amp;ssl=1\" class=\"attachment-medium size-medium\" alt=\"\" srcset=\"https:\/\/i0.wp.com\/itayachtscanada.com\/wp-content\/uploads\/2026\/01\/Azimut-Seadeck-9-flybridge-deck.jpg?w=2578&amp;ssl=1 2578w, https:\/\/i0.wp.com\/itayachtscanada.com\/wp-content\/uploads\/2026\/01\/Azimut-Seadeck-9-flybridge-deck.jpg?resize=300%2C85&amp;ssl=1 300w, https:\/\/i0.wp.com\/itayachtscanada.com\/wp-content\/uploads\/2026\/01\/Azimut-Seadeck-9-flybridge-deck.jpg?resize=1024%2C292&amp;ssl=1 1024w, https:\/\/i0.wp.com\/itayachtscanada.com\/wp-content\/uploads\/2026\/01\/Azimut-Seadeck-9-flybridge-deck.jpg?resize=768%2C219&amp;ssl=1 768w, https:\/\/i0.wp.com\/itayachtscanada.com\/wp-content\/uploads\/2026\/01\/Azimut-Seadeck-9-flybridge-deck.jpg?resize=1536%2C437&amp;ssl=1 1536w, https:\/\/i0.wp.com\/itayachtscanada.com\/wp-content\/uploads\/2026\/01\/Azimut-Seadeck-9-flybridge-deck.jpg?resize=2048%2C583&amp;ssl=1 2048w, https:\/\/i0.wp.com\/itayachtscanada.com\/wp-content\/uploads\/2026\/01\/Azimut-Seadeck-9-flybridge-deck.jpg?resize=700%2C199&amp;ssl=1 700w, https:\/\/i0.wp.com\/itayachtscanada.com\/wp-content\/uploads\/2026\/01\/Azimut-Seadeck-9-flybridge-deck.jpg?resize=2000%2C569&amp;ssl=1 2000w, https:\/\/i0.wp.com\/itayachtscanada.com\/wp-content\/uploads\/2026\/01\/Azimut-Seadeck-9-flybridge-deck.jpg?resize=1405%2C400&amp;ssl=1 1405w, https:\/\/i0.wp.com\/itayachtscanada.com\/wp-content\/uploads\/2026\/01\/Azimut-Seadeck-9-flybridge-deck.jpg?w=2100&amp;ssl=1 2100w\" sizes=\"auto, (max-width: 300px) 100vw, 300px\" data-attachment-id=\"298942\" data-permalink=\"https:\/\/itayachtscanada.com\/fr\/about-the-new-azimut-seadeck-9\/azimut-seadeck-9-flybridge-deck\/\" data-orig-file=\"https:\/\/i0.wp.com\/itayachtscanada.com\/wp-content\/uploads\/2026\/01\/Azimut-Seadeck-9-flybridge-deck.jpg?fit=2578%2C734&amp;ssl=1\" data-orig-size=\"2578,734\" data-comments-opened=\"1\" data-image-meta=\"{&quot;aperture&quot;:&quot;0&quot;,&quot;credit&quot;:&quot;&quot;,&quot;camera&quot;:&quot;&quot;,&quot;caption&quot;:&quot;&quot;,&quot;created_timestamp&quot;:&quot;0&quot;,&quot;copyright&quot;:&quot;&quot;,&quot;focal_length&quot;:&quot;0&quot;,&quot;iso&quot;:&quot;0&quot;,&quot;shutter_speed&quot;:&quot;0&quot;,&quot;title&quot;:&quot;&quot;,&quot;orientation&quot;:&quot;1&quot;}\" data-image-title=\"Azimut Seadeck 9 flybridge deck\" data-image-description=\"\" data-image-caption=\"\" data-large-file=\"https:\/\/i0.wp.com\/itayachtscanada.com\/wp-content\/uploads\/2026\/01\/Azimut-Seadeck-9-flybridge-deck.jpg?fit=700%2C200&amp;ssl=1\" \/><\/a>\n\t\t\t<\/div><\/figure><figure class='gallery-item'>\n\t\t\t<div class='gallery-icon landscape'>\n\t\t\t\t<a href='https:\/\/itayachtscanada.com\/fr\/about-the-new-azimut-seadeck-9\/technical-spec\/'><img loading=\"lazy\" decoding=\"async\" width=\"300\" height=\"181\" src=\"https:\/\/i0.wp.com\/itayachtscanada.com\/wp-content\/uploads\/2026\/01\/technical-spec.jpg?fit=300%2C181&amp;ssl=1\" class=\"attachment-medium size-medium\" alt=\"\" srcset=\"https:\/\/i0.wp.com\/itayachtscanada.com\/wp-content\/uploads\/2026\/01\/technical-spec.jpg?w=2246&amp;ssl=1 2246w, https:\/\/i0.wp.com\/itayachtscanada.com\/wp-content\/uploads\/2026\/01\/technical-spec.jpg?resize=300%2C181&amp;ssl=1 300w, https:\/\/i0.wp.com\/itayachtscanada.com\/wp-content\/uploads\/2026\/01\/technical-spec.jpg?resize=1024%2C619&amp;ssl=1 1024w, https:\/\/i0.wp.com\/itayachtscanada.com\/wp-content\/uploads\/2026\/01\/technical-spec.jpg?resize=768%2C464&amp;ssl=1 768w, https:\/\/i0.wp.com\/itayachtscanada.com\/wp-content\/uploads\/2026\/01\/technical-spec.jpg?resize=1536%2C929&amp;ssl=1 1536w, https:\/\/i0.wp.com\/itayachtscanada.com\/wp-content\/uploads\/2026\/01\/technical-spec.jpg?resize=2048%2C1238&amp;ssl=1 2048w, https:\/\/i0.wp.com\/itayachtscanada.com\/wp-content\/uploads\/2026\/01\/technical-spec.jpg?resize=2000%2C1209&amp;ssl=1 2000w, https:\/\/i0.wp.com\/itayachtscanada.com\/wp-content\/uploads\/2026\/01\/technical-spec.jpg?resize=700%2C423&amp;ssl=1 700w, https:\/\/i0.wp.com\/itayachtscanada.com\/wp-content\/uploads\/2026\/01\/technical-spec.jpg?resize=662%2C400&amp;ssl=1 662w, https:\/\/i0.wp.com\/itayachtscanada.com\/wp-content\/uploads\/2026\/01\/technical-spec.jpg?w=1400&amp;ssl=1 1400w, https:\/\/i0.wp.com\/itayachtscanada.com\/wp-content\/uploads\/2026\/01\/technical-spec.jpg?w=2100&amp;ssl=1 2100w\" sizes=\"auto, (max-width: 300px) 100vw, 300px\" data-attachment-id=\"298929\" data-permalink=\"https:\/\/itayachtscanada.com\/fr\/about-the-new-azimut-seadeck-9\/technical-spec\/\" data-orig-file=\"https:\/\/i0.wp.com\/itayachtscanada.com\/wp-content\/uploads\/2026\/01\/technical-spec.jpg?fit=2246%2C1358&amp;ssl=1\" data-orig-size=\"2246,1358\" data-comments-opened=\"1\" data-image-meta=\"{&quot;aperture&quot;:&quot;0&quot;,&quot;credit&quot;:&quot;&quot;,&quot;camera&quot;:&quot;&quot;,&quot;caption&quot;:&quot;&quot;,&quot;created_timestamp&quot;:&quot;0&quot;,&quot;copyright&quot;:&quot;&quot;,&quot;focal_length&quot;:&quot;0&quot;,&quot;iso&quot;:&quot;0&quot;,&quot;shutter_speed&quot;:&quot;0&quot;,&quot;title&quot;:&quot;&quot;,&quot;orientation&quot;:&quot;0&quot;}\" data-image-title=\"technical spec\" data-image-description=\"\" data-image-caption=\"\" data-large-file=\"https:\/\/i0.wp.com\/itayachtscanada.com\/wp-content\/uploads\/2026\/01\/technical-spec.jpg?fit=700%2C423&amp;ssl=1\" \/><\/a>\n\t\t\t<\/div><\/figure><figure class='gallery-item'>\n\t\t\t<div class='gallery-icon landscape'>\n\t\t\t\t<a href='https:\/\/itayachtscanada.com\/fr\/about-the-new-azimut-seadeck-9\/new-azimut-seadeck-9-profil\/'><img loading=\"lazy\" decoding=\"async\" width=\"300\" height=\"144\" src=\"https:\/\/i0.wp.com\/itayachtscanada.com\/wp-content\/uploads\/2026\/01\/New-Azimut-Seadeck-9-profil.jpg?fit=300%2C144&amp;ssl=1\" class=\"attachment-medium size-medium\" alt=\"\" srcset=\"https:\/\/i0.wp.com\/itayachtscanada.com\/wp-content\/uploads\/2026\/01\/New-Azimut-Seadeck-9-profil.jpg?w=1410&amp;ssl=1 1410w, https:\/\/i0.wp.com\/itayachtscanada.com\/wp-content\/uploads\/2026\/01\/New-Azimut-Seadeck-9-profil.jpg?resize=300%2C144&amp;ssl=1 300w, https:\/\/i0.wp.com\/itayachtscanada.com\/wp-content\/uploads\/2026\/01\/New-Azimut-Seadeck-9-profil.jpg?resize=1024%2C492&amp;ssl=1 1024w, https:\/\/i0.wp.com\/itayachtscanada.com\/wp-content\/uploads\/2026\/01\/New-Azimut-Seadeck-9-profil.jpg?resize=768%2C369&amp;ssl=1 768w, https:\/\/i0.wp.com\/itayachtscanada.com\/wp-content\/uploads\/2026\/01\/New-Azimut-Seadeck-9-profil.jpg?resize=700%2C337&amp;ssl=1 700w, https:\/\/i0.wp.com\/itayachtscanada.com\/wp-content\/uploads\/2026\/01\/New-Azimut-Seadeck-9-profil.jpg?resize=832%2C400&amp;ssl=1 832w\" sizes=\"auto, (max-width: 300px) 100vw, 300px\" data-attachment-id=\"298941\" data-permalink=\"https:\/\/itayachtscanada.com\/fr\/about-the-new-azimut-seadeck-9\/new-azimut-seadeck-9-profil\/\" data-orig-file=\"https:\/\/i0.wp.com\/itayachtscanada.com\/wp-content\/uploads\/2026\/01\/New-Azimut-Seadeck-9-profil.jpg?fit=1410%2C678&amp;ssl=1\" data-orig-size=\"1410,678\" data-comments-opened=\"1\" data-image-meta=\"{&quot;aperture&quot;:&quot;0&quot;,&quot;credit&quot;:&quot;&quot;,&quot;camera&quot;:&quot;&quot;,&quot;caption&quot;:&quot;&quot;,&quot;created_timestamp&quot;:&quot;0&quot;,&quot;copyright&quot;:&quot;&quot;,&quot;focal_length&quot;:&quot;0&quot;,&quot;iso&quot;:&quot;0&quot;,&quot;shutter_speed&quot;:&quot;0&quot;,&quot;title&quot;:&quot;&quot;,&quot;orientation&quot;:&quot;0&quot;}\" data-image-title=\"New Azimut Seadeck 9 profil\" data-image-description=\"\" data-image-caption=\"\" data-large-file=\"https:\/\/i0.wp.com\/itayachtscanada.com\/wp-content\/uploads\/2026\/01\/New-Azimut-Seadeck-9-profil.jpg?fit=700%2C336&amp;ssl=1\" \/><\/a>\n\t\t\t<\/div><\/figure><figure class='gallery-item'>\n\t\t\t<div class='gallery-icon landscape'>\n\t\t\t\t<a href='https:\/\/itayachtscanada.com\/fr\/about-the-new-azimut-seadeck-9\/layout-azimut-seadeck-9-alternate-main-deck\/'><img loading=\"lazy\" decoding=\"async\" width=\"300\" height=\"185\" src=\"https:\/\/i0.wp.com\/itayachtscanada.com\/wp-content\/uploads\/2026\/01\/Layout-Azimut-Seadeck-9-alternate-Main-deck.jpg?fit=300%2C185&amp;ssl=1\" class=\"attachment-medium size-medium\" alt=\"\" srcset=\"https:\/\/i0.wp.com\/itayachtscanada.com\/wp-content\/uploads\/2026\/01\/Layout-Azimut-Seadeck-9-alternate-Main-deck.jpg?w=1956&amp;ssl=1 1956w, https:\/\/i0.wp.com\/itayachtscanada.com\/wp-content\/uploads\/2026\/01\/Layout-Azimut-Seadeck-9-alternate-Main-deck.jpg?resize=300%2C185&amp;ssl=1 300w, https:\/\/i0.wp.com\/itayachtscanada.com\/wp-content\/uploads\/2026\/01\/Layout-Azimut-Seadeck-9-alternate-Main-deck.jpg?resize=1024%2C632&amp;ssl=1 1024w, https:\/\/i0.wp.com\/itayachtscanada.com\/wp-content\/uploads\/2026\/01\/Layout-Azimut-Seadeck-9-alternate-Main-deck.jpg?resize=768%2C474&amp;ssl=1 768w, https:\/\/i0.wp.com\/itayachtscanada.com\/wp-content\/uploads\/2026\/01\/Layout-Azimut-Seadeck-9-alternate-Main-deck.jpg?resize=1536%2C949&amp;ssl=1 1536w, https:\/\/i0.wp.com\/itayachtscanada.com\/wp-content\/uploads\/2026\/01\/Layout-Azimut-Seadeck-9-alternate-Main-deck.jpg?resize=700%2C432&amp;ssl=1 700w, https:\/\/i0.wp.com\/itayachtscanada.com\/wp-content\/uploads\/2026\/01\/Layout-Azimut-Seadeck-9-alternate-Main-deck.jpg?resize=648%2C400&amp;ssl=1 648w, https:\/\/i0.wp.com\/itayachtscanada.com\/wp-content\/uploads\/2026\/01\/Layout-Azimut-Seadeck-9-alternate-Main-deck.jpg?w=1400&amp;ssl=1 1400w\" sizes=\"auto, (max-width: 300px) 100vw, 300px\" data-attachment-id=\"298928\" data-permalink=\"https:\/\/itayachtscanada.com\/fr\/about-the-new-azimut-seadeck-9\/layout-azimut-seadeck-9-alternate-main-deck\/\" data-orig-file=\"https:\/\/i0.wp.com\/itayachtscanada.com\/wp-content\/uploads\/2026\/01\/Layout-Azimut-Seadeck-9-alternate-Main-deck.jpg?fit=1956%2C1208&amp;ssl=1\" data-orig-size=\"1956,1208\" data-comments-opened=\"1\" data-image-meta=\"{&quot;aperture&quot;:&quot;0&quot;,&quot;credit&quot;:&quot;&quot;,&quot;camera&quot;:&quot;&quot;,&quot;caption&quot;:&quot;&quot;,&quot;created_timestamp&quot;:&quot;0&quot;,&quot;copyright&quot;:&quot;&quot;,&quot;focal_length&quot;:&quot;0&quot;,&quot;iso&quot;:&quot;0&quot;,&quot;shutter_speed&quot;:&quot;0&quot;,&quot;title&quot;:&quot;&quot;,&quot;orientation&quot;:&quot;0&quot;}\" data-image-title=\"Layout Azimut Seadeck 9 alternate Main deck\" data-image-description=\"\" data-image-caption=\"\" data-large-file=\"https:\/\/i0.wp.com\/itayachtscanada.com\/wp-content\/uploads\/2026\/01\/Layout-Azimut-Seadeck-9-alternate-Main-deck.jpg?fit=700%2C432&amp;ssl=1\" \/><\/a>\n\t\t\t<\/div><\/figure><figure class='gallery-item'>\n\t\t\t<div class='gallery-icon landscape'>\n\t\t\t\t<a href='https:\/\/itayachtscanada.com\/fr\/about-the-new-azimut-seadeck-9\/seadeck-9-alternate-lower-deck\/'><img loading=\"lazy\" decoding=\"async\" width=\"300\" height=\"208\" src=\"https:\/\/i0.wp.com\/itayachtscanada.com\/wp-content\/uploads\/2026\/01\/Seadeck-9-alternate-lower-deck.jpg?fit=300%2C208&amp;ssl=1\" class=\"attachment-medium size-medium\" alt=\"\" srcset=\"https:\/\/i0.wp.com\/itayachtscanada.com\/wp-content\/uploads\/2026\/01\/Seadeck-9-alternate-lower-deck.jpg?w=2042&amp;ssl=1 2042w, https:\/\/i0.wp.com\/itayachtscanada.com\/wp-content\/uploads\/2026\/01\/Seadeck-9-alternate-lower-deck.jpg?resize=300%2C208&amp;ssl=1 300w, https:\/\/i0.wp.com\/itayachtscanada.com\/wp-content\/uploads\/2026\/01\/Seadeck-9-alternate-lower-deck.jpg?resize=1024%2C711&amp;ssl=1 1024w, https:\/\/i0.wp.com\/itayachtscanada.com\/wp-content\/uploads\/2026\/01\/Seadeck-9-alternate-lower-deck.jpg?resize=768%2C533&amp;ssl=1 768w, https:\/\/i0.wp.com\/itayachtscanada.com\/wp-content\/uploads\/2026\/01\/Seadeck-9-alternate-lower-deck.jpg?resize=1536%2C1067&amp;ssl=1 1536w, https:\/\/i0.wp.com\/itayachtscanada.com\/wp-content\/uploads\/2026\/01\/Seadeck-9-alternate-lower-deck.jpg?resize=700%2C486&amp;ssl=1 700w, https:\/\/i0.wp.com\/itayachtscanada.com\/wp-content\/uploads\/2026\/01\/Seadeck-9-alternate-lower-deck.jpg?resize=2000%2C1389&amp;ssl=1 2000w, https:\/\/i0.wp.com\/itayachtscanada.com\/wp-content\/uploads\/2026\/01\/Seadeck-9-alternate-lower-deck.jpg?resize=576%2C400&amp;ssl=1 576w, https:\/\/i0.wp.com\/itayachtscanada.com\/wp-content\/uploads\/2026\/01\/Seadeck-9-alternate-lower-deck.jpg?w=1400&amp;ssl=1 1400w\" sizes=\"auto, (max-width: 300px) 100vw, 300px\" data-attachment-id=\"298927\" data-permalink=\"https:\/\/itayachtscanada.com\/fr\/about-the-new-azimut-seadeck-9\/seadeck-9-alternate-lower-deck\/\" data-orig-file=\"https:\/\/i0.wp.com\/itayachtscanada.com\/wp-content\/uploads\/2026\/01\/Seadeck-9-alternate-lower-deck.jpg?fit=2042%2C1418&amp;ssl=1\" data-orig-size=\"2042,1418\" data-comments-opened=\"1\" data-image-meta=\"{&quot;aperture&quot;:&quot;0&quot;,&quot;credit&quot;:&quot;&quot;,&quot;camera&quot;:&quot;&quot;,&quot;caption&quot;:&quot;&quot;,&quot;created_timestamp&quot;:&quot;0&quot;,&quot;copyright&quot;:&quot;&quot;,&quot;focal_length&quot;:&quot;0&quot;,&quot;iso&quot;:&quot;0&quot;,&quot;shutter_speed&quot;:&quot;0&quot;,&quot;title&quot;:&quot;&quot;,&quot;orientation&quot;:&quot;0&quot;}\" data-image-title=\"Seadeck 9 alternate lower deck\" data-image-description=\"\" data-image-caption=\"\" data-large-file=\"https:\/\/i0.wp.com\/itayachtscanada.com\/wp-content\/uploads\/2026\/01\/Seadeck-9-alternate-lower-deck.jpg?fit=700%2C486&amp;ssl=1\" \/><\/a>\n\t\t\t<\/div><\/figure>\n\t\t<\/div>\n\n<div class=\"jetpack-video-wrapper\"><span class=\"embed-youtube\" style=\"text-align:center; display: block;\"><iframe loading=\"lazy\" class=\"youtube-player\" width=\"700\" height=\"394\" src=\"https:\/\/www.youtube.com\/embed\/RqmIjlvyrFY?version=3&#038;rel=1&#038;showsearch=0&#038;showinfo=1&#038;iv_load_policy=1&#038;fs=1&#038;hl=fr-FR&#038;autohide=2&#038;wmode=transparent\" allowfullscreen=\"true\" style=\"border:0;\" sandbox=\"allow-scripts allow-same-origin allow-popups allow-presentation allow-popups-to-escape-sandbox\"><\/iframe><\/span><\/div>\n<p>&nbsp;<\/p>\n<p>&nbsp;<\/p>\n<div data-test='contact-form'\n\t\t\tid='contact-form-298924'\n\t\t\tclass='jetpack-contact-form-container '\n\t\t\tdata-wp-interactive='jetpack\/form' data-wp-context='{\"formId\":\"298924\",\"formHash\":\"ab11a3cddca7cc09a74915dac0a82a7056165445\",\"showErrors\":false,\"errors\":[],\"fields\":[],\"isMultiStep\":false,\"useAjax\":false,\"submissionData\":null,\"formattedSubmissionData\":[],\"submissionSuccess\":false,\"submissionError\":null,\"elementId\":\"jp-form-ab11a3cddca7cc09a74915dac0a82a7056165445\",\"isSingleInputForm\":false,\"isForcedHorizontal\":false}'\n\t\t\tdata-wp-watch--scroll-to-wrapper=\"callbacks.scrollToWrapper\"\n\t\t>\n<div class=\"contact-form-submission contact-form-ajax-submission\" data-wp-bind--aria-hidden=\"state.isSuccessMessageAriaHidden\" data-wp-class--submission-success=\"context.submissionSuccess\" id=\"contact-form-success-ab11a3cddca7cc09a74915dac0a82a7056165445\" tabindex=\"-1\" aria-labelledby=\"contact-form-success-header-ab11a3cddca7cc09a74915dac0a82a7056165445\"><p class=\"go-back-message\"><a class=\"link\" role=\"button\" tabindex=\"0\" data-wp-on--click=\"actions.goBack\" href=\"\/fr\/wp-json\/wp\/v2\/posts\/298924\">\u2190 Retour<\/a><\/p><h4 data-wp-bind--aria-hidden=\"state.isSuccessMessageAriaHidden\" id=\"contact-form-success-header-ab11a3cddca7cc09a74915dac0a82a7056165445\">Merci pour votre r\u00e9ponse. \u2728<\/h4>\n\n<template data-wp-each--submission=\"context.formattedSubmissionData\">\n\t\t\t\t\t<div class=\"jetpack_forms_contact-form-success-summary\">\n\t\t\t\t\t\t<div class=\"field-name-wrapper\">\n\t\t\t\t\t\t\t<div class=\"field-type-icon\" data-wp-watch=\"callbacks.watchFieldTypeIcon\"><\/div>\n\t\t\t\t\t\t\t<div class=\"field-name\" data-wp-text=\"context.submission.label\" data-wp-bind--hidden=\"!context.submission.label\"><\/div>\n\t\t\t\t\t\t<\/div>\n\t\t\t\t\t\t<div class=\"field-value\" data-wp-text=\"context.submission.value\" data-wp-bind--hidden=\"!context.submission.showPlainValue\"><\/div>\n\t\t\t\t\t\t<a class=\"field-url\" data-wp-bind--href=\"context.submission.url\" data-wp-text=\"context.submission.value\" data-wp-bind--hidden=\"!context.submission.url\" target=\"_blank\" rel=\"noopener noreferrer\"><\/a>\n\t\t\t\t\t\t<div class=\"field-rating\" data-wp-bind--hidden=\"!context.submission.rating\" data-wp-watch=\"callbacks.watchRatingIcons\"><\/div>\n\t\t\t\t\t\t<div class=\"field-images\" data-wp-bind--hidden=\"!context.submission.images\">\n\t\t\t\t\t\t\t<template data-wp-each--image=\"context.submission.images\">\n\t\t\t\t\t\t\t\t<div class=\"field-image-option\" data-wp-class--is-empty=\"!context.image.src\">\n\t\t\t\t\t\t\t\t\t<figure class=\"field-image-option__image\" data-wp-class--is-empty=\"!context.image.src\">\n\t\t\t\t\t\t\t\t\t\t<img data-wp-bind--src=\"context.image.src\" data-wp-bind--hidden=\"!context.image.src\" \/>\n\t\t\t\t\t\t\t\t\t\t<img decoding=\"async\" src=\"data:image\/gif;base64,R0lGODlhAQABAAD\/ACwAAAAAAQABAAACADs=\" data-wp-bind--hidden=\"context.image.src\" \/>\n\t\t\t\t\t\t\t\t\t<\/figure>\n\t\t\t\t\t\t\t\t\t<div class=\"field-image-option__label-wrapper\">\n\t\t\t\t\t\t\t\t\t\t<span class=\"field-image-option__label-code\" data-wp-text=\"context.image.letterCode\"><\/span>\n\t\t\t\t\t\t\t\t\t\t<span class=\"field-image-option__label\" data-wp-text=\"context.image.label\" data-wp-bind--hidden=\"!context.image.label\"><\/span>\n\t\t\t\t\t\t\t\t\t<\/div>\n\t\t\t\t\t\t\t\t<\/div>\n\t\t\t\t\t\t\t<\/template>\n\t\t\t\t\t\t<\/div>\n\t\t\t\t\t\t<div class=\"field-files\" data-wp-bind--hidden=\"!context.submission.files\">\n\t\t\t\t\t\t\t<template data-wp-each--file=\"context.submission.files\">\n\t\t\t\t\t\t\t\t<div class=\"field-file\">\n\t\t\t\t\t\t\t\t\t<div class=\"field-file__thumbnail\" data-wp-style--background-image=\"context.file.previewUrl\" data-wp-style--mask-image=\"context.file.iconUrl\" data-wp-bind--hidden=\"!context.file.hasPreview\"><\/div>\n\t\t\t\t\t\t\t\t\t<svg class=\"field-file__icon\" data-wp-bind--hidden=\"context.file.hasPreview\" width=\"20\" height=\"20\" viewBox=\"0 0 24 24\" fill=\"none\" xmlns=\"http:\/\/www.w3.org\/2000\/svg\" aria-hidden=\"true\">\n\t\t\t\t\t\t\t\t\t\t<path d=\"M14 2H6C4.9 2 4 2.9 4 4V20C4 21.1 4.89 22 5.99 22H18C19.1 22 20 21.1 20 20V8L14 2ZM18 20H6V4H13V9H18V20Z\" fill=\"currentColor\"\/>\n\t\t\t\t\t\t\t\t\t<\/svg>\n\t\t\t\t\t\t\t\t\t<span class=\"field-file__name\" data-wp-text=\"context.file.name\"><\/span>\n\t\t\t\t\t\t\t\t\t<span class=\"field-file__size\" data-wp-text=\"context.file.size\"><\/span>\n\t\t\t\t\t\t\t\t<\/div>\n\t\t\t\t\t\t\t<\/template>\n\t\t\t\t\t\t<\/div>\n\t\t\t\t\t<\/div>\n\t\t\t\t<\/template><\/div><form action='https:\/\/itayachtscanada.com\/fr\/about-the-new-azimut-seadeck-9\/'\n\t\t\t\tid='jp-form-ab11a3cddca7cc09a74915dac0a82a7056165445'\n\t\t\t\tmethod='post'\n\t\t\t\tclass='contact-form commentsblock jetpack-contact-form__form has-no-jetpack-form-layout' aria-label=\"{:en}About the new Azimut Seadeck 9\u00a0{:}{:fr}Azimut Seadeck 9 nouveau mod\u00e8le{:}\"\n\t\t\t\tdata-wp-on--submit=\"actions.onFormSubmit\"\n\t\t\t\tdata-wp-on--reset=\"actions.onFormReset\"\n\t\t\t\tdata-wp-class--submission-success=\"context.submissionSuccess\"\n\t\t\t\tdata-wp-class--is-first-step=\"state.isFirstStep\"\n\t\t\t\tdata-wp-class--is-last-step=\"state.isLastStep\"\n\t\t\t\tdata-wp-class--is-ajax-form=\"context.useAjax\"\n\t\t\t\tnovalidate >\n<input type='hidden' name='jetpack_contact_form_jwt' value='eyJ0eXAiOiJKV1QiLCJhbGciOiJIUzI1NiJ9.eyJlbmNyeXB0ZWRfYXR0cmlidXRlcyI6InpLNzAvN1NlL2s1b282dlBjSVhaQ2NNcEE0akdoNVg4aWVVTkZyTmYraHdLOWJpOG9iZFJhNGlFVkhZWXFQQW1Md2lNekhRNG5yQkFmVmZyeFN4c05XZHUrWVhaVWMrTkIxQ3ZVMURlV3o4Y1RXbU5Nb0swQ001MEZwS00vb0hKa1F0RVRJWTdUaXMrQVhZVTEvUzlYcjlaU3hLTW56dFkwZ3RSY1RKSHRxVjArQkNkS2ZxZm43bFJrV2FYRThuMXNaSE43OFptZ2VERGVNdjl3aWdNWGxHcnB1dEJTYVQ0RkI2UXI5UkNYRGd6VkdwcTNwZXJXSEhBZmNoTU84VkQ4cFhtblNjcFNJMkdNa1JmU1Y2NUVsaThBaS9nbjc0ZkcwTDMzcUpydk1rZVFjUUkrRUpyNytSdUtZNSt0R2FYUVR0YzFqZHJ6RGVGK281clNLcVVNQTlCK09RTitKMGZOMjBsU1UzWVkzVlgyOU01M2RheFJMaHR6S3U4OUowUHhMVGpRb013YlNNM0pkMVJJdURuVjVQdXJ1OVRzRkk4RU5rdDFlb1RmOTlXbEd2Sk9oRnJPKzlwWGJqODlDSEJVZGxkTUt5WVZUaUJ3YUc2SnlsSzA1Q2pURUhrK3NWS29Kalg5Y2Fod2FQdjhnTXFmT29mbTI2ZjhXbVZjSGxiUkZLUGZiMGt6RUNZWmdkNzlRU1RsZlYrSlZDV3E2ektyK3J5ZzNnMlpZMHYxZTMvUm51N2E2Q1B5aXl1Q1dQMkZqUnBBUmtHYlVpK2FTOGNzQ21NdlV6cWZrUVVDTWFEQk1wRjRhR3prVGQyb2trVnFiaTdvVlo5VVNnSW9pL2w4djlNTURGRGRvVktBeXBoR2twUm1yM3FSNThhaFhkOXVZUDNnV3puTm9Za05nNXdRY1dpNFhlUGtIZW1EVzNmMGlqSmFacXh5QUJkdW9BWUdaTi8yT0NsUVZOT1FWbUpPVUNpM3Zva2VCVnRybERYNFJCaEZpRGpBR3hiSk5RWEwzZXJ2S20rdVJIT1NWZFpUWmpFbnQyd1NvSncycVQyNGkrS01HTFVXNVF0NzZaOURkRVdCMlpKZG9HSjl6ZkxFdE44Qjd0aGVBM2VmY2dLWjJRTW5aMVhrRXZiUVJZM1JsUXpVSjUxa2lWdTRwRnpNNFY0d0hHTm5YY2ZTUVVMdjVnWjUvV1RQVkN5bmtZd2pRPT0iLCJjb250ZW50IjoiW2NvbnRhY3QtZmllbGQgbGFiZWw9XCJOb206XCIgdHlwZT1cIm5hbWVcIiByZXF1aXJlZD1cIjFcIl1bY29udGFjdC1maWVsZCBsYWJlbD1cIkUtbWFpbFwiIHR5cGU9XCJlbWFpbFwiIHJlcXVpcmVkPVwiMVwiXVtjb250YWN0LWZpZWxkIGxhYmVsPVwiQXUgc3VqZXQgZHUgbm91dmVhdSBTZWFkZWNrIDk6XCIgdHlwZT1cInRleHRcIl1bY29udGFjdC1maWVsZCBsYWJlbD1cIk1lc3NhZ2VcIiB0eXBlPVwidGV4dGFyZWFcIl0iLCJoYXNoIjoiYWIxMWEzY2RkY2E3Y2MwOWE3NDkxNWRhYzBhODJhNzA1NjE2NTQ0NSIsInNvdXJjZSI6eyJlbnRyeV90aXRsZSI6IkF6aW11dCBTZWFkZWNrIDkgbm91dmVhdSBtb2RcdTAwZThsZSIsImVudHJ5X3BhZ2UiOjEsInNvdXJjZV9pZCI6Mjk4OTI0LCJzb3VyY2VfdHlwZSI6InNpbmdsZSIsInJlcXVlc3RfdXJsIjoiaHR0cHM6Ly9pdGF5YWNodHNjYW5hZGEuY29tL2ZyL3dwLWpzb24vd3AvdjIvcG9zdHMvMjk4OTI0In0sInZlcnNpb24iOjIsImNpcGhlciI6ImFlcy0yNTYtZ2NtIn0.orTgAkpNyxN8GVM1DxyYun0WXBBdyrlFaJ2CyKXL_Zk' \/>\n\n<div style=\"\"  data-wp-interactive=\"jetpack\/form\" data-wp-context='{\"fieldId\":\"g298924-nom\",\"fieldType\":\"name\",\"fieldLabel\":\"Nom:\",\"fieldValue\":\"\",\"fieldPlaceholder\":\"\",\"fieldIsRequired\":\"1\",\"fieldErrorMessage\":\"\",\"fieldExtra\":[],\"formHash\":\"ab11a3cddca7cc09a74915dac0a82a7056165445\"}'  class='grunion-field-name-wrap grunion-field-wrap'  data-wp-init='callbacks.initializeField' data-wp-on--jetpack-form-reset='callbacks.initializeField' >\n<label\n\t\t\t\tfor='g298924-nom' class=\"grunion-field-label name\" >Nom:<span class=\"grunion-label-required\" aria-hidden=\"true\">(obligatoire)<\/span><\/label>\n<input\n\t\t\t\t\ttype='text'\n\t\t\t\t\tname='g298924-nom'\n\t\t\t\t\tid='g298924-nom'\n\t\t\t\t\tvalue=''\n\n\t\t\t\t\tdata-wp-bind--aria-invalid='state.fieldAriaInvalid'\n\t\t\t\t\tdata-wp-bind--value='state.getFieldValue'\n\t\t\t\t\taria-describedby='g298924-nom-text-error-message'\n\t\t\t\t\tdata-wp-on--input='actions.onFieldChange'\n\t\t\t\t\tdata-wp-on--blur='actions.onFieldBlur'\n\t\t\t\t\tdata-wp-class--has-value='state.hasFieldValue'\n\n\t\t\t\t\tclass='name  grunion-field' \n\t\t\t\t\trequired='true' aria-required='true'  \/>\n \n\t\t\t<div id=\"g298924-nom-text-error\" class=\"contact-form__input-error\" data-wp-class--has-errors=\"state.fieldHasErrors\">\n\t\t\t\t<span class=\"contact-form__warning-icon\" aria-hidden=\"true\">\n\t\t\t\t\t<svg width=\"16\" height=\"16\" viewBox=\"0 0 16 16\" fill=\"none\" xmlns=\"http:\/\/www.w3.org\/2000\/svg\">\n\t\t\t\t\t\t<path d=\"M8.50015 11.6402H7.50015V10.6402H8.50015V11.6402Z\" \/>\n\t\t\t\t\t\t<path d=\"M7.50015 9.64018H8.50015V6.30684H7.50015V9.64018Z\" \/>\n\t\t\t\t\t\t<path fill-rule=\"evenodd\" clip-rule=\"evenodd\" d=\"M6.98331 3.0947C7.42933 2.30177 8.57096 2.30177 9.01698 3.09469L13.8771 11.7349C14.3145 12.5126 13.7525 13.4735 12.8602 13.4735H3.14004C2.24774 13.4735 1.68575 12.5126 2.12321 11.7349L6.98331 3.0947ZM8.14541 3.58496C8.08169 3.47168 7.9186 3.47168 7.85488 3.58496L2.99478 12.2251C2.93229 12.3362 3.01257 12.4735 3.14004 12.4735H12.8602C12.9877 12.4735 13.068 12.3362 13.0055 12.2251L8.14541 3.58496Z\" \/>\n\t\t\t\t\t<\/svg>\n\t\t\t\t<\/span>\n\t\t\t\t<span data-wp-text=\"state.errorMessage\" id=\"g298924-nom-text-error-message\"><\/span>\n\t\t\t<\/div> \n\t<\/div>\n\n<div style=\"\"  data-wp-interactive=\"jetpack\/form\" data-wp-context='{\"fieldId\":\"g298924-email\",\"fieldType\":\"email\",\"fieldLabel\":\"E-mail\",\"fieldValue\":\"\",\"fieldPlaceholder\":\"\",\"fieldIsRequired\":\"1\",\"fieldErrorMessage\":\"\",\"fieldExtra\":[],\"formHash\":\"ab11a3cddca7cc09a74915dac0a82a7056165445\"}'  class='grunion-field-email-wrap grunion-field-wrap'  data-wp-init='callbacks.initializeField' data-wp-on--jetpack-form-reset='callbacks.initializeField' >\n<label\n\t\t\t\tfor='g298924-email' class=\"grunion-field-label email\" >E-mail<span class=\"grunion-label-required\" aria-hidden=\"true\">(obligatoire)<\/span><\/label>\n<input\n\t\t\t\t\ttype='email'\n\t\t\t\t\tname='g298924-email'\n\t\t\t\t\tid='g298924-email'\n\t\t\t\t\tvalue=''\n\n\t\t\t\t\tdata-wp-bind--aria-invalid='state.fieldAriaInvalid'\n\t\t\t\t\tdata-wp-bind--value='state.getFieldValue'\n\t\t\t\t\taria-describedby='g298924-email-email-error-message'\n\t\t\t\t\tdata-wp-on--input='actions.onFieldChange'\n\t\t\t\t\tdata-wp-on--blur='actions.onFieldBlur'\n\t\t\t\t\tdata-wp-class--has-value='state.hasFieldValue'\n\n\t\t\t\t\tclass='email  grunion-field' \n\t\t\t\t\trequired='true' aria-required='true'  \/>\n \n\t\t\t<div id=\"g298924-email-email-error\" class=\"contact-form__input-error\" data-wp-class--has-errors=\"state.fieldHasErrors\">\n\t\t\t\t<span class=\"contact-form__warning-icon\" aria-hidden=\"true\">\n\t\t\t\t\t<svg width=\"16\" height=\"16\" viewBox=\"0 0 16 16\" fill=\"none\" xmlns=\"http:\/\/www.w3.org\/2000\/svg\">\n\t\t\t\t\t\t<path d=\"M8.50015 11.6402H7.50015V10.6402H8.50015V11.6402Z\" \/>\n\t\t\t\t\t\t<path d=\"M7.50015 9.64018H8.50015V6.30684H7.50015V9.64018Z\" \/>\n\t\t\t\t\t\t<path fill-rule=\"evenodd\" clip-rule=\"evenodd\" d=\"M6.98331 3.0947C7.42933 2.30177 8.57096 2.30177 9.01698 3.09469L13.8771 11.7349C14.3145 12.5126 13.7525 13.4735 12.8602 13.4735H3.14004C2.24774 13.4735 1.68575 12.5126 2.12321 11.7349L6.98331 3.0947ZM8.14541 3.58496C8.08169 3.47168 7.9186 3.47168 7.85488 3.58496L2.99478 12.2251C2.93229 12.3362 3.01257 12.4735 3.14004 12.4735H12.8602C12.9877 12.4735 13.068 12.3362 13.0055 12.2251L8.14541 3.58496Z\" \/>\n\t\t\t\t\t<\/svg>\n\t\t\t\t<\/span>\n\t\t\t\t<span data-wp-text=\"state.errorMessage\" id=\"g298924-email-email-error-message\"><\/span>\n\t\t\t<\/div> \n\t<\/div>\n\n<div style=\"\"  data-wp-interactive=\"jetpack\/form\" data-wp-context='{\"fieldId\":\"g298924-ausujetdunouveauseadeck9\",\"fieldType\":\"text\",\"fieldLabel\":\"Au sujet du nouveau Seadeck 9:\",\"fieldValue\":\"\",\"fieldPlaceholder\":\"\",\"fieldIsRequired\":\"\",\"fieldErrorMessage\":\"\",\"fieldExtra\":[],\"formHash\":\"ab11a3cddca7cc09a74915dac0a82a7056165445\"}'  class='grunion-field-text-wrap grunion-field-wrap'  data-wp-init='callbacks.initializeField' data-wp-on--jetpack-form-reset='callbacks.initializeField' >\n<label\n\t\t\t\tfor='g298924-ausujetdunouveauseadeck9' class=\"grunion-field-label text\" >Au sujet du nouveau Seadeck 9:<\/label>\n<input\n\t\t\t\t\ttype='text'\n\t\t\t\t\tname='g298924-ausujetdunouveauseadeck9'\n\t\t\t\t\tid='g298924-ausujetdunouveauseadeck9'\n\t\t\t\t\tvalue=''\n\n\t\t\t\t\tdata-wp-bind--aria-invalid='state.fieldAriaInvalid'\n\t\t\t\t\tdata-wp-bind--value='state.getFieldValue'\n\t\t\t\t\taria-describedby='g298924-ausujetdunouveauseadeck9-text-error-message'\n\t\t\t\t\tdata-wp-on--input='actions.onFieldChange'\n\t\t\t\t\tdata-wp-on--blur='actions.onFieldBlur'\n\t\t\t\t\tdata-wp-class--has-value='state.hasFieldValue'\n\n\t\t\t\t\tclass='text  grunion-field' \n\t\t\t\t\t \/>\n \n\t\t\t<div id=\"g298924-ausujetdunouveauseadeck9-text-error\" class=\"contact-form__input-error\" data-wp-class--has-errors=\"state.fieldHasErrors\">\n\t\t\t\t<span class=\"contact-form__warning-icon\" aria-hidden=\"true\">\n\t\t\t\t\t<svg width=\"16\" height=\"16\" viewBox=\"0 0 16 16\" fill=\"none\" xmlns=\"http:\/\/www.w3.org\/2000\/svg\">\n\t\t\t\t\t\t<path d=\"M8.50015 11.6402H7.50015V10.6402H8.50015V11.6402Z\" \/>\n\t\t\t\t\t\t<path d=\"M7.50015 9.64018H8.50015V6.30684H7.50015V9.64018Z\" \/>\n\t\t\t\t\t\t<path fill-rule=\"evenodd\" clip-rule=\"evenodd\" d=\"M6.98331 3.0947C7.42933 2.30177 8.57096 2.30177 9.01698 3.09469L13.8771 11.7349C14.3145 12.5126 13.7525 13.4735 12.8602 13.4735H3.14004C2.24774 13.4735 1.68575 12.5126 2.12321 11.7349L6.98331 3.0947ZM8.14541 3.58496C8.08169 3.47168 7.9186 3.47168 7.85488 3.58496L2.99478 12.2251C2.93229 12.3362 3.01257 12.4735 3.14004 12.4735H12.8602C12.9877 12.4735 13.068 12.3362 13.0055 12.2251L8.14541 3.58496Z\" \/>\n\t\t\t\t\t<\/svg>\n\t\t\t\t<\/span>\n\t\t\t\t<span data-wp-text=\"state.errorMessage\" id=\"g298924-ausujetdunouveauseadeck9-text-error-message\"><\/span>\n\t\t\t<\/div> \n\t<\/div>\n\n<div style=\"\"  data-wp-interactive=\"jetpack\/form\" data-wp-context='{\"fieldId\":\"g298924-message\",\"fieldType\":\"textarea\",\"fieldLabel\":\"Message\",\"fieldValue\":\"\",\"fieldPlaceholder\":\"\",\"fieldIsRequired\":\"\",\"fieldErrorMessage\":\"\",\"fieldExtra\":[],\"formHash\":\"ab11a3cddca7cc09a74915dac0a82a7056165445\"}'  class='grunion-field-textarea-wrap grunion-field-wrap'  data-wp-init='callbacks.initializeField' data-wp-on--jetpack-form-reset='callbacks.initializeField' >\n<label\n\t\t\t\tfor='contact-form-comment-g298924-message' class=\"grunion-field-label textarea\" >Message<\/label>\n<textarea\n\t\t                style=''\n\t\t                name='g298924-message'\n\t\t                id='contact-form-comment-g298924-message'\n\t\t                rows='20'\n\t\t\t\t\t\tdata-wp-text='state.getFieldValue'\n\t\t\t\t\t\tdata-wp-on--input='actions.onFieldChange'\n\t\t\t\t\t\tdata-wp-on--blur='actions.onFieldBlur'\n\t\t\t\t\t\tdata-wp-class--has-value='state.hasFieldValue'\n\t\t\t\t\t\taria-describedby='g298924-message-textarea-error-message'\n\t\t\t\t\t\tdata-wp-bind--aria-invalid='state.fieldAriaInvalid'\n\t\t\t\t\t\tclass='textarea  grunion-field'  ><\/textarea>\n \n\t\t\t<div id=\"g298924-message-textarea-error\" class=\"contact-form__input-error\" data-wp-class--has-errors=\"state.fieldHasErrors\">\n\t\t\t\t<span class=\"contact-form__warning-icon\" aria-hidden=\"true\">\n\t\t\t\t\t<svg width=\"16\" height=\"16\" viewBox=\"0 0 16 16\" fill=\"none\" xmlns=\"http:\/\/www.w3.org\/2000\/svg\">\n\t\t\t\t\t\t<path d=\"M8.50015 11.6402H7.50015V10.6402H8.50015V11.6402Z\" \/>\n\t\t\t\t\t\t<path d=\"M7.50015 9.64018H8.50015V6.30684H7.50015V9.64018Z\" \/>\n\t\t\t\t\t\t<path fill-rule=\"evenodd\" clip-rule=\"evenodd\" d=\"M6.98331 3.0947C7.42933 2.30177 8.57096 2.30177 9.01698 3.09469L13.8771 11.7349C14.3145 12.5126 13.7525 13.4735 12.8602 13.4735H3.14004C2.24774 13.4735 1.68575 12.5126 2.12321 11.7349L6.98331 3.0947ZM8.14541 3.58496C8.08169 3.47168 7.9186 3.47168 7.85488 3.58496L2.99478 12.2251C2.93229 12.3362 3.01257 12.4735 3.14004 12.4735H12.8602C12.9877 12.4735 13.068 12.3362 13.0055 12.2251L8.14541 3.58496Z\" \/>\n\t\t\t\t\t<\/svg>\n\t\t\t\t<\/span>\n\t\t\t\t<span data-wp-text=\"state.errorMessage\" id=\"g298924-message-textarea-error-message\"><\/span>\n\t\t\t<\/div>\n\t<\/div>\n\t<p class='contact-submit'>\n<div class=\"contact-form__error\" data-wp-class--show-errors=\"state.showFormErrors\"><span class=\"contact-form__warning-icon\" aria-hidden=\"true\"><i><\/i><\/span><span class=\"contact-form__error-message\" tabindex=\"-1\" data-wp-watch=\"callbacks.focusOnValidationError\" data-wp-text=\"state.getFormErrorMessage\"><\/span><ul aria-label=\"Erreurs de formulaire\">\n\t\t\t\t<template data-wp-each=\"state.getErrorList\" data-wp-key=\"context.item.id\">\n\t\t\t\t\t<li><a data-wp-bind--href=\"context.item.anchor\" data-wp-on--click=\"actions.scrollIntoView\" data-wp-text=\"context.item.label\"><\/a><\/li>\n\t\t\t\t<\/template>\n\t\t\t\t<\/ul><\/div><div class=\"contact-form__error\" data-wp-class--show-errors=\"state.showSubmissionError\" data-wp-text=\"context.submissionError\" tabindex=\"-1\" data-wp-watch=\"callbacks.focusOnSubmissionError\"><\/div>\t\t<button type='submit' class='pushbutton-wide'>Envoyer<\/button>\t\t<input type='hidden' name='contact-form-id' value='298924' \/>\n\t\t<input type='hidden' name='action' value='grunion-contact-form' \/>\n\t\t<input type='hidden' name='contact-form-hash' value='ab11a3cddca7cc09a74915dac0a82a7056165445' \/>\n\t<\/p>\n<p style=\"display: none !important;\" class=\"akismet-fields-container\" data-prefix=\"ak_\"><label>&#916;<textarea name=\"ak_hp_textarea\" cols=\"45\" rows=\"8\" maxlength=\"100\"><\/textarea><\/label><input type=\"hidden\" id=\"ak_js_1\" name=\"ak_js\" value=\"49\"\/><script type=\"text\/javascript\">\n\/* <![CDATA[ *\/\ndocument.getElementById( \"ak_js_1\" ).setAttribute( \"value\", ( new Date() ).getTime() );\n\/* ]]> *\/\n<\/script>\n<\/p><\/form>\n<\/div>\n<p><strong>\u00a0<\/strong><\/p>\n<p><strong>\u00a0<\/strong><\/p>\n<p><strong>AVIS DE NON-RESPONSABILIT\u00c9<\/strong><\/p>\n<p><strong>L\u2019article qui est pr\u00e9sent\u00e9 sur cette page l\u2019est uniquement \u00e0 titre d\u2019information. Ces informations sont diffus\u00e9es \u00e0 titre d\u2019\u00e9ditorial (donc une opinion).\u00a0 Les informations pr\u00e9sent\u00e9es dans cet article le sont en toute bonne foi et, bien qu\u2019elles soient consid\u00e9r\u00e9es comme correctes, elles ne sont pas garanties. Ita Yachts Canada ne garantit pas et n\u2019assume aucune responsabilit\u00e9 l\u00e9gale ou responsabilit\u00e9 pour l\u2019exactitude, l\u2019exhaustivit\u00e9 ou l\u2019utilit\u00e9 des informations et\/ou des images affich\u00e9es, car elles ne sugg\u00e8rent rien en rapport \u00e0 cet article, en effet aucune association ne peut \u00eatre faite en regard des images et de l\u2019article. Toutes les informations de cet article peuvent \u00eatre modifi\u00e9es sans pr\u00e9avis et sont sans garantie. Le lecteur doit faire ses propres v\u00e9rifications en rapport aux descriptions et \u00e9nonc\u00e9s pr\u00e9sents dans cet article. Les courtiers de chez Ita Yachts Canada n\u2019assument aucune responsabilit\u00e9 en regard des conclusions que le lecteur peut faire. L\u2019objectif de cet article est de promouvoir le nautisme sous toutes ses formes. Il donne un point de vue parmi beaucoup d\u2019autres. Toute reproduction de cet article est \u00a0interdit.<\/strong><\/p>\n<p>&nbsp;<\/p>\n<p>&nbsp;<\/p>\n","protected":false},"excerpt":{"rendered":"<p>Au sujet du nouvel Azimut Seadeck 9 &nbsp; C\u2019est fait, le chantier italien Azimut-Benetti vient de faire l\u2019inauguration de son premier Azimut Seadeck 9 en Italie. Pour l\u2019instant, nous allons vous proposer ce qu\u2019en dit le manufacturier. Il est fort probable que des \u00e9valuations vont suivre au cours des prochains mois. &nbsp; Il est propuls\u00e9 &hellip; <a href=\"https:\/\/itayachtscanada.com\/fr\/about-the-new-azimut-seadeck-9\/\" class=\"more-link\">Lire la suite <span class=\"screen-reader-text\">Azimut Seadeck 9 nouveau mod\u00e8le<\/span> <span class=\"meta-nav\">&rarr;<\/span><\/a><\/p>\n","protected":false},"author":119081455,"featured_media":298945,"comment_status":"open","ping_status":"open","sticky":false,"template":"","format":"standard","meta":{"_coblocks_attr":"","_coblocks_dimensions":"","_coblocks_responsive_height":"","_coblocks_accordion_ie_support":"","_lmt_disableupdate":"no","_lmt_disable":"","advanced_seo_description":"","jetpack_seo_html_title":"","jetpack_seo_noindex":false,"_jetpack_newsletter_access":"","_jetpack_dont_email_post_to_subs":false,"_jetpack_newsletter_tier_id":0,"_jetpack_memberships_contains_paywalled_content":false,"_jetpack_memberships_contains_paid_content":false,"footnotes":"","jetpack_publicize_message":"","jetpack_publicize_feature_enabled":true,"jetpack_social_post_already_shared":true,"jetpack_social_options":{"image_generator_settings":{"template":"highway","default_image_id":0,"font":"","enabled":false},"version":2},"_wpas_customize_per_network":false,"jetpack_post_was_ever_published":false},"categories":[6325],"tags":[],"class_list":["post-298924","post","type-post","status-publish","format-standard","has-post-thumbnail","hentry","category-non-classe"],"translation":{"provider":"WPGlobus","version":"2.12.2","language":"fr","enabled_languages":["en","fr"],"languages":{"en":{"title":true,"content":true,"excerpt":false},"fr":{"title":true,"content":true,"excerpt":false}}},"modified_by":"Guy Bolduc","jetpack_publicize_connections":[],"jetpack_featured_media_url":"https:\/\/i0.wp.com\/itayachtscanada.com\/wp-content\/uploads\/2026\/01\/Capture-decran-le-2026-01-31-a-11.20.46.jpg?fit=1988%2C1172&ssl=1","jetpack_likes_enabled":true,"jetpack_sharing_enabled":true,"jetpack_shortlink":"https:\/\/wp.me\/pdr7OT-1fLm","_links":{"self":[{"href":"https:\/\/itayachtscanada.com\/fr\/wp-json\/wp\/v2\/posts\/298924","targetHints":{"allow":["GET"]}}],"collection":[{"href":"https:\/\/itayachtscanada.com\/fr\/wp-json\/wp\/v2\/posts"}],"about":[{"href":"https:\/\/itayachtscanada.com\/fr\/wp-json\/wp\/v2\/types\/post"}],"author":[{"embeddable":true,"href":"https:\/\/itayachtscanada.com\/fr\/wp-json\/wp\/v2\/users\/119081455"}],"replies":[{"embeddable":true,"href":"https:\/\/itayachtscanada.com\/fr\/wp-json\/wp\/v2\/comments?post=298924"}],"version-history":[{"count":27,"href":"https:\/\/itayachtscanada.com\/fr\/wp-json\/wp\/v2\/posts\/298924\/revisions"}],"predecessor-version":[{"id":298960,"href":"https:\/\/itayachtscanada.com\/fr\/wp-json\/wp\/v2\/posts\/298924\/revisions\/298960"}],"wp:featuredmedia":[{"embeddable":true,"href":"https:\/\/itayachtscanada.com\/fr\/wp-json\/wp\/v2\/media\/298945"}],"wp:attachment":[{"href":"https:\/\/itayachtscanada.com\/fr\/wp-json\/wp\/v2\/media?parent=298924"}],"wp:term":[{"taxonomy":"category","embeddable":true,"href":"https:\/\/itayachtscanada.com\/fr\/wp-json\/wp\/v2\/categories?post=298924"},{"taxonomy":"post_tag","embeddable":true,"href":"https:\/\/itayachtscanada.com\/fr\/wp-json\/wp\/v2\/tags?post=298924"}],"curies":[{"name":"wp","href":"https:\/\/api.w.org\/{rel}","templated":true}]}}