{"id":298616,"date":"2026-01-22T14:28:48","date_gmt":"2026-01-22T19:28:48","guid":{"rendered":"https:\/\/itayachtscanada.com\/?p=298616"},"modified":"2026-01-22T14:37:51","modified_gmt":"2026-01-22T19:37:51","slug":"the-2026-motorboat-awards-at-the-dusseldorf-boat-show","status":"publish","type":"post","link":"https:\/\/itayachtscanada.com\/fr\/the-2026-motorboat-awards-at-the-dusseldorf-boat-show\/","title":{"rendered":"LES MOTORBOAT AWARDS 2026 lors du Dusseldorf Boat Show."},"content":{"rendered":"<p><strong>LES MOTORBOAT AWARDS 2026 lors du Dusseldorf Boat Show.<\/strong><\/p>\n<p>Laur\u00e9ats des Motor Boat Awards 2026 : les meilleurs bateaux \u00e0 moteur de l&rsquo;ann\u00e9e d\u00e9voil\u00e9s.<\/p>\n<p><img data-recalc-dims=\"1\" loading=\"lazy\" decoding=\"async\" data-attachment-id=\"298658\" data-permalink=\"https:\/\/itayachtscanada.com\/fr\/the-2026-motorboat-awards-at-the-dusseldorf-boat-show\/capture-decran-le-2026-01-22-a-14-17-52\/\" data-orig-file=\"https:\/\/i0.wp.com\/itayachtscanada.com\/wp-content\/uploads\/2026\/01\/Capture-decran-le-2026-01-22-a-14.17.52.jpg?fit=656%2C444&amp;ssl=1\" data-orig-size=\"656,444\" data-comments-opened=\"1\" data-image-meta=\"{&quot;aperture&quot;:&quot;0&quot;,&quot;credit&quot;:&quot;&quot;,&quot;camera&quot;:&quot;&quot;,&quot;caption&quot;:&quot;&quot;,&quot;created_timestamp&quot;:&quot;0&quot;,&quot;copyright&quot;:&quot;&quot;,&quot;focal_length&quot;:&quot;0&quot;,&quot;iso&quot;:&quot;0&quot;,&quot;shutter_speed&quot;:&quot;0&quot;,&quot;title&quot;:&quot;&quot;,&quot;orientation&quot;:&quot;0&quot;}\" data-image-title=\"Capture d\u2019e\u0301cran, le 2026-01-22 a\u0300 14.17.52\" data-image-description=\"\" data-image-caption=\"\" data-large-file=\"https:\/\/i0.wp.com\/itayachtscanada.com\/wp-content\/uploads\/2026\/01\/Capture-decran-le-2026-01-22-a-14.17.52.jpg?fit=656%2C444&amp;ssl=1\" class=\"alignnone size-medium wp-image-298658\" src=\"https:\/\/i0.wp.com\/itayachtscanada.com\/wp-content\/uploads\/2026\/01\/Capture-decran-le-2026-01-22-a-14.17.52.jpg?resize=300%2C203&#038;ssl=1\" alt=\"\" width=\"300\" height=\"203\" srcset=\"https:\/\/i0.wp.com\/itayachtscanada.com\/wp-content\/uploads\/2026\/01\/Capture-decran-le-2026-01-22-a-14.17.52.jpg?resize=300%2C203&amp;ssl=1 300w, https:\/\/i0.wp.com\/itayachtscanada.com\/wp-content\/uploads\/2026\/01\/Capture-decran-le-2026-01-22-a-14.17.52.jpg?resize=591%2C400&amp;ssl=1 591w, https:\/\/i0.wp.com\/itayachtscanada.com\/wp-content\/uploads\/2026\/01\/Capture-decran-le-2026-01-22-a-14.17.52.jpg?w=656&amp;ssl=1 656w\" sizes=\"auto, (max-width: 300px) 100vw, 300px\" \/><\/p>\n<p>&nbsp;<\/p>\n<p>Le chantier maritime italien Absolute vient de remporter le <strong>MOTORBOAT AWARDS 2026<\/strong> pour la cat\u00e9gorie <strong>Best Passagemaker<\/strong><u>, <\/u>associ\u00e9 surtout ici en Am\u00e9rique \u00e0 la cat\u00e9gorie Trawler , mais cette cat\u00e9gorie est aussi tr\u00e8s h\u00e9t\u00e9roclite, en effet elle peut inclure aussi des catamarans. \u00a0En somme, c\u2019est une fa\u00e7on d\u2019inclure tous les bateaux qui sont plus orient\u00e9s sur les volumes disponibles (espaces int &amp; ext) et qui ne sont pas dans la majorit\u00e9 des cas tr\u00e8s rapides.<\/p>\n<p>Donc, elle peut inclure des Nordhavn, des Grand Banks, Marlow, Fleming, ainsi que des Outer Reef et des Beneteau Swift Trawler. Les vitesses possibles de ces trawlers ou cata (comme Aquila) peuvent varier \u00e9norm\u00e9ment.<\/p>\n<p>Mais disons qu\u2019un bateau \u00a0(ici l\u2019Absolute Navetta 62) avec des Volvo D13-IPS-1350 est loin d\u2019un trawler qui fait max 8 \u00e0 12 kn. Mais pour l\u2019attribution de ce prix, les crit\u00e8res sont tr\u00e8s larges. En effet l\u2019Absolute Navetta 62 est en mesure d\u2019atteindre plus de 30 kn, ce qui est vraiment tr\u00e8s rapide.<\/p>\n<p>Mais ce qui est int\u00e9ressant pour ce mod\u00e8le qui est tr\u00e8s rapide, c\u2019est sa grande capacit\u00e9 en carburant, pr\u00e8s de 900 us gal. Donc, si le propri\u00e9taire ne d\u00e9passe pas 10 kn, le rayon de d\u00e9placement devient tr\u00e8s int\u00e9ressant.<\/p>\n<p>Ce prix est attribu\u00e9 pendant le Dusseldorf Boat Show. Plusieurs manufacturiers sont sur les rangs, donc ce prix a une grande importance dans l\u2019industrie.<\/p>\n<p>Voici les bateaux qui \u00e9taient en comp\u00e9tition pour cette cat\u00e9gorie\u00a0pour cette ann\u00e9e 2026:<\/p>\n<p><strong>Meilleur Passagemaker motor yachts<\/strong><\/p>\n<p>Absolute Navetta 62 (gagnant)<\/p>\n<p>Hardy 45 European<\/p>\n<p>Prestige M7, catamaran<\/p>\n<p>Silent 62 Open, catamaran<\/p>\n<p>&nbsp;<\/p>\n<p><a href=\"https:\/\/i0.wp.com\/itayachtscanada.com\/wp-content\/uploads\/2026\/01\/Absolute-Navetta-62-Fly-2026.jpg?ssl=1\"><img data-recalc-dims=\"1\" loading=\"lazy\" decoding=\"async\" data-attachment-id=\"298630\" data-permalink=\"https:\/\/itayachtscanada.com\/fr\/the-2026-motorboat-awards-at-the-dusseldorf-boat-show\/absolute-navetta-62-fly-2026\/\" data-orig-file=\"https:\/\/i0.wp.com\/itayachtscanada.com\/wp-content\/uploads\/2026\/01\/Absolute-Navetta-62-Fly-2026.jpg?fit=2216%2C1094&amp;ssl=1\" data-orig-size=\"2216,1094\" data-comments-opened=\"1\" data-image-meta=\"{&quot;aperture&quot;:&quot;0&quot;,&quot;credit&quot;:&quot;&quot;,&quot;camera&quot;:&quot;&quot;,&quot;caption&quot;:&quot;&quot;,&quot;created_timestamp&quot;:&quot;0&quot;,&quot;copyright&quot;:&quot;&quot;,&quot;focal_length&quot;:&quot;0&quot;,&quot;iso&quot;:&quot;0&quot;,&quot;shutter_speed&quot;:&quot;0&quot;,&quot;title&quot;:&quot;&quot;,&quot;orientation&quot;:&quot;0&quot;}\" data-image-title=\"Absolute Navetta 62 Fly 2026\" data-image-description=\"\" data-image-caption=\"\" data-large-file=\"https:\/\/i0.wp.com\/itayachtscanada.com\/wp-content\/uploads\/2026\/01\/Absolute-Navetta-62-Fly-2026.jpg?fit=700%2C346&amp;ssl=1\" class=\"alignnone wp-image-298630 size-medium\" src=\"https:\/\/i0.wp.com\/itayachtscanada.com\/wp-content\/uploads\/2026\/01\/Absolute-Navetta-62-Fly-2026.jpg?resize=300%2C148&#038;ssl=1\" alt=\"\" width=\"300\" height=\"148\" srcset=\"https:\/\/i0.wp.com\/itayachtscanada.com\/wp-content\/uploads\/2026\/01\/Absolute-Navetta-62-Fly-2026.jpg?resize=300%2C148&amp;ssl=1 300w, https:\/\/i0.wp.com\/itayachtscanada.com\/wp-content\/uploads\/2026\/01\/Absolute-Navetta-62-Fly-2026.jpg?resize=1024%2C506&amp;ssl=1 1024w, https:\/\/i0.wp.com\/itayachtscanada.com\/wp-content\/uploads\/2026\/01\/Absolute-Navetta-62-Fly-2026.jpg?resize=768%2C379&amp;ssl=1 768w, https:\/\/i0.wp.com\/itayachtscanada.com\/wp-content\/uploads\/2026\/01\/Absolute-Navetta-62-Fly-2026.jpg?resize=1536%2C758&amp;ssl=1 1536w, https:\/\/i0.wp.com\/itayachtscanada.com\/wp-content\/uploads\/2026\/01\/Absolute-Navetta-62-Fly-2026.jpg?resize=2048%2C1011&amp;ssl=1 2048w, https:\/\/i0.wp.com\/itayachtscanada.com\/wp-content\/uploads\/2026\/01\/Absolute-Navetta-62-Fly-2026.jpg?resize=700%2C346&amp;ssl=1 700w, https:\/\/i0.wp.com\/itayachtscanada.com\/wp-content\/uploads\/2026\/01\/Absolute-Navetta-62-Fly-2026.jpg?resize=2000%2C987&amp;ssl=1 2000w, https:\/\/i0.wp.com\/itayachtscanada.com\/wp-content\/uploads\/2026\/01\/Absolute-Navetta-62-Fly-2026.jpg?resize=810%2C400&amp;ssl=1 810w, https:\/\/i0.wp.com\/itayachtscanada.com\/wp-content\/uploads\/2026\/01\/Absolute-Navetta-62-Fly-2026.jpg?w=1400&amp;ssl=1 1400w, https:\/\/i0.wp.com\/itayachtscanada.com\/wp-content\/uploads\/2026\/01\/Absolute-Navetta-62-Fly-2026.jpg?w=2100&amp;ssl=1 2100w\" sizes=\"auto, (max-width: 300px) 100vw, 300px\" \/><\/a><\/p>\n<p>&nbsp;<\/p>\n<p>Ce qui frappe sur ce mod\u00e8le gagnant, c\u2019est le volume int\u00e9rieur. Les espaces nous laissent croire \u00e0 un yacht beaucoup plus grand. Ce qui frappe, c\u2019est qu\u2019on peut penser qu\u2019il y a deux chambres de propri\u00e9taires tellement elles sont spacieuses et innovantes surtout pour les salles de toilettes avec douches (Owner et VIP se confondent).<\/p>\n<p>Le pont principal est lumineux et vraiment spacieux. La section cockpit est \u00e9galement innovante. \u00a0Il y a un crew cabin pour deux personnes.<\/p>\n<p>La propulsion est toujours par Volvo pour ce manufacturier Italien et cela depuis des ann\u00e9es. Pour ce mod\u00e8le ce sont bien s\u00fbr des PODS IPS 1200 ou en option des IPS 1350 avec pour ces deux choix des Volvo D13.<\/p>\n<p>Bref c\u2019est un prix bien m\u00e9rit\u00e9. Le prix de vente se situe cependant entre $2.6 et 3.2 millions USD. Avec les tarifs, le prix en USD est de plus en plus difficile \u00e0 fixer en particulier pour les acqu\u00e9reurs am\u00e9ricains.<\/p>\n<p>Le manufacturier Absolute a une capacit\u00e9 de production, disons limit\u00e9e. En g\u00e9n\u00e9ral il faut compte plus de 12 mois (parfois plus de 15 mois) pour recevoir son bateau neuf, mais l\u2019attente en vaut la peine.<\/p>\n<p><strong>Voici quelques donn\u00e9es techniques\u00a0:<\/strong><\/p>\n<p>ABSOLUTE NAVETTA 62<\/p>\n<p>LOA\u00a0: 61.3 pi ou 18.68 m<\/p>\n<p>Largeur\u00a0: 17.7 pi<\/p>\n<p>Tirant d\u2019eau\u00a0: 4.92 pi<\/p>\n<p>Poids maximum\u00a0: 90,000 lbs<\/p>\n<p>Poids \u00e0 vide\u00a0: non disponible par le manufacturier<\/p>\n<p>R\u00e9servoir carburant\u00a0: 898 us gal.<\/p>\n<p>R\u00e9servoir eau potable\u00a0: 206 us gal<\/p>\n<p>R\u00e9servoir toilettes\u00a0: 112 us gal<\/p>\n<p>Nb. de chambres\u00a0: 3<\/p>\n<p>Nb. de toilettes avec douche\u00a0: 3<\/p>\n<p>Crew cabine\u00a0: deux lits (ou cabine pour \u00e9quipage ou visiteurs) avec toilette et douche<\/p>\n<p>Classe CE\u00a0: B<\/p>\n<p>Maximum personne \u00e0 bord\u00a0: 14<\/p>\n<p>Moteurs\u00a0: 2 x Volvo D13-IPS-1200 ou D13-IPS-1350<\/p>\n<p>&nbsp;<\/p>\n<p>Et voici la galerie de photos (Absolute Navetta 62) :<\/p>\n<p>&nbsp;<\/p>\n<div data-carousel-extra='{&quot;blog_id&quot;:1,&quot;permalink&quot;:&quot;https:\/\/itayachtscanada.com\/fr\/the-2026-motorboat-awards-at-the-dusseldorf-boat-show\/&quot;}' id='gallery-1' class='gallery galleryid-298616 gallery-columns-3 gallery-size-thumbnail'><figure class='gallery-item'>\n\t\t\t<div class='gallery-icon landscape'>\n\t\t\t\t<a href='https:\/\/itayachtscanada.com\/fr\/the-2026-motorboat-awards-at-the-dusseldorf-boat-show\/absolute-navetta-62-fly-2026\/'><img loading=\"lazy\" decoding=\"async\" width=\"150\" height=\"150\" src=\"https:\/\/i0.wp.com\/itayachtscanada.com\/wp-content\/uploads\/2026\/01\/Absolute-Navetta-62-Fly-2026.jpg?resize=150%2C150&amp;ssl=1\" class=\"attachment-thumbnail size-thumbnail\" alt=\"\" srcset=\"https:\/\/i0.wp.com\/itayachtscanada.com\/wp-content\/uploads\/2026\/01\/Absolute-Navetta-62-Fly-2026.jpg?resize=150%2C150&amp;ssl=1 150w, https:\/\/i0.wp.com\/itayachtscanada.com\/wp-content\/uploads\/2026\/01\/Absolute-Navetta-62-Fly-2026.jpg?resize=60%2C60&amp;ssl=1 60w, https:\/\/i0.wp.com\/itayachtscanada.com\/wp-content\/uploads\/2026\/01\/Absolute-Navetta-62-Fly-2026.jpg?resize=80%2C80&amp;ssl=1 80w, https:\/\/i0.wp.com\/itayachtscanada.com\/wp-content\/uploads\/2026\/01\/Absolute-Navetta-62-Fly-2026.jpg?resize=100%2C100&amp;ssl=1 100w, https:\/\/i0.wp.com\/itayachtscanada.com\/wp-content\/uploads\/2026\/01\/Absolute-Navetta-62-Fly-2026.jpg?resize=50%2C50&amp;ssl=1 50w, https:\/\/i0.wp.com\/itayachtscanada.com\/wp-content\/uploads\/2026\/01\/Absolute-Navetta-62-Fly-2026.jpg?zoom=2&amp;resize=150%2C150&amp;ssl=1 300w, https:\/\/i0.wp.com\/itayachtscanada.com\/wp-content\/uploads\/2026\/01\/Absolute-Navetta-62-Fly-2026.jpg?zoom=3&amp;resize=150%2C150&amp;ssl=1 450w\" sizes=\"auto, (max-width: 150px) 100vw, 150px\" data-attachment-id=\"298630\" data-permalink=\"https:\/\/itayachtscanada.com\/fr\/the-2026-motorboat-awards-at-the-dusseldorf-boat-show\/absolute-navetta-62-fly-2026\/\" data-orig-file=\"https:\/\/i0.wp.com\/itayachtscanada.com\/wp-content\/uploads\/2026\/01\/Absolute-Navetta-62-Fly-2026.jpg?fit=2216%2C1094&amp;ssl=1\" data-orig-size=\"2216,1094\" data-comments-opened=\"1\" data-image-meta=\"{&quot;aperture&quot;:&quot;0&quot;,&quot;credit&quot;:&quot;&quot;,&quot;camera&quot;:&quot;&quot;,&quot;caption&quot;:&quot;&quot;,&quot;created_timestamp&quot;:&quot;0&quot;,&quot;copyright&quot;:&quot;&quot;,&quot;focal_length&quot;:&quot;0&quot;,&quot;iso&quot;:&quot;0&quot;,&quot;shutter_speed&quot;:&quot;0&quot;,&quot;title&quot;:&quot;&quot;,&quot;orientation&quot;:&quot;0&quot;}\" data-image-title=\"Absolute Navetta 62 Fly 2026\" data-image-description=\"\" data-image-caption=\"\" data-large-file=\"https:\/\/i0.wp.com\/itayachtscanada.com\/wp-content\/uploads\/2026\/01\/Absolute-Navetta-62-Fly-2026.jpg?fit=700%2C346&amp;ssl=1\" \/><\/a>\n\t\t\t<\/div><\/figure><figure class='gallery-item'>\n\t\t\t<div class='gallery-icon landscape'>\n\t\t\t\t<a href='https:\/\/itayachtscanada.com\/fr\/the-2026-motorboat-awards-at-the-dusseldorf-boat-show\/capture-decran-le-2026-01-21-a-16-29-15\/'><img loading=\"lazy\" decoding=\"async\" width=\"150\" height=\"150\" src=\"https:\/\/i0.wp.com\/itayachtscanada.com\/wp-content\/uploads\/2026\/01\/Capture-decran-le-2026-01-21-a-16.29.15.jpg?resize=150%2C150&amp;ssl=1\" class=\"attachment-thumbnail size-thumbnail\" alt=\"\" srcset=\"https:\/\/i0.wp.com\/itayachtscanada.com\/wp-content\/uploads\/2026\/01\/Capture-decran-le-2026-01-21-a-16.29.15.jpg?resize=150%2C150&amp;ssl=1 150w, https:\/\/i0.wp.com\/itayachtscanada.com\/wp-content\/uploads\/2026\/01\/Capture-decran-le-2026-01-21-a-16.29.15.jpg?resize=60%2C60&amp;ssl=1 60w, https:\/\/i0.wp.com\/itayachtscanada.com\/wp-content\/uploads\/2026\/01\/Capture-decran-le-2026-01-21-a-16.29.15.jpg?resize=80%2C80&amp;ssl=1 80w, https:\/\/i0.wp.com\/itayachtscanada.com\/wp-content\/uploads\/2026\/01\/Capture-decran-le-2026-01-21-a-16.29.15.jpg?resize=100%2C100&amp;ssl=1 100w, https:\/\/i0.wp.com\/itayachtscanada.com\/wp-content\/uploads\/2026\/01\/Capture-decran-le-2026-01-21-a-16.29.15.jpg?resize=50%2C50&amp;ssl=1 50w, https:\/\/i0.wp.com\/itayachtscanada.com\/wp-content\/uploads\/2026\/01\/Capture-decran-le-2026-01-21-a-16.29.15.jpg?zoom=2&amp;resize=150%2C150&amp;ssl=1 300w, https:\/\/i0.wp.com\/itayachtscanada.com\/wp-content\/uploads\/2026\/01\/Capture-decran-le-2026-01-21-a-16.29.15.jpg?zoom=3&amp;resize=150%2C150&amp;ssl=1 450w\" sizes=\"auto, (max-width: 150px) 100vw, 150px\" data-attachment-id=\"298631\" data-permalink=\"https:\/\/itayachtscanada.com\/fr\/the-2026-motorboat-awards-at-the-dusseldorf-boat-show\/capture-decran-le-2026-01-21-a-16-29-15\/\" data-orig-file=\"https:\/\/i0.wp.com\/itayachtscanada.com\/wp-content\/uploads\/2026\/01\/Capture-decran-le-2026-01-21-a-16.29.15.jpg?fit=1756%2C1094&amp;ssl=1\" data-orig-size=\"1756,1094\" data-comments-opened=\"1\" data-image-meta=\"{&quot;aperture&quot;:&quot;0&quot;,&quot;credit&quot;:&quot;&quot;,&quot;camera&quot;:&quot;&quot;,&quot;caption&quot;:&quot;&quot;,&quot;created_timestamp&quot;:&quot;0&quot;,&quot;copyright&quot;:&quot;&quot;,&quot;focal_length&quot;:&quot;0&quot;,&quot;iso&quot;:&quot;0&quot;,&quot;shutter_speed&quot;:&quot;0&quot;,&quot;title&quot;:&quot;&quot;,&quot;orientation&quot;:&quot;0&quot;}\" data-image-title=\"Capture d\u2019e\u0301cran, le 2026-01-21 a\u0300 16.29.15\" data-image-description=\"\" data-image-caption=\"\" data-large-file=\"https:\/\/i0.wp.com\/itayachtscanada.com\/wp-content\/uploads\/2026\/01\/Capture-decran-le-2026-01-21-a-16.29.15.jpg?fit=700%2C436&amp;ssl=1\" \/><\/a>\n\t\t\t<\/div><\/figure><figure class='gallery-item'>\n\t\t\t<div class='gallery-icon landscape'>\n\t\t\t\t<a href='https:\/\/itayachtscanada.com\/fr\/the-2026-motorboat-awards-at-the-dusseldorf-boat-show\/capture-decran-le-2026-01-21-a-16-29-39\/'><img loading=\"lazy\" decoding=\"async\" width=\"150\" height=\"150\" src=\"https:\/\/i0.wp.com\/itayachtscanada.com\/wp-content\/uploads\/2026\/01\/Capture-decran-le-2026-01-21-a-16.29.39.jpg?resize=150%2C150&amp;ssl=1\" class=\"attachment-thumbnail size-thumbnail\" alt=\"\" srcset=\"https:\/\/i0.wp.com\/itayachtscanada.com\/wp-content\/uploads\/2026\/01\/Capture-decran-le-2026-01-21-a-16.29.39.jpg?resize=150%2C150&amp;ssl=1 150w, https:\/\/i0.wp.com\/itayachtscanada.com\/wp-content\/uploads\/2026\/01\/Capture-decran-le-2026-01-21-a-16.29.39.jpg?resize=60%2C60&amp;ssl=1 60w, https:\/\/i0.wp.com\/itayachtscanada.com\/wp-content\/uploads\/2026\/01\/Capture-decran-le-2026-01-21-a-16.29.39.jpg?resize=80%2C80&amp;ssl=1 80w, https:\/\/i0.wp.com\/itayachtscanada.com\/wp-content\/uploads\/2026\/01\/Capture-decran-le-2026-01-21-a-16.29.39.jpg?resize=100%2C100&amp;ssl=1 100w, https:\/\/i0.wp.com\/itayachtscanada.com\/wp-content\/uploads\/2026\/01\/Capture-decran-le-2026-01-21-a-16.29.39.jpg?resize=50%2C50&amp;ssl=1 50w, https:\/\/i0.wp.com\/itayachtscanada.com\/wp-content\/uploads\/2026\/01\/Capture-decran-le-2026-01-21-a-16.29.39.jpg?zoom=2&amp;resize=150%2C150&amp;ssl=1 300w, https:\/\/i0.wp.com\/itayachtscanada.com\/wp-content\/uploads\/2026\/01\/Capture-decran-le-2026-01-21-a-16.29.39.jpg?zoom=3&amp;resize=150%2C150&amp;ssl=1 450w\" sizes=\"auto, (max-width: 150px) 100vw, 150px\" data-attachment-id=\"298632\" data-permalink=\"https:\/\/itayachtscanada.com\/fr\/the-2026-motorboat-awards-at-the-dusseldorf-boat-show\/capture-decran-le-2026-01-21-a-16-29-39\/\" data-orig-file=\"https:\/\/i0.wp.com\/itayachtscanada.com\/wp-content\/uploads\/2026\/01\/Capture-decran-le-2026-01-21-a-16.29.39.jpg?fit=1880%2C1188&amp;ssl=1\" data-orig-size=\"1880,1188\" data-comments-opened=\"1\" data-image-meta=\"{&quot;aperture&quot;:&quot;0&quot;,&quot;credit&quot;:&quot;&quot;,&quot;camera&quot;:&quot;&quot;,&quot;caption&quot;:&quot;&quot;,&quot;created_timestamp&quot;:&quot;0&quot;,&quot;copyright&quot;:&quot;&quot;,&quot;focal_length&quot;:&quot;0&quot;,&quot;iso&quot;:&quot;0&quot;,&quot;shutter_speed&quot;:&quot;0&quot;,&quot;title&quot;:&quot;&quot;,&quot;orientation&quot;:&quot;0&quot;}\" data-image-title=\"Capture d\u2019e\u0301cran, le 2026-01-21 a\u0300 16.29.39\" data-image-description=\"\" data-image-caption=\"\" data-large-file=\"https:\/\/i0.wp.com\/itayachtscanada.com\/wp-content\/uploads\/2026\/01\/Capture-decran-le-2026-01-21-a-16.29.39.jpg?fit=700%2C442&amp;ssl=1\" \/><\/a>\n\t\t\t<\/div><\/figure><figure class='gallery-item'>\n\t\t\t<div class='gallery-icon landscape'>\n\t\t\t\t<a href='https:\/\/itayachtscanada.com\/fr\/the-2026-motorboat-awards-at-the-dusseldorf-boat-show\/capture-decran-le-2026-01-21-a-16-29-48\/'><img loading=\"lazy\" decoding=\"async\" width=\"150\" height=\"150\" src=\"https:\/\/i0.wp.com\/itayachtscanada.com\/wp-content\/uploads\/2026\/01\/Capture-decran-le-2026-01-21-a-16.29.48.jpg?resize=150%2C150&amp;ssl=1\" class=\"attachment-thumbnail size-thumbnail\" alt=\"\" srcset=\"https:\/\/i0.wp.com\/itayachtscanada.com\/wp-content\/uploads\/2026\/01\/Capture-decran-le-2026-01-21-a-16.29.48.jpg?resize=150%2C150&amp;ssl=1 150w, https:\/\/i0.wp.com\/itayachtscanada.com\/wp-content\/uploads\/2026\/01\/Capture-decran-le-2026-01-21-a-16.29.48.jpg?resize=60%2C60&amp;ssl=1 60w, https:\/\/i0.wp.com\/itayachtscanada.com\/wp-content\/uploads\/2026\/01\/Capture-decran-le-2026-01-21-a-16.29.48.jpg?resize=80%2C80&amp;ssl=1 80w, https:\/\/i0.wp.com\/itayachtscanada.com\/wp-content\/uploads\/2026\/01\/Capture-decran-le-2026-01-21-a-16.29.48.jpg?resize=100%2C100&amp;ssl=1 100w, https:\/\/i0.wp.com\/itayachtscanada.com\/wp-content\/uploads\/2026\/01\/Capture-decran-le-2026-01-21-a-16.29.48.jpg?resize=50%2C50&amp;ssl=1 50w, https:\/\/i0.wp.com\/itayachtscanada.com\/wp-content\/uploads\/2026\/01\/Capture-decran-le-2026-01-21-a-16.29.48.jpg?zoom=2&amp;resize=150%2C150&amp;ssl=1 300w, https:\/\/i0.wp.com\/itayachtscanada.com\/wp-content\/uploads\/2026\/01\/Capture-decran-le-2026-01-21-a-16.29.48.jpg?zoom=3&amp;resize=150%2C150&amp;ssl=1 450w\" sizes=\"auto, (max-width: 150px) 100vw, 150px\" data-attachment-id=\"298633\" data-permalink=\"https:\/\/itayachtscanada.com\/fr\/the-2026-motorboat-awards-at-the-dusseldorf-boat-show\/capture-decran-le-2026-01-21-a-16-29-48\/\" data-orig-file=\"https:\/\/i0.wp.com\/itayachtscanada.com\/wp-content\/uploads\/2026\/01\/Capture-decran-le-2026-01-21-a-16.29.48.jpg?fit=1880%2C1188&amp;ssl=1\" data-orig-size=\"1880,1188\" data-comments-opened=\"1\" data-image-meta=\"{&quot;aperture&quot;:&quot;0&quot;,&quot;credit&quot;:&quot;&quot;,&quot;camera&quot;:&quot;&quot;,&quot;caption&quot;:&quot;&quot;,&quot;created_timestamp&quot;:&quot;0&quot;,&quot;copyright&quot;:&quot;&quot;,&quot;focal_length&quot;:&quot;0&quot;,&quot;iso&quot;:&quot;0&quot;,&quot;shutter_speed&quot;:&quot;0&quot;,&quot;title&quot;:&quot;&quot;,&quot;orientation&quot;:&quot;0&quot;}\" data-image-title=\"Capture d\u2019e\u0301cran, le 2026-01-21 a\u0300 16.29.48\" data-image-description=\"\" data-image-caption=\"\" data-large-file=\"https:\/\/i0.wp.com\/itayachtscanada.com\/wp-content\/uploads\/2026\/01\/Capture-decran-le-2026-01-21-a-16.29.48.jpg?fit=700%2C442&amp;ssl=1\" \/><\/a>\n\t\t\t<\/div><\/figure><figure class='gallery-item'>\n\t\t\t<div class='gallery-icon landscape'>\n\t\t\t\t<a href='https:\/\/itayachtscanada.com\/fr\/the-2026-motorboat-awards-at-the-dusseldorf-boat-show\/capture-decran-le-2026-01-21-a-16-29-57\/'><img loading=\"lazy\" decoding=\"async\" width=\"150\" height=\"150\" src=\"https:\/\/i0.wp.com\/itayachtscanada.com\/wp-content\/uploads\/2026\/01\/Capture-decran-le-2026-01-21-a-16.29.57.jpg?resize=150%2C150&amp;ssl=1\" class=\"attachment-thumbnail size-thumbnail\" alt=\"\" srcset=\"https:\/\/i0.wp.com\/itayachtscanada.com\/wp-content\/uploads\/2026\/01\/Capture-decran-le-2026-01-21-a-16.29.57.jpg?resize=150%2C150&amp;ssl=1 150w, https:\/\/i0.wp.com\/itayachtscanada.com\/wp-content\/uploads\/2026\/01\/Capture-decran-le-2026-01-21-a-16.29.57.jpg?resize=60%2C60&amp;ssl=1 60w, https:\/\/i0.wp.com\/itayachtscanada.com\/wp-content\/uploads\/2026\/01\/Capture-decran-le-2026-01-21-a-16.29.57.jpg?resize=80%2C80&amp;ssl=1 80w, https:\/\/i0.wp.com\/itayachtscanada.com\/wp-content\/uploads\/2026\/01\/Capture-decran-le-2026-01-21-a-16.29.57.jpg?resize=100%2C100&amp;ssl=1 100w, https:\/\/i0.wp.com\/itayachtscanada.com\/wp-content\/uploads\/2026\/01\/Capture-decran-le-2026-01-21-a-16.29.57.jpg?resize=50%2C50&amp;ssl=1 50w, https:\/\/i0.wp.com\/itayachtscanada.com\/wp-content\/uploads\/2026\/01\/Capture-decran-le-2026-01-21-a-16.29.57.jpg?zoom=2&amp;resize=150%2C150&amp;ssl=1 300w, https:\/\/i0.wp.com\/itayachtscanada.com\/wp-content\/uploads\/2026\/01\/Capture-decran-le-2026-01-21-a-16.29.57.jpg?zoom=3&amp;resize=150%2C150&amp;ssl=1 450w\" sizes=\"auto, (max-width: 150px) 100vw, 150px\" data-attachment-id=\"298634\" data-permalink=\"https:\/\/itayachtscanada.com\/fr\/the-2026-motorboat-awards-at-the-dusseldorf-boat-show\/capture-decran-le-2026-01-21-a-16-29-57\/\" data-orig-file=\"https:\/\/i0.wp.com\/itayachtscanada.com\/wp-content\/uploads\/2026\/01\/Capture-decran-le-2026-01-21-a-16.29.57.jpg?fit=1880%2C1188&amp;ssl=1\" data-orig-size=\"1880,1188\" data-comments-opened=\"1\" data-image-meta=\"{&quot;aperture&quot;:&quot;0&quot;,&quot;credit&quot;:&quot;&quot;,&quot;camera&quot;:&quot;&quot;,&quot;caption&quot;:&quot;&quot;,&quot;created_timestamp&quot;:&quot;0&quot;,&quot;copyright&quot;:&quot;&quot;,&quot;focal_length&quot;:&quot;0&quot;,&quot;iso&quot;:&quot;0&quot;,&quot;shutter_speed&quot;:&quot;0&quot;,&quot;title&quot;:&quot;&quot;,&quot;orientation&quot;:&quot;0&quot;}\" data-image-title=\"Capture d\u2019e\u0301cran, le 2026-01-21 a\u0300 16.29.57\" data-image-description=\"\" data-image-caption=\"\" data-large-file=\"https:\/\/i0.wp.com\/itayachtscanada.com\/wp-content\/uploads\/2026\/01\/Capture-decran-le-2026-01-21-a-16.29.57.jpg?fit=700%2C442&amp;ssl=1\" \/><\/a>\n\t\t\t<\/div><\/figure><figure class='gallery-item'>\n\t\t\t<div class='gallery-icon landscape'>\n\t\t\t\t<a href='https:\/\/itayachtscanada.com\/fr\/the-2026-motorboat-awards-at-the-dusseldorf-boat-show\/capture-decran-le-2026-01-21-a-16-30-01\/'><img loading=\"lazy\" decoding=\"async\" width=\"150\" height=\"150\" src=\"https:\/\/i0.wp.com\/itayachtscanada.com\/wp-content\/uploads\/2026\/01\/Capture-decran-le-2026-01-21-a-16.30.01.jpg?resize=150%2C150&amp;ssl=1\" class=\"attachment-thumbnail size-thumbnail\" alt=\"\" srcset=\"https:\/\/i0.wp.com\/itayachtscanada.com\/wp-content\/uploads\/2026\/01\/Capture-decran-le-2026-01-21-a-16.30.01.jpg?resize=150%2C150&amp;ssl=1 150w, https:\/\/i0.wp.com\/itayachtscanada.com\/wp-content\/uploads\/2026\/01\/Capture-decran-le-2026-01-21-a-16.30.01.jpg?resize=60%2C60&amp;ssl=1 60w, https:\/\/i0.wp.com\/itayachtscanada.com\/wp-content\/uploads\/2026\/01\/Capture-decran-le-2026-01-21-a-16.30.01.jpg?resize=80%2C80&amp;ssl=1 80w, https:\/\/i0.wp.com\/itayachtscanada.com\/wp-content\/uploads\/2026\/01\/Capture-decran-le-2026-01-21-a-16.30.01.jpg?resize=100%2C100&amp;ssl=1 100w, https:\/\/i0.wp.com\/itayachtscanada.com\/wp-content\/uploads\/2026\/01\/Capture-decran-le-2026-01-21-a-16.30.01.jpg?resize=50%2C50&amp;ssl=1 50w, https:\/\/i0.wp.com\/itayachtscanada.com\/wp-content\/uploads\/2026\/01\/Capture-decran-le-2026-01-21-a-16.30.01.jpg?zoom=2&amp;resize=150%2C150&amp;ssl=1 300w, https:\/\/i0.wp.com\/itayachtscanada.com\/wp-content\/uploads\/2026\/01\/Capture-decran-le-2026-01-21-a-16.30.01.jpg?zoom=3&amp;resize=150%2C150&amp;ssl=1 450w\" sizes=\"auto, (max-width: 150px) 100vw, 150px\" data-attachment-id=\"298635\" data-permalink=\"https:\/\/itayachtscanada.com\/fr\/the-2026-motorboat-awards-at-the-dusseldorf-boat-show\/capture-decran-le-2026-01-21-a-16-30-01\/\" data-orig-file=\"https:\/\/i0.wp.com\/itayachtscanada.com\/wp-content\/uploads\/2026\/01\/Capture-decran-le-2026-01-21-a-16.30.01.jpg?fit=1880%2C1188&amp;ssl=1\" data-orig-size=\"1880,1188\" data-comments-opened=\"1\" data-image-meta=\"{&quot;aperture&quot;:&quot;0&quot;,&quot;credit&quot;:&quot;&quot;,&quot;camera&quot;:&quot;&quot;,&quot;caption&quot;:&quot;&quot;,&quot;created_timestamp&quot;:&quot;0&quot;,&quot;copyright&quot;:&quot;&quot;,&quot;focal_length&quot;:&quot;0&quot;,&quot;iso&quot;:&quot;0&quot;,&quot;shutter_speed&quot;:&quot;0&quot;,&quot;title&quot;:&quot;&quot;,&quot;orientation&quot;:&quot;0&quot;}\" data-image-title=\"Capture d\u2019e\u0301cran, le 2026-01-21 a\u0300 16.30.01\" data-image-description=\"\" data-image-caption=\"\" data-large-file=\"https:\/\/i0.wp.com\/itayachtscanada.com\/wp-content\/uploads\/2026\/01\/Capture-decran-le-2026-01-21-a-16.30.01.jpg?fit=700%2C442&amp;ssl=1\" \/><\/a>\n\t\t\t<\/div><\/figure><figure class='gallery-item'>\n\t\t\t<div class='gallery-icon landscape'>\n\t\t\t\t<a href='https:\/\/itayachtscanada.com\/fr\/the-2026-motorboat-awards-at-the-dusseldorf-boat-show\/capture-decran-le-2026-01-21-a-16-30-10\/'><img loading=\"lazy\" decoding=\"async\" width=\"150\" height=\"150\" src=\"https:\/\/i0.wp.com\/itayachtscanada.com\/wp-content\/uploads\/2026\/01\/Capture-decran-le-2026-01-21-a-16.30.10.jpg?resize=150%2C150&amp;ssl=1\" class=\"attachment-thumbnail size-thumbnail\" alt=\"\" srcset=\"https:\/\/i0.wp.com\/itayachtscanada.com\/wp-content\/uploads\/2026\/01\/Capture-decran-le-2026-01-21-a-16.30.10.jpg?resize=150%2C150&amp;ssl=1 150w, https:\/\/i0.wp.com\/itayachtscanada.com\/wp-content\/uploads\/2026\/01\/Capture-decran-le-2026-01-21-a-16.30.10.jpg?resize=60%2C60&amp;ssl=1 60w, https:\/\/i0.wp.com\/itayachtscanada.com\/wp-content\/uploads\/2026\/01\/Capture-decran-le-2026-01-21-a-16.30.10.jpg?resize=80%2C80&amp;ssl=1 80w, https:\/\/i0.wp.com\/itayachtscanada.com\/wp-content\/uploads\/2026\/01\/Capture-decran-le-2026-01-21-a-16.30.10.jpg?resize=100%2C100&amp;ssl=1 100w, https:\/\/i0.wp.com\/itayachtscanada.com\/wp-content\/uploads\/2026\/01\/Capture-decran-le-2026-01-21-a-16.30.10.jpg?resize=50%2C50&amp;ssl=1 50w, https:\/\/i0.wp.com\/itayachtscanada.com\/wp-content\/uploads\/2026\/01\/Capture-decran-le-2026-01-21-a-16.30.10.jpg?zoom=2&amp;resize=150%2C150&amp;ssl=1 300w, https:\/\/i0.wp.com\/itayachtscanada.com\/wp-content\/uploads\/2026\/01\/Capture-decran-le-2026-01-21-a-16.30.10.jpg?zoom=3&amp;resize=150%2C150&amp;ssl=1 450w\" sizes=\"auto, (max-width: 150px) 100vw, 150px\" data-attachment-id=\"298636\" data-permalink=\"https:\/\/itayachtscanada.com\/fr\/the-2026-motorboat-awards-at-the-dusseldorf-boat-show\/capture-decran-le-2026-01-21-a-16-30-10\/\" data-orig-file=\"https:\/\/i0.wp.com\/itayachtscanada.com\/wp-content\/uploads\/2026\/01\/Capture-decran-le-2026-01-21-a-16.30.10.jpg?fit=1880%2C1188&amp;ssl=1\" data-orig-size=\"1880,1188\" data-comments-opened=\"1\" data-image-meta=\"{&quot;aperture&quot;:&quot;0&quot;,&quot;credit&quot;:&quot;&quot;,&quot;camera&quot;:&quot;&quot;,&quot;caption&quot;:&quot;&quot;,&quot;created_timestamp&quot;:&quot;0&quot;,&quot;copyright&quot;:&quot;&quot;,&quot;focal_length&quot;:&quot;0&quot;,&quot;iso&quot;:&quot;0&quot;,&quot;shutter_speed&quot;:&quot;0&quot;,&quot;title&quot;:&quot;&quot;,&quot;orientation&quot;:&quot;0&quot;}\" data-image-title=\"Capture d\u2019e\u0301cran, le 2026-01-21 a\u0300 16.30.10\" data-image-description=\"\" data-image-caption=\"\" data-large-file=\"https:\/\/i0.wp.com\/itayachtscanada.com\/wp-content\/uploads\/2026\/01\/Capture-decran-le-2026-01-21-a-16.30.10.jpg?fit=700%2C442&amp;ssl=1\" \/><\/a>\n\t\t\t<\/div><\/figure><figure class='gallery-item'>\n\t\t\t<div class='gallery-icon landscape'>\n\t\t\t\t<a href='https:\/\/itayachtscanada.com\/fr\/the-2026-motorboat-awards-at-the-dusseldorf-boat-show\/capture-decran-le-2026-01-21-a-16-30-24\/'><img loading=\"lazy\" decoding=\"async\" width=\"150\" height=\"150\" src=\"https:\/\/i0.wp.com\/itayachtscanada.com\/wp-content\/uploads\/2026\/01\/Capture-decran-le-2026-01-21-a-16.30.24.jpg?resize=150%2C150&amp;ssl=1\" class=\"attachment-thumbnail size-thumbnail\" alt=\"\" srcset=\"https:\/\/i0.wp.com\/itayachtscanada.com\/wp-content\/uploads\/2026\/01\/Capture-decran-le-2026-01-21-a-16.30.24.jpg?resize=150%2C150&amp;ssl=1 150w, https:\/\/i0.wp.com\/itayachtscanada.com\/wp-content\/uploads\/2026\/01\/Capture-decran-le-2026-01-21-a-16.30.24.jpg?resize=60%2C60&amp;ssl=1 60w, https:\/\/i0.wp.com\/itayachtscanada.com\/wp-content\/uploads\/2026\/01\/Capture-decran-le-2026-01-21-a-16.30.24.jpg?resize=80%2C80&amp;ssl=1 80w, https:\/\/i0.wp.com\/itayachtscanada.com\/wp-content\/uploads\/2026\/01\/Capture-decran-le-2026-01-21-a-16.30.24.jpg?resize=100%2C100&amp;ssl=1 100w, https:\/\/i0.wp.com\/itayachtscanada.com\/wp-content\/uploads\/2026\/01\/Capture-decran-le-2026-01-21-a-16.30.24.jpg?resize=50%2C50&amp;ssl=1 50w, https:\/\/i0.wp.com\/itayachtscanada.com\/wp-content\/uploads\/2026\/01\/Capture-decran-le-2026-01-21-a-16.30.24.jpg?zoom=2&amp;resize=150%2C150&amp;ssl=1 300w, https:\/\/i0.wp.com\/itayachtscanada.com\/wp-content\/uploads\/2026\/01\/Capture-decran-le-2026-01-21-a-16.30.24.jpg?zoom=3&amp;resize=150%2C150&amp;ssl=1 450w\" sizes=\"auto, (max-width: 150px) 100vw, 150px\" data-attachment-id=\"298637\" data-permalink=\"https:\/\/itayachtscanada.com\/fr\/the-2026-motorboat-awards-at-the-dusseldorf-boat-show\/capture-decran-le-2026-01-21-a-16-30-24\/\" data-orig-file=\"https:\/\/i0.wp.com\/itayachtscanada.com\/wp-content\/uploads\/2026\/01\/Capture-decran-le-2026-01-21-a-16.30.24.jpg?fit=1880%2C1188&amp;ssl=1\" data-orig-size=\"1880,1188\" data-comments-opened=\"1\" data-image-meta=\"{&quot;aperture&quot;:&quot;0&quot;,&quot;credit&quot;:&quot;&quot;,&quot;camera&quot;:&quot;&quot;,&quot;caption&quot;:&quot;&quot;,&quot;created_timestamp&quot;:&quot;0&quot;,&quot;copyright&quot;:&quot;&quot;,&quot;focal_length&quot;:&quot;0&quot;,&quot;iso&quot;:&quot;0&quot;,&quot;shutter_speed&quot;:&quot;0&quot;,&quot;title&quot;:&quot;&quot;,&quot;orientation&quot;:&quot;0&quot;}\" data-image-title=\"Capture d\u2019e\u0301cran, le 2026-01-21 a\u0300 16.30.24\" data-image-description=\"\" data-image-caption=\"\" data-large-file=\"https:\/\/i0.wp.com\/itayachtscanada.com\/wp-content\/uploads\/2026\/01\/Capture-decran-le-2026-01-21-a-16.30.24.jpg?fit=700%2C442&amp;ssl=1\" \/><\/a>\n\t\t\t<\/div><\/figure><figure class='gallery-item'>\n\t\t\t<div class='gallery-icon landscape'>\n\t\t\t\t<a href='https:\/\/itayachtscanada.com\/fr\/the-2026-motorboat-awards-at-the-dusseldorf-boat-show\/capture-decran-le-2026-01-21-a-16-30-28\/'><img loading=\"lazy\" decoding=\"async\" width=\"150\" height=\"150\" src=\"https:\/\/i0.wp.com\/itayachtscanada.com\/wp-content\/uploads\/2026\/01\/Capture-decran-le-2026-01-21-a-16.30.28.jpg?resize=150%2C150&amp;ssl=1\" class=\"attachment-thumbnail size-thumbnail\" alt=\"\" srcset=\"https:\/\/i0.wp.com\/itayachtscanada.com\/wp-content\/uploads\/2026\/01\/Capture-decran-le-2026-01-21-a-16.30.28.jpg?resize=150%2C150&amp;ssl=1 150w, https:\/\/i0.wp.com\/itayachtscanada.com\/wp-content\/uploads\/2026\/01\/Capture-decran-le-2026-01-21-a-16.30.28.jpg?resize=60%2C60&amp;ssl=1 60w, https:\/\/i0.wp.com\/itayachtscanada.com\/wp-content\/uploads\/2026\/01\/Capture-decran-le-2026-01-21-a-16.30.28.jpg?resize=80%2C80&amp;ssl=1 80w, https:\/\/i0.wp.com\/itayachtscanada.com\/wp-content\/uploads\/2026\/01\/Capture-decran-le-2026-01-21-a-16.30.28.jpg?resize=100%2C100&amp;ssl=1 100w, https:\/\/i0.wp.com\/itayachtscanada.com\/wp-content\/uploads\/2026\/01\/Capture-decran-le-2026-01-21-a-16.30.28.jpg?resize=50%2C50&amp;ssl=1 50w, https:\/\/i0.wp.com\/itayachtscanada.com\/wp-content\/uploads\/2026\/01\/Capture-decran-le-2026-01-21-a-16.30.28.jpg?zoom=2&amp;resize=150%2C150&amp;ssl=1 300w, https:\/\/i0.wp.com\/itayachtscanada.com\/wp-content\/uploads\/2026\/01\/Capture-decran-le-2026-01-21-a-16.30.28.jpg?zoom=3&amp;resize=150%2C150&amp;ssl=1 450w\" sizes=\"auto, (max-width: 150px) 100vw, 150px\" data-attachment-id=\"298638\" data-permalink=\"https:\/\/itayachtscanada.com\/fr\/the-2026-motorboat-awards-at-the-dusseldorf-boat-show\/capture-decran-le-2026-01-21-a-16-30-28\/\" data-orig-file=\"https:\/\/i0.wp.com\/itayachtscanada.com\/wp-content\/uploads\/2026\/01\/Capture-decran-le-2026-01-21-a-16.30.28.jpg?fit=1880%2C1188&amp;ssl=1\" data-orig-size=\"1880,1188\" data-comments-opened=\"1\" data-image-meta=\"{&quot;aperture&quot;:&quot;0&quot;,&quot;credit&quot;:&quot;&quot;,&quot;camera&quot;:&quot;&quot;,&quot;caption&quot;:&quot;&quot;,&quot;created_timestamp&quot;:&quot;0&quot;,&quot;copyright&quot;:&quot;&quot;,&quot;focal_length&quot;:&quot;0&quot;,&quot;iso&quot;:&quot;0&quot;,&quot;shutter_speed&quot;:&quot;0&quot;,&quot;title&quot;:&quot;&quot;,&quot;orientation&quot;:&quot;0&quot;}\" data-image-title=\"Capture d\u2019e\u0301cran, le 2026-01-21 a\u0300 16.30.28\" data-image-description=\"\" data-image-caption=\"\" data-large-file=\"https:\/\/i0.wp.com\/itayachtscanada.com\/wp-content\/uploads\/2026\/01\/Capture-decran-le-2026-01-21-a-16.30.28.jpg?fit=700%2C442&amp;ssl=1\" \/><\/a>\n\t\t\t<\/div><\/figure><figure class='gallery-item'>\n\t\t\t<div class='gallery-icon landscape'>\n\t\t\t\t<a href='https:\/\/itayachtscanada.com\/fr\/the-2026-motorboat-awards-at-the-dusseldorf-boat-show\/capture-decran-le-2026-01-21-a-16-30-32\/'><img loading=\"lazy\" decoding=\"async\" width=\"150\" height=\"150\" src=\"https:\/\/i0.wp.com\/itayachtscanada.com\/wp-content\/uploads\/2026\/01\/Capture-decran-le-2026-01-21-a-16.30.32.jpg?resize=150%2C150&amp;ssl=1\" class=\"attachment-thumbnail size-thumbnail\" alt=\"\" srcset=\"https:\/\/i0.wp.com\/itayachtscanada.com\/wp-content\/uploads\/2026\/01\/Capture-decran-le-2026-01-21-a-16.30.32.jpg?resize=150%2C150&amp;ssl=1 150w, https:\/\/i0.wp.com\/itayachtscanada.com\/wp-content\/uploads\/2026\/01\/Capture-decran-le-2026-01-21-a-16.30.32.jpg?resize=60%2C60&amp;ssl=1 60w, https:\/\/i0.wp.com\/itayachtscanada.com\/wp-content\/uploads\/2026\/01\/Capture-decran-le-2026-01-21-a-16.30.32.jpg?resize=80%2C80&amp;ssl=1 80w, https:\/\/i0.wp.com\/itayachtscanada.com\/wp-content\/uploads\/2026\/01\/Capture-decran-le-2026-01-21-a-16.30.32.jpg?resize=100%2C100&amp;ssl=1 100w, https:\/\/i0.wp.com\/itayachtscanada.com\/wp-content\/uploads\/2026\/01\/Capture-decran-le-2026-01-21-a-16.30.32.jpg?resize=50%2C50&amp;ssl=1 50w, https:\/\/i0.wp.com\/itayachtscanada.com\/wp-content\/uploads\/2026\/01\/Capture-decran-le-2026-01-21-a-16.30.32.jpg?zoom=2&amp;resize=150%2C150&amp;ssl=1 300w, https:\/\/i0.wp.com\/itayachtscanada.com\/wp-content\/uploads\/2026\/01\/Capture-decran-le-2026-01-21-a-16.30.32.jpg?zoom=3&amp;resize=150%2C150&amp;ssl=1 450w\" sizes=\"auto, (max-width: 150px) 100vw, 150px\" data-attachment-id=\"298639\" data-permalink=\"https:\/\/itayachtscanada.com\/fr\/the-2026-motorboat-awards-at-the-dusseldorf-boat-show\/capture-decran-le-2026-01-21-a-16-30-32\/\" data-orig-file=\"https:\/\/i0.wp.com\/itayachtscanada.com\/wp-content\/uploads\/2026\/01\/Capture-decran-le-2026-01-21-a-16.30.32.jpg?fit=1880%2C1188&amp;ssl=1\" data-orig-size=\"1880,1188\" data-comments-opened=\"1\" data-image-meta=\"{&quot;aperture&quot;:&quot;0&quot;,&quot;credit&quot;:&quot;&quot;,&quot;camera&quot;:&quot;&quot;,&quot;caption&quot;:&quot;&quot;,&quot;created_timestamp&quot;:&quot;0&quot;,&quot;copyright&quot;:&quot;&quot;,&quot;focal_length&quot;:&quot;0&quot;,&quot;iso&quot;:&quot;0&quot;,&quot;shutter_speed&quot;:&quot;0&quot;,&quot;title&quot;:&quot;&quot;,&quot;orientation&quot;:&quot;0&quot;}\" data-image-title=\"Capture d\u2019e\u0301cran, le 2026-01-21 a\u0300 16.30.32\" data-image-description=\"\" data-image-caption=\"\" data-large-file=\"https:\/\/i0.wp.com\/itayachtscanada.com\/wp-content\/uploads\/2026\/01\/Capture-decran-le-2026-01-21-a-16.30.32.jpg?fit=700%2C442&amp;ssl=1\" \/><\/a>\n\t\t\t<\/div><\/figure><figure class='gallery-item'>\n\t\t\t<div class='gallery-icon landscape'>\n\t\t\t\t<a href='https:\/\/itayachtscanada.com\/fr\/the-2026-motorboat-awards-at-the-dusseldorf-boat-show\/capture-decran-le-2026-01-21-a-16-30-36\/'><img loading=\"lazy\" decoding=\"async\" width=\"150\" height=\"150\" src=\"https:\/\/i0.wp.com\/itayachtscanada.com\/wp-content\/uploads\/2026\/01\/Capture-decran-le-2026-01-21-a-16.30.36.jpg?resize=150%2C150&amp;ssl=1\" class=\"attachment-thumbnail size-thumbnail\" alt=\"\" srcset=\"https:\/\/i0.wp.com\/itayachtscanada.com\/wp-content\/uploads\/2026\/01\/Capture-decran-le-2026-01-21-a-16.30.36.jpg?resize=150%2C150&amp;ssl=1 150w, https:\/\/i0.wp.com\/itayachtscanada.com\/wp-content\/uploads\/2026\/01\/Capture-decran-le-2026-01-21-a-16.30.36.jpg?resize=60%2C60&amp;ssl=1 60w, https:\/\/i0.wp.com\/itayachtscanada.com\/wp-content\/uploads\/2026\/01\/Capture-decran-le-2026-01-21-a-16.30.36.jpg?resize=80%2C80&amp;ssl=1 80w, https:\/\/i0.wp.com\/itayachtscanada.com\/wp-content\/uploads\/2026\/01\/Capture-decran-le-2026-01-21-a-16.30.36.jpg?resize=100%2C100&amp;ssl=1 100w, https:\/\/i0.wp.com\/itayachtscanada.com\/wp-content\/uploads\/2026\/01\/Capture-decran-le-2026-01-21-a-16.30.36.jpg?resize=50%2C50&amp;ssl=1 50w, https:\/\/i0.wp.com\/itayachtscanada.com\/wp-content\/uploads\/2026\/01\/Capture-decran-le-2026-01-21-a-16.30.36.jpg?zoom=2&amp;resize=150%2C150&amp;ssl=1 300w, https:\/\/i0.wp.com\/itayachtscanada.com\/wp-content\/uploads\/2026\/01\/Capture-decran-le-2026-01-21-a-16.30.36.jpg?zoom=3&amp;resize=150%2C150&amp;ssl=1 450w\" sizes=\"auto, (max-width: 150px) 100vw, 150px\" data-attachment-id=\"298640\" data-permalink=\"https:\/\/itayachtscanada.com\/fr\/the-2026-motorboat-awards-at-the-dusseldorf-boat-show\/capture-decran-le-2026-01-21-a-16-30-36\/\" data-orig-file=\"https:\/\/i0.wp.com\/itayachtscanada.com\/wp-content\/uploads\/2026\/01\/Capture-decran-le-2026-01-21-a-16.30.36.jpg?fit=1880%2C1188&amp;ssl=1\" data-orig-size=\"1880,1188\" data-comments-opened=\"1\" data-image-meta=\"{&quot;aperture&quot;:&quot;0&quot;,&quot;credit&quot;:&quot;&quot;,&quot;camera&quot;:&quot;&quot;,&quot;caption&quot;:&quot;&quot;,&quot;created_timestamp&quot;:&quot;0&quot;,&quot;copyright&quot;:&quot;&quot;,&quot;focal_length&quot;:&quot;0&quot;,&quot;iso&quot;:&quot;0&quot;,&quot;shutter_speed&quot;:&quot;0&quot;,&quot;title&quot;:&quot;&quot;,&quot;orientation&quot;:&quot;0&quot;}\" data-image-title=\"Capture d\u2019e\u0301cran, le 2026-01-21 a\u0300 16.30.36\" data-image-description=\"\" data-image-caption=\"\" data-large-file=\"https:\/\/i0.wp.com\/itayachtscanada.com\/wp-content\/uploads\/2026\/01\/Capture-decran-le-2026-01-21-a-16.30.36.jpg?fit=700%2C442&amp;ssl=1\" \/><\/a>\n\t\t\t<\/div><\/figure><figure class='gallery-item'>\n\t\t\t<div class='gallery-icon landscape'>\n\t\t\t\t<a href='https:\/\/itayachtscanada.com\/fr\/the-2026-motorboat-awards-at-the-dusseldorf-boat-show\/capture-decran-le-2026-01-21-a-16-30-41\/'><img loading=\"lazy\" decoding=\"async\" width=\"150\" height=\"150\" src=\"https:\/\/i0.wp.com\/itayachtscanada.com\/wp-content\/uploads\/2026\/01\/Capture-decran-le-2026-01-21-a-16.30.41.jpg?resize=150%2C150&amp;ssl=1\" class=\"attachment-thumbnail size-thumbnail\" alt=\"\" srcset=\"https:\/\/i0.wp.com\/itayachtscanada.com\/wp-content\/uploads\/2026\/01\/Capture-decran-le-2026-01-21-a-16.30.41.jpg?resize=150%2C150&amp;ssl=1 150w, https:\/\/i0.wp.com\/itayachtscanada.com\/wp-content\/uploads\/2026\/01\/Capture-decran-le-2026-01-21-a-16.30.41.jpg?resize=60%2C60&amp;ssl=1 60w, https:\/\/i0.wp.com\/itayachtscanada.com\/wp-content\/uploads\/2026\/01\/Capture-decran-le-2026-01-21-a-16.30.41.jpg?resize=80%2C80&amp;ssl=1 80w, https:\/\/i0.wp.com\/itayachtscanada.com\/wp-content\/uploads\/2026\/01\/Capture-decran-le-2026-01-21-a-16.30.41.jpg?resize=100%2C100&amp;ssl=1 100w, https:\/\/i0.wp.com\/itayachtscanada.com\/wp-content\/uploads\/2026\/01\/Capture-decran-le-2026-01-21-a-16.30.41.jpg?resize=50%2C50&amp;ssl=1 50w, https:\/\/i0.wp.com\/itayachtscanada.com\/wp-content\/uploads\/2026\/01\/Capture-decran-le-2026-01-21-a-16.30.41.jpg?zoom=2&amp;resize=150%2C150&amp;ssl=1 300w, https:\/\/i0.wp.com\/itayachtscanada.com\/wp-content\/uploads\/2026\/01\/Capture-decran-le-2026-01-21-a-16.30.41.jpg?zoom=3&amp;resize=150%2C150&amp;ssl=1 450w\" sizes=\"auto, (max-width: 150px) 100vw, 150px\" data-attachment-id=\"298641\" data-permalink=\"https:\/\/itayachtscanada.com\/fr\/the-2026-motorboat-awards-at-the-dusseldorf-boat-show\/capture-decran-le-2026-01-21-a-16-30-41\/\" data-orig-file=\"https:\/\/i0.wp.com\/itayachtscanada.com\/wp-content\/uploads\/2026\/01\/Capture-decran-le-2026-01-21-a-16.30.41.jpg?fit=1880%2C1188&amp;ssl=1\" data-orig-size=\"1880,1188\" data-comments-opened=\"1\" data-image-meta=\"{&quot;aperture&quot;:&quot;0&quot;,&quot;credit&quot;:&quot;&quot;,&quot;camera&quot;:&quot;&quot;,&quot;caption&quot;:&quot;&quot;,&quot;created_timestamp&quot;:&quot;0&quot;,&quot;copyright&quot;:&quot;&quot;,&quot;focal_length&quot;:&quot;0&quot;,&quot;iso&quot;:&quot;0&quot;,&quot;shutter_speed&quot;:&quot;0&quot;,&quot;title&quot;:&quot;&quot;,&quot;orientation&quot;:&quot;0&quot;}\" data-image-title=\"Capture d\u2019e\u0301cran, le 2026-01-21 a\u0300 16.30.41\" data-image-description=\"\" data-image-caption=\"\" data-large-file=\"https:\/\/i0.wp.com\/itayachtscanada.com\/wp-content\/uploads\/2026\/01\/Capture-decran-le-2026-01-21-a-16.30.41.jpg?fit=700%2C442&amp;ssl=1\" \/><\/a>\n\t\t\t<\/div><\/figure><figure class='gallery-item'>\n\t\t\t<div class='gallery-icon landscape'>\n\t\t\t\t<a href='https:\/\/itayachtscanada.com\/fr\/the-2026-motorboat-awards-at-the-dusseldorf-boat-show\/capture-decran-le-2026-01-21-a-16-30-45\/'><img loading=\"lazy\" decoding=\"async\" width=\"150\" height=\"150\" src=\"https:\/\/i0.wp.com\/itayachtscanada.com\/wp-content\/uploads\/2026\/01\/Capture-decran-le-2026-01-21-a-16.30.45.jpg?resize=150%2C150&amp;ssl=1\" class=\"attachment-thumbnail size-thumbnail\" alt=\"\" srcset=\"https:\/\/i0.wp.com\/itayachtscanada.com\/wp-content\/uploads\/2026\/01\/Capture-decran-le-2026-01-21-a-16.30.45.jpg?resize=150%2C150&amp;ssl=1 150w, https:\/\/i0.wp.com\/itayachtscanada.com\/wp-content\/uploads\/2026\/01\/Capture-decran-le-2026-01-21-a-16.30.45.jpg?resize=60%2C60&amp;ssl=1 60w, https:\/\/i0.wp.com\/itayachtscanada.com\/wp-content\/uploads\/2026\/01\/Capture-decran-le-2026-01-21-a-16.30.45.jpg?resize=80%2C80&amp;ssl=1 80w, https:\/\/i0.wp.com\/itayachtscanada.com\/wp-content\/uploads\/2026\/01\/Capture-decran-le-2026-01-21-a-16.30.45.jpg?resize=100%2C100&amp;ssl=1 100w, https:\/\/i0.wp.com\/itayachtscanada.com\/wp-content\/uploads\/2026\/01\/Capture-decran-le-2026-01-21-a-16.30.45.jpg?resize=50%2C50&amp;ssl=1 50w, https:\/\/i0.wp.com\/itayachtscanada.com\/wp-content\/uploads\/2026\/01\/Capture-decran-le-2026-01-21-a-16.30.45.jpg?zoom=2&amp;resize=150%2C150&amp;ssl=1 300w, https:\/\/i0.wp.com\/itayachtscanada.com\/wp-content\/uploads\/2026\/01\/Capture-decran-le-2026-01-21-a-16.30.45.jpg?zoom=3&amp;resize=150%2C150&amp;ssl=1 450w\" sizes=\"auto, (max-width: 150px) 100vw, 150px\" data-attachment-id=\"298642\" data-permalink=\"https:\/\/itayachtscanada.com\/fr\/the-2026-motorboat-awards-at-the-dusseldorf-boat-show\/capture-decran-le-2026-01-21-a-16-30-45\/\" data-orig-file=\"https:\/\/i0.wp.com\/itayachtscanada.com\/wp-content\/uploads\/2026\/01\/Capture-decran-le-2026-01-21-a-16.30.45.jpg?fit=1880%2C1188&amp;ssl=1\" data-orig-size=\"1880,1188\" data-comments-opened=\"1\" data-image-meta=\"{&quot;aperture&quot;:&quot;0&quot;,&quot;credit&quot;:&quot;&quot;,&quot;camera&quot;:&quot;&quot;,&quot;caption&quot;:&quot;&quot;,&quot;created_timestamp&quot;:&quot;0&quot;,&quot;copyright&quot;:&quot;&quot;,&quot;focal_length&quot;:&quot;0&quot;,&quot;iso&quot;:&quot;0&quot;,&quot;shutter_speed&quot;:&quot;0&quot;,&quot;title&quot;:&quot;&quot;,&quot;orientation&quot;:&quot;0&quot;}\" data-image-title=\"Capture d\u2019e\u0301cran, le 2026-01-21 a\u0300 16.30.45\" data-image-description=\"\" data-image-caption=\"\" data-large-file=\"https:\/\/i0.wp.com\/itayachtscanada.com\/wp-content\/uploads\/2026\/01\/Capture-decran-le-2026-01-21-a-16.30.45.jpg?fit=700%2C442&amp;ssl=1\" \/><\/a>\n\t\t\t<\/div><\/figure><figure class='gallery-item'>\n\t\t\t<div class='gallery-icon landscape'>\n\t\t\t\t<a href='https:\/\/itayachtscanada.com\/fr\/the-2026-motorboat-awards-at-the-dusseldorf-boat-show\/capture-decran-le-2026-01-21-a-16-30-58\/'><img loading=\"lazy\" decoding=\"async\" width=\"150\" height=\"150\" src=\"https:\/\/i0.wp.com\/itayachtscanada.com\/wp-content\/uploads\/2026\/01\/Capture-decran-le-2026-01-21-a-16.30.58.jpg?resize=150%2C150&amp;ssl=1\" class=\"attachment-thumbnail size-thumbnail\" alt=\"\" srcset=\"https:\/\/i0.wp.com\/itayachtscanada.com\/wp-content\/uploads\/2026\/01\/Capture-decran-le-2026-01-21-a-16.30.58.jpg?resize=150%2C150&amp;ssl=1 150w, https:\/\/i0.wp.com\/itayachtscanada.com\/wp-content\/uploads\/2026\/01\/Capture-decran-le-2026-01-21-a-16.30.58.jpg?resize=60%2C60&amp;ssl=1 60w, https:\/\/i0.wp.com\/itayachtscanada.com\/wp-content\/uploads\/2026\/01\/Capture-decran-le-2026-01-21-a-16.30.58.jpg?resize=80%2C80&amp;ssl=1 80w, https:\/\/i0.wp.com\/itayachtscanada.com\/wp-content\/uploads\/2026\/01\/Capture-decran-le-2026-01-21-a-16.30.58.jpg?resize=100%2C100&amp;ssl=1 100w, https:\/\/i0.wp.com\/itayachtscanada.com\/wp-content\/uploads\/2026\/01\/Capture-decran-le-2026-01-21-a-16.30.58.jpg?resize=50%2C50&amp;ssl=1 50w, https:\/\/i0.wp.com\/itayachtscanada.com\/wp-content\/uploads\/2026\/01\/Capture-decran-le-2026-01-21-a-16.30.58.jpg?zoom=2&amp;resize=150%2C150&amp;ssl=1 300w, https:\/\/i0.wp.com\/itayachtscanada.com\/wp-content\/uploads\/2026\/01\/Capture-decran-le-2026-01-21-a-16.30.58.jpg?zoom=3&amp;resize=150%2C150&amp;ssl=1 450w\" sizes=\"auto, (max-width: 150px) 100vw, 150px\" data-attachment-id=\"298643\" data-permalink=\"https:\/\/itayachtscanada.com\/fr\/the-2026-motorboat-awards-at-the-dusseldorf-boat-show\/capture-decran-le-2026-01-21-a-16-30-58\/\" data-orig-file=\"https:\/\/i0.wp.com\/itayachtscanada.com\/wp-content\/uploads\/2026\/01\/Capture-decran-le-2026-01-21-a-16.30.58.jpg?fit=1886%2C1188&amp;ssl=1\" data-orig-size=\"1886,1188\" data-comments-opened=\"1\" data-image-meta=\"{&quot;aperture&quot;:&quot;0&quot;,&quot;credit&quot;:&quot;&quot;,&quot;camera&quot;:&quot;&quot;,&quot;caption&quot;:&quot;&quot;,&quot;created_timestamp&quot;:&quot;0&quot;,&quot;copyright&quot;:&quot;&quot;,&quot;focal_length&quot;:&quot;0&quot;,&quot;iso&quot;:&quot;0&quot;,&quot;shutter_speed&quot;:&quot;0&quot;,&quot;title&quot;:&quot;&quot;,&quot;orientation&quot;:&quot;0&quot;}\" data-image-title=\"Capture d\u2019e\u0301cran, le 2026-01-21 a\u0300 16.30.58\" data-image-description=\"\" data-image-caption=\"\" data-large-file=\"https:\/\/i0.wp.com\/itayachtscanada.com\/wp-content\/uploads\/2026\/01\/Capture-decran-le-2026-01-21-a-16.30.58.jpg?fit=700%2C441&amp;ssl=1\" \/><\/a>\n\t\t\t<\/div><\/figure><figure class='gallery-item'>\n\t\t\t<div class='gallery-icon landscape'>\n\t\t\t\t<a href='https:\/\/itayachtscanada.com\/fr\/the-2026-motorboat-awards-at-the-dusseldorf-boat-show\/capture-decran-le-2026-01-21-a-16-31-11\/'><img loading=\"lazy\" decoding=\"async\" width=\"150\" height=\"150\" src=\"https:\/\/i0.wp.com\/itayachtscanada.com\/wp-content\/uploads\/2026\/01\/Capture-decran-le-2026-01-21-a-16.31.11.jpg?resize=150%2C150&amp;ssl=1\" class=\"attachment-thumbnail size-thumbnail\" alt=\"\" srcset=\"https:\/\/i0.wp.com\/itayachtscanada.com\/wp-content\/uploads\/2026\/01\/Capture-decran-le-2026-01-21-a-16.31.11.jpg?resize=150%2C150&amp;ssl=1 150w, https:\/\/i0.wp.com\/itayachtscanada.com\/wp-content\/uploads\/2026\/01\/Capture-decran-le-2026-01-21-a-16.31.11.jpg?resize=60%2C60&amp;ssl=1 60w, https:\/\/i0.wp.com\/itayachtscanada.com\/wp-content\/uploads\/2026\/01\/Capture-decran-le-2026-01-21-a-16.31.11.jpg?resize=80%2C80&amp;ssl=1 80w, https:\/\/i0.wp.com\/itayachtscanada.com\/wp-content\/uploads\/2026\/01\/Capture-decran-le-2026-01-21-a-16.31.11.jpg?resize=100%2C100&amp;ssl=1 100w, https:\/\/i0.wp.com\/itayachtscanada.com\/wp-content\/uploads\/2026\/01\/Capture-decran-le-2026-01-21-a-16.31.11.jpg?resize=50%2C50&amp;ssl=1 50w, https:\/\/i0.wp.com\/itayachtscanada.com\/wp-content\/uploads\/2026\/01\/Capture-decran-le-2026-01-21-a-16.31.11.jpg?zoom=2&amp;resize=150%2C150&amp;ssl=1 300w, https:\/\/i0.wp.com\/itayachtscanada.com\/wp-content\/uploads\/2026\/01\/Capture-decran-le-2026-01-21-a-16.31.11.jpg?zoom=3&amp;resize=150%2C150&amp;ssl=1 450w\" sizes=\"auto, (max-width: 150px) 100vw, 150px\" data-attachment-id=\"298644\" data-permalink=\"https:\/\/itayachtscanada.com\/fr\/the-2026-motorboat-awards-at-the-dusseldorf-boat-show\/capture-decran-le-2026-01-21-a-16-31-11\/\" data-orig-file=\"https:\/\/i0.wp.com\/itayachtscanada.com\/wp-content\/uploads\/2026\/01\/Capture-decran-le-2026-01-21-a-16.31.11.jpg?fit=1886%2C1188&amp;ssl=1\" data-orig-size=\"1886,1188\" data-comments-opened=\"1\" data-image-meta=\"{&quot;aperture&quot;:&quot;0&quot;,&quot;credit&quot;:&quot;&quot;,&quot;camera&quot;:&quot;&quot;,&quot;caption&quot;:&quot;&quot;,&quot;created_timestamp&quot;:&quot;0&quot;,&quot;copyright&quot;:&quot;&quot;,&quot;focal_length&quot;:&quot;0&quot;,&quot;iso&quot;:&quot;0&quot;,&quot;shutter_speed&quot;:&quot;0&quot;,&quot;title&quot;:&quot;&quot;,&quot;orientation&quot;:&quot;0&quot;}\" data-image-title=\"Capture d\u2019e\u0301cran, le 2026-01-21 a\u0300 16.31.11\" data-image-description=\"\" data-image-caption=\"\" data-large-file=\"https:\/\/i0.wp.com\/itayachtscanada.com\/wp-content\/uploads\/2026\/01\/Capture-decran-le-2026-01-21-a-16.31.11.jpg?fit=700%2C441&amp;ssl=1\" \/><\/a>\n\t\t\t<\/div><\/figure><figure class='gallery-item'>\n\t\t\t<div class='gallery-icon landscape'>\n\t\t\t\t<a href='https:\/\/itayachtscanada.com\/fr\/the-2026-motorboat-awards-at-the-dusseldorf-boat-show\/capture-decran-le-2026-01-21-a-16-31-14\/'><img loading=\"lazy\" decoding=\"async\" width=\"150\" height=\"150\" src=\"https:\/\/i0.wp.com\/itayachtscanada.com\/wp-content\/uploads\/2026\/01\/Capture-decran-le-2026-01-21-a-16.31.14.jpg?resize=150%2C150&amp;ssl=1\" class=\"attachment-thumbnail size-thumbnail\" alt=\"\" srcset=\"https:\/\/i0.wp.com\/itayachtscanada.com\/wp-content\/uploads\/2026\/01\/Capture-decran-le-2026-01-21-a-16.31.14.jpg?resize=150%2C150&amp;ssl=1 150w, https:\/\/i0.wp.com\/itayachtscanada.com\/wp-content\/uploads\/2026\/01\/Capture-decran-le-2026-01-21-a-16.31.14.jpg?resize=60%2C60&amp;ssl=1 60w, https:\/\/i0.wp.com\/itayachtscanada.com\/wp-content\/uploads\/2026\/01\/Capture-decran-le-2026-01-21-a-16.31.14.jpg?resize=80%2C80&amp;ssl=1 80w, https:\/\/i0.wp.com\/itayachtscanada.com\/wp-content\/uploads\/2026\/01\/Capture-decran-le-2026-01-21-a-16.31.14.jpg?resize=100%2C100&amp;ssl=1 100w, https:\/\/i0.wp.com\/itayachtscanada.com\/wp-content\/uploads\/2026\/01\/Capture-decran-le-2026-01-21-a-16.31.14.jpg?resize=50%2C50&amp;ssl=1 50w, https:\/\/i0.wp.com\/itayachtscanada.com\/wp-content\/uploads\/2026\/01\/Capture-decran-le-2026-01-21-a-16.31.14.jpg?zoom=2&amp;resize=150%2C150&amp;ssl=1 300w, https:\/\/i0.wp.com\/itayachtscanada.com\/wp-content\/uploads\/2026\/01\/Capture-decran-le-2026-01-21-a-16.31.14.jpg?zoom=3&amp;resize=150%2C150&amp;ssl=1 450w\" sizes=\"auto, (max-width: 150px) 100vw, 150px\" data-attachment-id=\"298645\" data-permalink=\"https:\/\/itayachtscanada.com\/fr\/the-2026-motorboat-awards-at-the-dusseldorf-boat-show\/capture-decran-le-2026-01-21-a-16-31-14\/\" data-orig-file=\"https:\/\/i0.wp.com\/itayachtscanada.com\/wp-content\/uploads\/2026\/01\/Capture-decran-le-2026-01-21-a-16.31.14.jpg?fit=1886%2C1188&amp;ssl=1\" data-orig-size=\"1886,1188\" data-comments-opened=\"1\" data-image-meta=\"{&quot;aperture&quot;:&quot;0&quot;,&quot;credit&quot;:&quot;&quot;,&quot;camera&quot;:&quot;&quot;,&quot;caption&quot;:&quot;&quot;,&quot;created_timestamp&quot;:&quot;0&quot;,&quot;copyright&quot;:&quot;&quot;,&quot;focal_length&quot;:&quot;0&quot;,&quot;iso&quot;:&quot;0&quot;,&quot;shutter_speed&quot;:&quot;0&quot;,&quot;title&quot;:&quot;&quot;,&quot;orientation&quot;:&quot;0&quot;}\" data-image-title=\"Capture d\u2019e\u0301cran, le 2026-01-21 a\u0300 16.31.14\" data-image-description=\"\" data-image-caption=\"\" data-large-file=\"https:\/\/i0.wp.com\/itayachtscanada.com\/wp-content\/uploads\/2026\/01\/Capture-decran-le-2026-01-21-a-16.31.14.jpg?fit=700%2C441&amp;ssl=1\" \/><\/a>\n\t\t\t<\/div><\/figure><figure class='gallery-item'>\n\t\t\t<div class='gallery-icon portrait'>\n\t\t\t\t<a href='https:\/\/itayachtscanada.com\/fr\/the-2026-motorboat-awards-at-the-dusseldorf-boat-show\/capture-decran-le-2026-01-21-a-16-31-22\/'><img loading=\"lazy\" decoding=\"async\" width=\"150\" height=\"150\" src=\"https:\/\/i0.wp.com\/itayachtscanada.com\/wp-content\/uploads\/2026\/01\/Capture-decran-le-2026-01-21-a-16.31.22.jpg?resize=150%2C150&amp;ssl=1\" class=\"attachment-thumbnail size-thumbnail\" alt=\"\" srcset=\"https:\/\/i0.wp.com\/itayachtscanada.com\/wp-content\/uploads\/2026\/01\/Capture-decran-le-2026-01-21-a-16.31.22.jpg?resize=150%2C150&amp;ssl=1 150w, https:\/\/i0.wp.com\/itayachtscanada.com\/wp-content\/uploads\/2026\/01\/Capture-decran-le-2026-01-21-a-16.31.22.jpg?resize=60%2C60&amp;ssl=1 60w, https:\/\/i0.wp.com\/itayachtscanada.com\/wp-content\/uploads\/2026\/01\/Capture-decran-le-2026-01-21-a-16.31.22.jpg?resize=80%2C80&amp;ssl=1 80w, https:\/\/i0.wp.com\/itayachtscanada.com\/wp-content\/uploads\/2026\/01\/Capture-decran-le-2026-01-21-a-16.31.22.jpg?resize=100%2C100&amp;ssl=1 100w, https:\/\/i0.wp.com\/itayachtscanada.com\/wp-content\/uploads\/2026\/01\/Capture-decran-le-2026-01-21-a-16.31.22.jpg?resize=50%2C50&amp;ssl=1 50w, https:\/\/i0.wp.com\/itayachtscanada.com\/wp-content\/uploads\/2026\/01\/Capture-decran-le-2026-01-21-a-16.31.22.jpg?zoom=2&amp;resize=150%2C150&amp;ssl=1 300w, https:\/\/i0.wp.com\/itayachtscanada.com\/wp-content\/uploads\/2026\/01\/Capture-decran-le-2026-01-21-a-16.31.22.jpg?zoom=3&amp;resize=150%2C150&amp;ssl=1 450w\" sizes=\"auto, (max-width: 150px) 100vw, 150px\" data-attachment-id=\"298646\" data-permalink=\"https:\/\/itayachtscanada.com\/fr\/the-2026-motorboat-awards-at-the-dusseldorf-boat-show\/capture-decran-le-2026-01-21-a-16-31-22\/\" data-orig-file=\"https:\/\/i0.wp.com\/itayachtscanada.com\/wp-content\/uploads\/2026\/01\/Capture-decran-le-2026-01-21-a-16.31.22.jpg?fit=830%2C1188&amp;ssl=1\" data-orig-size=\"830,1188\" data-comments-opened=\"1\" data-image-meta=\"{&quot;aperture&quot;:&quot;0&quot;,&quot;credit&quot;:&quot;&quot;,&quot;camera&quot;:&quot;&quot;,&quot;caption&quot;:&quot;&quot;,&quot;created_timestamp&quot;:&quot;0&quot;,&quot;copyright&quot;:&quot;&quot;,&quot;focal_length&quot;:&quot;0&quot;,&quot;iso&quot;:&quot;0&quot;,&quot;shutter_speed&quot;:&quot;0&quot;,&quot;title&quot;:&quot;&quot;,&quot;orientation&quot;:&quot;0&quot;}\" data-image-title=\"Capture d\u2019e\u0301cran, le 2026-01-21 a\u0300 16.31.22\" data-image-description=\"\" data-image-caption=\"\" data-large-file=\"https:\/\/i0.wp.com\/itayachtscanada.com\/wp-content\/uploads\/2026\/01\/Capture-decran-le-2026-01-21-a-16.31.22.jpg?fit=700%2C1003&amp;ssl=1\" \/><\/a>\n\t\t\t<\/div><\/figure><figure class='gallery-item'>\n\t\t\t<div class='gallery-icon landscape'>\n\t\t\t\t<a href='https:\/\/itayachtscanada.com\/fr\/the-2026-motorboat-awards-at-the-dusseldorf-boat-show\/capture-decran-le-2026-01-21-a-16-31-31\/'><img loading=\"lazy\" decoding=\"async\" width=\"150\" height=\"150\" src=\"https:\/\/i0.wp.com\/itayachtscanada.com\/wp-content\/uploads\/2026\/01\/Capture-decran-le-2026-01-21-a-16.31.31.jpg?resize=150%2C150&amp;ssl=1\" class=\"attachment-thumbnail size-thumbnail\" alt=\"\" srcset=\"https:\/\/i0.wp.com\/itayachtscanada.com\/wp-content\/uploads\/2026\/01\/Capture-decran-le-2026-01-21-a-16.31.31.jpg?resize=150%2C150&amp;ssl=1 150w, https:\/\/i0.wp.com\/itayachtscanada.com\/wp-content\/uploads\/2026\/01\/Capture-decran-le-2026-01-21-a-16.31.31.jpg?resize=60%2C60&amp;ssl=1 60w, https:\/\/i0.wp.com\/itayachtscanada.com\/wp-content\/uploads\/2026\/01\/Capture-decran-le-2026-01-21-a-16.31.31.jpg?resize=80%2C80&amp;ssl=1 80w, https:\/\/i0.wp.com\/itayachtscanada.com\/wp-content\/uploads\/2026\/01\/Capture-decran-le-2026-01-21-a-16.31.31.jpg?resize=100%2C100&amp;ssl=1 100w, https:\/\/i0.wp.com\/itayachtscanada.com\/wp-content\/uploads\/2026\/01\/Capture-decran-le-2026-01-21-a-16.31.31.jpg?resize=50%2C50&amp;ssl=1 50w, https:\/\/i0.wp.com\/itayachtscanada.com\/wp-content\/uploads\/2026\/01\/Capture-decran-le-2026-01-21-a-16.31.31.jpg?zoom=2&amp;resize=150%2C150&amp;ssl=1 300w, https:\/\/i0.wp.com\/itayachtscanada.com\/wp-content\/uploads\/2026\/01\/Capture-decran-le-2026-01-21-a-16.31.31.jpg?zoom=3&amp;resize=150%2C150&amp;ssl=1 450w\" sizes=\"auto, (max-width: 150px) 100vw, 150px\" data-attachment-id=\"298647\" data-permalink=\"https:\/\/itayachtscanada.com\/fr\/the-2026-motorboat-awards-at-the-dusseldorf-boat-show\/capture-decran-le-2026-01-21-a-16-31-31\/\" data-orig-file=\"https:\/\/i0.wp.com\/itayachtscanada.com\/wp-content\/uploads\/2026\/01\/Capture-decran-le-2026-01-21-a-16.31.31.jpg?fit=1878%2C1188&amp;ssl=1\" data-orig-size=\"1878,1188\" data-comments-opened=\"1\" data-image-meta=\"{&quot;aperture&quot;:&quot;0&quot;,&quot;credit&quot;:&quot;&quot;,&quot;camera&quot;:&quot;&quot;,&quot;caption&quot;:&quot;&quot;,&quot;created_timestamp&quot;:&quot;0&quot;,&quot;copyright&quot;:&quot;&quot;,&quot;focal_length&quot;:&quot;0&quot;,&quot;iso&quot;:&quot;0&quot;,&quot;shutter_speed&quot;:&quot;0&quot;,&quot;title&quot;:&quot;&quot;,&quot;orientation&quot;:&quot;0&quot;}\" data-image-title=\"Capture d\u2019e\u0301cran, le 2026-01-21 a\u0300 16.31.31\" data-image-description=\"\" data-image-caption=\"\" data-large-file=\"https:\/\/i0.wp.com\/itayachtscanada.com\/wp-content\/uploads\/2026\/01\/Capture-decran-le-2026-01-21-a-16.31.31.jpg?fit=700%2C443&amp;ssl=1\" \/><\/a>\n\t\t\t<\/div><\/figure><figure class='gallery-item'>\n\t\t\t<div class='gallery-icon portrait'>\n\t\t\t\t<a href='https:\/\/itayachtscanada.com\/fr\/the-2026-motorboat-awards-at-the-dusseldorf-boat-show\/capture-decran-le-2026-01-21-a-16-31-41\/'><img loading=\"lazy\" decoding=\"async\" width=\"150\" height=\"150\" src=\"https:\/\/i0.wp.com\/itayachtscanada.com\/wp-content\/uploads\/2026\/01\/Capture-decran-le-2026-01-21-a-16.31.41.jpg?resize=150%2C150&amp;ssl=1\" class=\"attachment-thumbnail size-thumbnail\" alt=\"\" srcset=\"https:\/\/i0.wp.com\/itayachtscanada.com\/wp-content\/uploads\/2026\/01\/Capture-decran-le-2026-01-21-a-16.31.41.jpg?resize=150%2C150&amp;ssl=1 150w, https:\/\/i0.wp.com\/itayachtscanada.com\/wp-content\/uploads\/2026\/01\/Capture-decran-le-2026-01-21-a-16.31.41.jpg?resize=60%2C60&amp;ssl=1 60w, https:\/\/i0.wp.com\/itayachtscanada.com\/wp-content\/uploads\/2026\/01\/Capture-decran-le-2026-01-21-a-16.31.41.jpg?resize=80%2C80&amp;ssl=1 80w, https:\/\/i0.wp.com\/itayachtscanada.com\/wp-content\/uploads\/2026\/01\/Capture-decran-le-2026-01-21-a-16.31.41.jpg?resize=100%2C100&amp;ssl=1 100w, https:\/\/i0.wp.com\/itayachtscanada.com\/wp-content\/uploads\/2026\/01\/Capture-decran-le-2026-01-21-a-16.31.41.jpg?resize=50%2C50&amp;ssl=1 50w, https:\/\/i0.wp.com\/itayachtscanada.com\/wp-content\/uploads\/2026\/01\/Capture-decran-le-2026-01-21-a-16.31.41.jpg?zoom=2&amp;resize=150%2C150&amp;ssl=1 300w, https:\/\/i0.wp.com\/itayachtscanada.com\/wp-content\/uploads\/2026\/01\/Capture-decran-le-2026-01-21-a-16.31.41.jpg?zoom=3&amp;resize=150%2C150&amp;ssl=1 450w\" sizes=\"auto, (max-width: 150px) 100vw, 150px\" data-attachment-id=\"298648\" data-permalink=\"https:\/\/itayachtscanada.com\/fr\/the-2026-motorboat-awards-at-the-dusseldorf-boat-show\/capture-decran-le-2026-01-21-a-16-31-41\/\" data-orig-file=\"https:\/\/i0.wp.com\/itayachtscanada.com\/wp-content\/uploads\/2026\/01\/Capture-decran-le-2026-01-21-a-16.31.41.jpg?fit=836%2C1188&amp;ssl=1\" data-orig-size=\"836,1188\" data-comments-opened=\"1\" data-image-meta=\"{&quot;aperture&quot;:&quot;0&quot;,&quot;credit&quot;:&quot;&quot;,&quot;camera&quot;:&quot;&quot;,&quot;caption&quot;:&quot;&quot;,&quot;created_timestamp&quot;:&quot;0&quot;,&quot;copyright&quot;:&quot;&quot;,&quot;focal_length&quot;:&quot;0&quot;,&quot;iso&quot;:&quot;0&quot;,&quot;shutter_speed&quot;:&quot;0&quot;,&quot;title&quot;:&quot;&quot;,&quot;orientation&quot;:&quot;0&quot;}\" data-image-title=\"Capture d\u2019e\u0301cran, le 2026-01-21 a\u0300 16.31.41\" data-image-description=\"\" data-image-caption=\"\" data-large-file=\"https:\/\/i0.wp.com\/itayachtscanada.com\/wp-content\/uploads\/2026\/01\/Capture-decran-le-2026-01-21-a-16.31.41.jpg?fit=700%2C994&amp;ssl=1\" \/><\/a>\n\t\t\t<\/div><\/figure><figure class='gallery-item'>\n\t\t\t<div class='gallery-icon portrait'>\n\t\t\t\t<a href='https:\/\/itayachtscanada.com\/fr\/the-2026-motorboat-awards-at-the-dusseldorf-boat-show\/capture-decran-le-2026-01-21-a-16-31-51\/'><img loading=\"lazy\" decoding=\"async\" width=\"150\" height=\"150\" src=\"https:\/\/i0.wp.com\/itayachtscanada.com\/wp-content\/uploads\/2026\/01\/Capture-decran-le-2026-01-21-a-16.31.51.jpg?resize=150%2C150&amp;ssl=1\" class=\"attachment-thumbnail size-thumbnail\" alt=\"\" srcset=\"https:\/\/i0.wp.com\/itayachtscanada.com\/wp-content\/uploads\/2026\/01\/Capture-decran-le-2026-01-21-a-16.31.51.jpg?resize=150%2C150&amp;ssl=1 150w, https:\/\/i0.wp.com\/itayachtscanada.com\/wp-content\/uploads\/2026\/01\/Capture-decran-le-2026-01-21-a-16.31.51.jpg?resize=60%2C60&amp;ssl=1 60w, https:\/\/i0.wp.com\/itayachtscanada.com\/wp-content\/uploads\/2026\/01\/Capture-decran-le-2026-01-21-a-16.31.51.jpg?resize=80%2C80&amp;ssl=1 80w, https:\/\/i0.wp.com\/itayachtscanada.com\/wp-content\/uploads\/2026\/01\/Capture-decran-le-2026-01-21-a-16.31.51.jpg?resize=100%2C100&amp;ssl=1 100w, https:\/\/i0.wp.com\/itayachtscanada.com\/wp-content\/uploads\/2026\/01\/Capture-decran-le-2026-01-21-a-16.31.51.jpg?resize=50%2C50&amp;ssl=1 50w, https:\/\/i0.wp.com\/itayachtscanada.com\/wp-content\/uploads\/2026\/01\/Capture-decran-le-2026-01-21-a-16.31.51.jpg?zoom=2&amp;resize=150%2C150&amp;ssl=1 300w, https:\/\/i0.wp.com\/itayachtscanada.com\/wp-content\/uploads\/2026\/01\/Capture-decran-le-2026-01-21-a-16.31.51.jpg?zoom=3&amp;resize=150%2C150&amp;ssl=1 450w\" sizes=\"auto, (max-width: 150px) 100vw, 150px\" data-attachment-id=\"298649\" data-permalink=\"https:\/\/itayachtscanada.com\/fr\/the-2026-motorboat-awards-at-the-dusseldorf-boat-show\/capture-decran-le-2026-01-21-a-16-31-51\/\" data-orig-file=\"https:\/\/i0.wp.com\/itayachtscanada.com\/wp-content\/uploads\/2026\/01\/Capture-decran-le-2026-01-21-a-16.31.51.jpg?fit=928%2C1188&amp;ssl=1\" data-orig-size=\"928,1188\" data-comments-opened=\"1\" data-image-meta=\"{&quot;aperture&quot;:&quot;0&quot;,&quot;credit&quot;:&quot;&quot;,&quot;camera&quot;:&quot;&quot;,&quot;caption&quot;:&quot;&quot;,&quot;created_timestamp&quot;:&quot;0&quot;,&quot;copyright&quot;:&quot;&quot;,&quot;focal_length&quot;:&quot;0&quot;,&quot;iso&quot;:&quot;0&quot;,&quot;shutter_speed&quot;:&quot;0&quot;,&quot;title&quot;:&quot;&quot;,&quot;orientation&quot;:&quot;0&quot;}\" data-image-title=\"Capture d\u2019e\u0301cran, le 2026-01-21 a\u0300 16.31.51\" data-image-description=\"\" data-image-caption=\"\" data-large-file=\"https:\/\/i0.wp.com\/itayachtscanada.com\/wp-content\/uploads\/2026\/01\/Capture-decran-le-2026-01-21-a-16.31.51.jpg?fit=700%2C896&amp;ssl=1\" \/><\/a>\n\t\t\t<\/div><\/figure><figure class='gallery-item'>\n\t\t\t<div class='gallery-icon landscape'>\n\t\t\t\t<a href='https:\/\/itayachtscanada.com\/fr\/the-2026-motorboat-awards-at-the-dusseldorf-boat-show\/absolute-navetta-62-crew-cabin\/'><img loading=\"lazy\" decoding=\"async\" width=\"150\" height=\"150\" src=\"https:\/\/i0.wp.com\/itayachtscanada.com\/wp-content\/uploads\/2026\/01\/Absolute-Navetta-62-crew-cabin.jpg?resize=150%2C150&amp;ssl=1\" class=\"attachment-thumbnail size-thumbnail\" alt=\"\" srcset=\"https:\/\/i0.wp.com\/itayachtscanada.com\/wp-content\/uploads\/2026\/01\/Absolute-Navetta-62-crew-cabin.jpg?resize=150%2C150&amp;ssl=1 150w, https:\/\/i0.wp.com\/itayachtscanada.com\/wp-content\/uploads\/2026\/01\/Absolute-Navetta-62-crew-cabin.jpg?resize=60%2C60&amp;ssl=1 60w, https:\/\/i0.wp.com\/itayachtscanada.com\/wp-content\/uploads\/2026\/01\/Absolute-Navetta-62-crew-cabin.jpg?resize=80%2C80&amp;ssl=1 80w, https:\/\/i0.wp.com\/itayachtscanada.com\/wp-content\/uploads\/2026\/01\/Absolute-Navetta-62-crew-cabin.jpg?resize=100%2C100&amp;ssl=1 100w, https:\/\/i0.wp.com\/itayachtscanada.com\/wp-content\/uploads\/2026\/01\/Absolute-Navetta-62-crew-cabin.jpg?resize=50%2C50&amp;ssl=1 50w, https:\/\/i0.wp.com\/itayachtscanada.com\/wp-content\/uploads\/2026\/01\/Absolute-Navetta-62-crew-cabin.jpg?zoom=2&amp;resize=150%2C150&amp;ssl=1 300w, https:\/\/i0.wp.com\/itayachtscanada.com\/wp-content\/uploads\/2026\/01\/Absolute-Navetta-62-crew-cabin.jpg?zoom=3&amp;resize=150%2C150&amp;ssl=1 450w\" sizes=\"auto, (max-width: 150px) 100vw, 150px\" data-attachment-id=\"298650\" data-permalink=\"https:\/\/itayachtscanada.com\/fr\/the-2026-motorboat-awards-at-the-dusseldorf-boat-show\/absolute-navetta-62-crew-cabin\/\" data-orig-file=\"https:\/\/i0.wp.com\/itayachtscanada.com\/wp-content\/uploads\/2026\/01\/Absolute-Navetta-62-crew-cabin.jpg?fit=1884%2C1188&amp;ssl=1\" data-orig-size=\"1884,1188\" data-comments-opened=\"1\" data-image-meta=\"{&quot;aperture&quot;:&quot;0&quot;,&quot;credit&quot;:&quot;&quot;,&quot;camera&quot;:&quot;&quot;,&quot;caption&quot;:&quot;&quot;,&quot;created_timestamp&quot;:&quot;0&quot;,&quot;copyright&quot;:&quot;&quot;,&quot;focal_length&quot;:&quot;0&quot;,&quot;iso&quot;:&quot;0&quot;,&quot;shutter_speed&quot;:&quot;0&quot;,&quot;title&quot;:&quot;&quot;,&quot;orientation&quot;:&quot;0&quot;}\" data-image-title=\"Absolute Navetta 62 crew cabin\" data-image-description=\"\" data-image-caption=\"\" data-large-file=\"https:\/\/i0.wp.com\/itayachtscanada.com\/wp-content\/uploads\/2026\/01\/Absolute-Navetta-62-crew-cabin.jpg?fit=700%2C442&amp;ssl=1\" \/><\/a>\n\t\t\t<\/div><\/figure><figure class='gallery-item'>\n\t\t\t<div class='gallery-icon landscape'>\n\t\t\t\t<a href='https:\/\/itayachtscanada.com\/fr\/the-2026-motorboat-awards-at-the-dusseldorf-boat-show\/layout-absolute-navetta-62-fly-deck\/'><img loading=\"lazy\" decoding=\"async\" width=\"150\" height=\"150\" src=\"https:\/\/i0.wp.com\/itayachtscanada.com\/wp-content\/uploads\/2026\/01\/Layout-Absolute-Navetta-62-Fly-deck.jpg?resize=150%2C150&amp;ssl=1\" class=\"attachment-thumbnail size-thumbnail\" alt=\"\" srcset=\"https:\/\/i0.wp.com\/itayachtscanada.com\/wp-content\/uploads\/2026\/01\/Layout-Absolute-Navetta-62-Fly-deck.jpg?resize=150%2C150&amp;ssl=1 150w, https:\/\/i0.wp.com\/itayachtscanada.com\/wp-content\/uploads\/2026\/01\/Layout-Absolute-Navetta-62-Fly-deck.jpg?resize=60%2C60&amp;ssl=1 60w, https:\/\/i0.wp.com\/itayachtscanada.com\/wp-content\/uploads\/2026\/01\/Layout-Absolute-Navetta-62-Fly-deck.jpg?resize=80%2C80&amp;ssl=1 80w, https:\/\/i0.wp.com\/itayachtscanada.com\/wp-content\/uploads\/2026\/01\/Layout-Absolute-Navetta-62-Fly-deck.jpg?resize=100%2C100&amp;ssl=1 100w, https:\/\/i0.wp.com\/itayachtscanada.com\/wp-content\/uploads\/2026\/01\/Layout-Absolute-Navetta-62-Fly-deck.jpg?resize=50%2C50&amp;ssl=1 50w, https:\/\/i0.wp.com\/itayachtscanada.com\/wp-content\/uploads\/2026\/01\/Layout-Absolute-Navetta-62-Fly-deck.jpg?zoom=2&amp;resize=150%2C150&amp;ssl=1 300w, https:\/\/i0.wp.com\/itayachtscanada.com\/wp-content\/uploads\/2026\/01\/Layout-Absolute-Navetta-62-Fly-deck.jpg?zoom=3&amp;resize=150%2C150&amp;ssl=1 450w\" sizes=\"auto, (max-width: 150px) 100vw, 150px\" data-attachment-id=\"298651\" data-permalink=\"https:\/\/itayachtscanada.com\/fr\/the-2026-motorboat-awards-at-the-dusseldorf-boat-show\/layout-absolute-navetta-62-fly-deck\/\" data-orig-file=\"https:\/\/i0.wp.com\/itayachtscanada.com\/wp-content\/uploads\/2026\/01\/Layout-Absolute-Navetta-62-Fly-deck.jpg?fit=2472%2C786&amp;ssl=1\" data-orig-size=\"2472,786\" data-comments-opened=\"1\" data-image-meta=\"{&quot;aperture&quot;:&quot;0&quot;,&quot;credit&quot;:&quot;&quot;,&quot;camera&quot;:&quot;&quot;,&quot;caption&quot;:&quot;&quot;,&quot;created_timestamp&quot;:&quot;0&quot;,&quot;copyright&quot;:&quot;&quot;,&quot;focal_length&quot;:&quot;0&quot;,&quot;iso&quot;:&quot;0&quot;,&quot;shutter_speed&quot;:&quot;0&quot;,&quot;title&quot;:&quot;&quot;,&quot;orientation&quot;:&quot;0&quot;}\" data-image-title=\"Layout Absolute Navetta 62 Fly deck\" data-image-description=\"\" data-image-caption=\"\" data-large-file=\"https:\/\/i0.wp.com\/itayachtscanada.com\/wp-content\/uploads\/2026\/01\/Layout-Absolute-Navetta-62-Fly-deck.jpg?fit=700%2C223&amp;ssl=1\" \/><\/a>\n\t\t\t<\/div><\/figure><figure class='gallery-item'>\n\t\t\t<div class='gallery-icon landscape'>\n\t\t\t\t<a href='https:\/\/itayachtscanada.com\/fr\/the-2026-motorboat-awards-at-the-dusseldorf-boat-show\/layout-absolute-navetta-62-main-deck\/'><img loading=\"lazy\" decoding=\"async\" width=\"150\" height=\"150\" src=\"https:\/\/i0.wp.com\/itayachtscanada.com\/wp-content\/uploads\/2026\/01\/Layout-Absolute-Navetta-62-main-deck.jpg?resize=150%2C150&amp;ssl=1\" class=\"attachment-thumbnail size-thumbnail\" alt=\"\" srcset=\"https:\/\/i0.wp.com\/itayachtscanada.com\/wp-content\/uploads\/2026\/01\/Layout-Absolute-Navetta-62-main-deck.jpg?resize=150%2C150&amp;ssl=1 150w, https:\/\/i0.wp.com\/itayachtscanada.com\/wp-content\/uploads\/2026\/01\/Layout-Absolute-Navetta-62-main-deck.jpg?resize=60%2C60&amp;ssl=1 60w, https:\/\/i0.wp.com\/itayachtscanada.com\/wp-content\/uploads\/2026\/01\/Layout-Absolute-Navetta-62-main-deck.jpg?resize=80%2C80&amp;ssl=1 80w, https:\/\/i0.wp.com\/itayachtscanada.com\/wp-content\/uploads\/2026\/01\/Layout-Absolute-Navetta-62-main-deck.jpg?resize=100%2C100&amp;ssl=1 100w, https:\/\/i0.wp.com\/itayachtscanada.com\/wp-content\/uploads\/2026\/01\/Layout-Absolute-Navetta-62-main-deck.jpg?resize=50%2C50&amp;ssl=1 50w, https:\/\/i0.wp.com\/itayachtscanada.com\/wp-content\/uploads\/2026\/01\/Layout-Absolute-Navetta-62-main-deck.jpg?zoom=2&amp;resize=150%2C150&amp;ssl=1 300w, https:\/\/i0.wp.com\/itayachtscanada.com\/wp-content\/uploads\/2026\/01\/Layout-Absolute-Navetta-62-main-deck.jpg?zoom=3&amp;resize=150%2C150&amp;ssl=1 450w\" sizes=\"auto, (max-width: 150px) 100vw, 150px\" data-attachment-id=\"298652\" data-permalink=\"https:\/\/itayachtscanada.com\/fr\/the-2026-motorboat-awards-at-the-dusseldorf-boat-show\/layout-absolute-navetta-62-main-deck\/\" data-orig-file=\"https:\/\/i0.wp.com\/itayachtscanada.com\/wp-content\/uploads\/2026\/01\/Layout-Absolute-Navetta-62-main-deck.jpg?fit=2472%2C786&amp;ssl=1\" data-orig-size=\"2472,786\" data-comments-opened=\"1\" data-image-meta=\"{&quot;aperture&quot;:&quot;0&quot;,&quot;credit&quot;:&quot;&quot;,&quot;camera&quot;:&quot;&quot;,&quot;caption&quot;:&quot;&quot;,&quot;created_timestamp&quot;:&quot;0&quot;,&quot;copyright&quot;:&quot;&quot;,&quot;focal_length&quot;:&quot;0&quot;,&quot;iso&quot;:&quot;0&quot;,&quot;shutter_speed&quot;:&quot;0&quot;,&quot;title&quot;:&quot;&quot;,&quot;orientation&quot;:&quot;0&quot;}\" data-image-title=\"Layout Absolute Navetta 62 main deck\" data-image-description=\"\" data-image-caption=\"\" data-large-file=\"https:\/\/i0.wp.com\/itayachtscanada.com\/wp-content\/uploads\/2026\/01\/Layout-Absolute-Navetta-62-main-deck.jpg?fit=700%2C223&amp;ssl=1\" \/><\/a>\n\t\t\t<\/div><\/figure><figure class='gallery-item'>\n\t\t\t<div class='gallery-icon landscape'>\n\t\t\t\t<a href='https:\/\/itayachtscanada.com\/fr\/the-2026-motorboat-awards-at-the-dusseldorf-boat-show\/layout-absolute-navetta-62-lower-deck\/'><img loading=\"lazy\" decoding=\"async\" width=\"150\" height=\"150\" src=\"https:\/\/i0.wp.com\/itayachtscanada.com\/wp-content\/uploads\/2026\/01\/Layout-Absolute-Navetta-62-lower-deck.jpg?resize=150%2C150&amp;ssl=1\" class=\"attachment-thumbnail size-thumbnail\" alt=\"\" srcset=\"https:\/\/i0.wp.com\/itayachtscanada.com\/wp-content\/uploads\/2026\/01\/Layout-Absolute-Navetta-62-lower-deck.jpg?resize=150%2C150&amp;ssl=1 150w, https:\/\/i0.wp.com\/itayachtscanada.com\/wp-content\/uploads\/2026\/01\/Layout-Absolute-Navetta-62-lower-deck.jpg?resize=60%2C60&amp;ssl=1 60w, https:\/\/i0.wp.com\/itayachtscanada.com\/wp-content\/uploads\/2026\/01\/Layout-Absolute-Navetta-62-lower-deck.jpg?resize=80%2C80&amp;ssl=1 80w, https:\/\/i0.wp.com\/itayachtscanada.com\/wp-content\/uploads\/2026\/01\/Layout-Absolute-Navetta-62-lower-deck.jpg?resize=100%2C100&amp;ssl=1 100w, https:\/\/i0.wp.com\/itayachtscanada.com\/wp-content\/uploads\/2026\/01\/Layout-Absolute-Navetta-62-lower-deck.jpg?resize=50%2C50&amp;ssl=1 50w, https:\/\/i0.wp.com\/itayachtscanada.com\/wp-content\/uploads\/2026\/01\/Layout-Absolute-Navetta-62-lower-deck.jpg?zoom=2&amp;resize=150%2C150&amp;ssl=1 300w, https:\/\/i0.wp.com\/itayachtscanada.com\/wp-content\/uploads\/2026\/01\/Layout-Absolute-Navetta-62-lower-deck.jpg?zoom=3&amp;resize=150%2C150&amp;ssl=1 450w\" sizes=\"auto, (max-width: 150px) 100vw, 150px\" data-attachment-id=\"298653\" data-permalink=\"https:\/\/itayachtscanada.com\/fr\/the-2026-motorboat-awards-at-the-dusseldorf-boat-show\/layout-absolute-navetta-62-lower-deck\/\" data-orig-file=\"https:\/\/i0.wp.com\/itayachtscanada.com\/wp-content\/uploads\/2026\/01\/Layout-Absolute-Navetta-62-lower-deck.jpg?fit=2472%2C786&amp;ssl=1\" data-orig-size=\"2472,786\" data-comments-opened=\"1\" data-image-meta=\"{&quot;aperture&quot;:&quot;0&quot;,&quot;credit&quot;:&quot;&quot;,&quot;camera&quot;:&quot;&quot;,&quot;caption&quot;:&quot;&quot;,&quot;created_timestamp&quot;:&quot;0&quot;,&quot;copyright&quot;:&quot;&quot;,&quot;focal_length&quot;:&quot;0&quot;,&quot;iso&quot;:&quot;0&quot;,&quot;shutter_speed&quot;:&quot;0&quot;,&quot;title&quot;:&quot;&quot;,&quot;orientation&quot;:&quot;0&quot;}\" data-image-title=\"Layout Absolute Navetta 62 lower deck\" data-image-description=\"\" data-image-caption=\"\" data-large-file=\"https:\/\/i0.wp.com\/itayachtscanada.com\/wp-content\/uploads\/2026\/01\/Layout-Absolute-Navetta-62-lower-deck.jpg?fit=700%2C223&amp;ssl=1\" \/><\/a>\n\t\t\t<\/div><\/figure>\n\t\t<\/div>\n\n<p>Plusieurs autres cat\u00e9gories sont en liste pour recevoir une distinction qui sera sans aucun doute fortement publicis\u00e9e par le gagnant.<\/p>\n<p>Voici les autres cat\u00e9gories:<\/p>\n<p>&nbsp;<\/p>\n<p><strong><u>Meilleur Sportsboat motor yachts up to 30ft (jusqu\u2019\u00e0 30 pi)<\/u><\/strong><\/p>\n<p>Aquaspirit 700<\/p>\n<p>Arksen Discovery 8<\/p>\n<p>De Antonio D29<\/p>\n<p>Nordkapp Enduro 830 (gagnant)<\/p>\n<p>Ockelbo B25 Cabin<\/p>\n<p>Windy 29 Huracan<\/p>\n<p>&nbsp;<\/p>\n<p><a href=\"https:\/\/i0.wp.com\/itayachtscanada.com\/wp-content\/uploads\/2026\/01\/navan_s30_Navan_S30_31.jpeg?ssl=1\"><img data-recalc-dims=\"1\" loading=\"lazy\" decoding=\"async\" data-attachment-id=\"298625\" data-permalink=\"https:\/\/itayachtscanada.com\/fr\/the-2026-motorboat-awards-at-the-dusseldorf-boat-show\/navan_s30_navan_s30_31\/\" data-orig-file=\"https:\/\/i0.wp.com\/itayachtscanada.com\/wp-content\/uploads\/2026\/01\/navan_s30_Navan_S30_31.jpeg?fit=1536%2C864&amp;ssl=1\" data-orig-size=\"1536,864\" data-comments-opened=\"1\" data-image-meta=\"{&quot;aperture&quot;:&quot;0&quot;,&quot;credit&quot;:&quot;&quot;,&quot;camera&quot;:&quot;&quot;,&quot;caption&quot;:&quot;&quot;,&quot;created_timestamp&quot;:&quot;0&quot;,&quot;copyright&quot;:&quot;Paul Wyeth&quot;,&quot;focal_length&quot;:&quot;0&quot;,&quot;iso&quot;:&quot;0&quot;,&quot;shutter_speed&quot;:&quot;0&quot;,&quot;title&quot;:&quot;&quot;,&quot;orientation&quot;:&quot;0&quot;}\" data-image-title=\"navan_s30_Navan_S30_31\" data-image-description=\"\" data-image-caption=\"\" data-large-file=\"https:\/\/i0.wp.com\/itayachtscanada.com\/wp-content\/uploads\/2026\/01\/navan_s30_Navan_S30_31.jpeg?fit=700%2C394&amp;ssl=1\" class=\"alignnone wp-image-298625 size-medium\" src=\"https:\/\/i0.wp.com\/itayachtscanada.com\/wp-content\/uploads\/2026\/01\/navan_s30_Navan_S30_31.jpeg?resize=300%2C169&#038;ssl=1\" alt=\"\" width=\"300\" height=\"169\" srcset=\"https:\/\/i0.wp.com\/itayachtscanada.com\/wp-content\/uploads\/2026\/01\/navan_s30_Navan_S30_31.jpeg?resize=300%2C169&amp;ssl=1 300w, https:\/\/i0.wp.com\/itayachtscanada.com\/wp-content\/uploads\/2026\/01\/navan_s30_Navan_S30_31.jpeg?resize=1024%2C576&amp;ssl=1 1024w, https:\/\/i0.wp.com\/itayachtscanada.com\/wp-content\/uploads\/2026\/01\/navan_s30_Navan_S30_31.jpeg?resize=768%2C432&amp;ssl=1 768w, https:\/\/i0.wp.com\/itayachtscanada.com\/wp-content\/uploads\/2026\/01\/navan_s30_Navan_S30_31.jpeg?resize=700%2C394&amp;ssl=1 700w, https:\/\/i0.wp.com\/itayachtscanada.com\/wp-content\/uploads\/2026\/01\/navan_s30_Navan_S30_31.jpeg?resize=711%2C400&amp;ssl=1 711w, https:\/\/i0.wp.com\/itayachtscanada.com\/wp-content\/uploads\/2026\/01\/navan_s30_Navan_S30_31.jpeg?w=1536&amp;ssl=1 1536w, https:\/\/i0.wp.com\/itayachtscanada.com\/wp-content\/uploads\/2026\/01\/navan_s30_Navan_S30_31.jpeg?w=1400&amp;ssl=1 1400w\" sizes=\"auto, (max-width: 300px) 100vw, 300px\" \/><\/a><\/p>\n<p>&nbsp;<\/p>\n<p><strong><u>Meilleur Weekender motor yachts up to 40ft (jusqu\u2019\u00e0 40 pi)<\/u><\/strong><\/p>\n<p>Aiata Wayfinder 38<\/p>\n<p>Beneteau Antares 9 S2<\/p>\n<p>Delta 33 Coupe<\/p>\n<p>Duchy 25<\/p>\n<p>Fjord 39 XL<\/p>\n<p>Navan S30 (gagnant)<\/p>\n<p><a href=\"https:\/\/i0.wp.com\/itayachtscanada.com\/wp-content\/uploads\/2026\/01\/viknes_10_viknes10fuglepers.jpeg?ssl=1\"><img data-recalc-dims=\"1\" loading=\"lazy\" decoding=\"async\" data-attachment-id=\"298624\" data-permalink=\"https:\/\/itayachtscanada.com\/fr\/the-2026-motorboat-awards-at-the-dusseldorf-boat-show\/viknes_10_viknes10fuglepers\/\" data-orig-file=\"https:\/\/i0.wp.com\/itayachtscanada.com\/wp-content\/uploads\/2026\/01\/viknes_10_viknes10fuglepers.jpeg?fit=1536%2C865&amp;ssl=1\" data-orig-size=\"1536,865\" data-comments-opened=\"1\" data-image-meta=\"{&quot;aperture&quot;:&quot;0&quot;,&quot;credit&quot;:&quot;&quot;,&quot;camera&quot;:&quot;&quot;,&quot;caption&quot;:&quot;&quot;,&quot;created_timestamp&quot;:&quot;0&quot;,&quot;copyright&quot;:&quot;&quot;,&quot;focal_length&quot;:&quot;0&quot;,&quot;iso&quot;:&quot;0&quot;,&quot;shutter_speed&quot;:&quot;0&quot;,&quot;title&quot;:&quot;&quot;,&quot;orientation&quot;:&quot;0&quot;}\" data-image-title=\"viknes_10_viknes10fuglepers\" data-image-description=\"\" data-image-caption=\"\" data-large-file=\"https:\/\/i0.wp.com\/itayachtscanada.com\/wp-content\/uploads\/2026\/01\/viknes_10_viknes10fuglepers.jpeg?fit=700%2C394&amp;ssl=1\" class=\"alignnone wp-image-298624 size-medium\" src=\"https:\/\/i0.wp.com\/itayachtscanada.com\/wp-content\/uploads\/2026\/01\/viknes_10_viknes10fuglepers.jpeg?resize=300%2C169&#038;ssl=1\" alt=\"\" width=\"300\" height=\"169\" srcset=\"https:\/\/i0.wp.com\/itayachtscanada.com\/wp-content\/uploads\/2026\/01\/viknes_10_viknes10fuglepers.jpeg?resize=300%2C169&amp;ssl=1 300w, https:\/\/i0.wp.com\/itayachtscanada.com\/wp-content\/uploads\/2026\/01\/viknes_10_viknes10fuglepers.jpeg?resize=1024%2C577&amp;ssl=1 1024w, https:\/\/i0.wp.com\/itayachtscanada.com\/wp-content\/uploads\/2026\/01\/viknes_10_viknes10fuglepers.jpeg?resize=768%2C433&amp;ssl=1 768w, https:\/\/i0.wp.com\/itayachtscanada.com\/wp-content\/uploads\/2026\/01\/viknes_10_viknes10fuglepers.jpeg?resize=700%2C394&amp;ssl=1 700w, https:\/\/i0.wp.com\/itayachtscanada.com\/wp-content\/uploads\/2026\/01\/viknes_10_viknes10fuglepers.jpeg?resize=710%2C400&amp;ssl=1 710w, https:\/\/i0.wp.com\/itayachtscanada.com\/wp-content\/uploads\/2026\/01\/viknes_10_viknes10fuglepers.jpeg?w=1536&amp;ssl=1 1536w, https:\/\/i0.wp.com\/itayachtscanada.com\/wp-content\/uploads\/2026\/01\/viknes_10_viknes10fuglepers.jpeg?w=1400&amp;ssl=1 1400w\" sizes=\"auto, (max-width: 300px) 100vw, 300px\" \/><\/a><\/p>\n<p>&nbsp;<\/p>\n<p><strong><u>Meilleur Family Cruiser motor yachts up to 45ft (jusqu\u2019\u00e0 45 pi)<\/u><\/strong><\/p>\n<p>Aquador 400 HT<\/p>\n<p>Marex 390<\/p>\n<p>Rustler 41<\/p>\n<p>Viknes 10 (gagnant)<\/p>\n<p>Windy SR40<\/p>\n<p><a href=\"https:\/\/i0.wp.com\/itayachtscanada.com\/wp-content\/uploads\/2026\/01\/Capture-decran-le-2026-01-22-a-14.34.29.jpg?ssl=1\"><img data-recalc-dims=\"1\" loading=\"lazy\" decoding=\"async\" data-attachment-id=\"298668\" data-permalink=\"https:\/\/itayachtscanada.com\/fr\/the-2026-motorboat-awards-at-the-dusseldorf-boat-show\/capture-decran-le-2026-01-22-a-14-34-29\/\" data-orig-file=\"https:\/\/i0.wp.com\/itayachtscanada.com\/wp-content\/uploads\/2026\/01\/Capture-decran-le-2026-01-22-a-14.34.29.jpg?fit=966%2C788&amp;ssl=1\" data-orig-size=\"966,788\" data-comments-opened=\"1\" data-image-meta=\"{&quot;aperture&quot;:&quot;0&quot;,&quot;credit&quot;:&quot;&quot;,&quot;camera&quot;:&quot;&quot;,&quot;caption&quot;:&quot;&quot;,&quot;created_timestamp&quot;:&quot;0&quot;,&quot;copyright&quot;:&quot;&quot;,&quot;focal_length&quot;:&quot;0&quot;,&quot;iso&quot;:&quot;0&quot;,&quot;shutter_speed&quot;:&quot;0&quot;,&quot;title&quot;:&quot;&quot;,&quot;orientation&quot;:&quot;0&quot;}\" data-image-title=\"Capture d\u2019e\u0301cran, le 2026-01-22 a\u0300 14.34.29\" data-image-description=\"\" data-image-caption=\"\" data-large-file=\"https:\/\/i0.wp.com\/itayachtscanada.com\/wp-content\/uploads\/2026\/01\/Capture-decran-le-2026-01-22-a-14.34.29.jpg?fit=700%2C571&amp;ssl=1\" class=\"alignnone wp-image-298668 size-medium\" src=\"https:\/\/i0.wp.com\/itayachtscanada.com\/wp-content\/uploads\/2026\/01\/Capture-decran-le-2026-01-22-a-14.34.29.jpg?resize=300%2C245&#038;ssl=1\" alt=\"\" width=\"300\" height=\"245\" srcset=\"https:\/\/i0.wp.com\/itayachtscanada.com\/wp-content\/uploads\/2026\/01\/Capture-decran-le-2026-01-22-a-14.34.29.jpg?resize=300%2C245&amp;ssl=1 300w, https:\/\/i0.wp.com\/itayachtscanada.com\/wp-content\/uploads\/2026\/01\/Capture-decran-le-2026-01-22-a-14.34.29.jpg?resize=768%2C626&amp;ssl=1 768w, https:\/\/i0.wp.com\/itayachtscanada.com\/wp-content\/uploads\/2026\/01\/Capture-decran-le-2026-01-22-a-14.34.29.jpg?resize=700%2C571&amp;ssl=1 700w, https:\/\/i0.wp.com\/itayachtscanada.com\/wp-content\/uploads\/2026\/01\/Capture-decran-le-2026-01-22-a-14.34.29.jpg?resize=490%2C400&amp;ssl=1 490w, https:\/\/i0.wp.com\/itayachtscanada.com\/wp-content\/uploads\/2026\/01\/Capture-decran-le-2026-01-22-a-14.34.29.jpg?w=966&amp;ssl=1 966w\" sizes=\"auto, (max-width: 300px) 100vw, 300px\" \/><\/a><\/p>\n<p>&nbsp;<\/p>\n<p>&nbsp;<\/p>\n<p><strong><u>Meilleur Sportscruiser motor yachts over 45ft \u2013 sponsored by JL Audio (45 pi et plus)<\/u><\/strong><\/p>\n<p>Bluegame BGF45<\/p>\n<p>De Antonio D60<\/p>\n<p>Pardo GT75 (gagnant)<\/p>\n<p>SAY 52<\/p>\n<p>Wallywhy100<\/p>\n<p><a href=\"https:\/\/i0.wp.com\/itayachtscanada.com\/wp-content\/uploads\/2026\/01\/pardo_GT75_PardoGT75PARDO75GT.jpeg?ssl=1\"><img data-recalc-dims=\"1\" loading=\"lazy\" decoding=\"async\" data-attachment-id=\"298622\" data-permalink=\"https:\/\/itayachtscanada.com\/fr\/the-2026-motorboat-awards-at-the-dusseldorf-boat-show\/pardo_gt75_pardogt75pardo75gt\/\" data-orig-file=\"https:\/\/i0.wp.com\/itayachtscanada.com\/wp-content\/uploads\/2026\/01\/pardo_GT75_PardoGT75PARDO75GT.jpeg?fit=1536%2C864&amp;ssl=1\" data-orig-size=\"1536,864\" data-comments-opened=\"1\" data-image-meta=\"{&quot;aperture&quot;:&quot;0&quot;,&quot;credit&quot;:&quot;&quot;,&quot;camera&quot;:&quot;&quot;,&quot;caption&quot;:&quot;&quot;,&quot;created_timestamp&quot;:&quot;0&quot;,&quot;copyright&quot;:&quot;Alberto Cocchi&quot;,&quot;focal_length&quot;:&quot;0&quot;,&quot;iso&quot;:&quot;0&quot;,&quot;shutter_speed&quot;:&quot;0&quot;,&quot;title&quot;:&quot;&quot;,&quot;orientation&quot;:&quot;0&quot;}\" data-image-title=\"pardo_GT75_PardoGT75PARDO75GT\" data-image-description=\"\" data-image-caption=\"\" data-large-file=\"https:\/\/i0.wp.com\/itayachtscanada.com\/wp-content\/uploads\/2026\/01\/pardo_GT75_PardoGT75PARDO75GT.jpeg?fit=700%2C394&amp;ssl=1\" class=\"alignnone wp-image-298622 size-medium\" src=\"https:\/\/i0.wp.com\/itayachtscanada.com\/wp-content\/uploads\/2026\/01\/pardo_GT75_PardoGT75PARDO75GT.jpeg?resize=300%2C169&#038;ssl=1\" alt=\"\" width=\"300\" height=\"169\" srcset=\"https:\/\/i0.wp.com\/itayachtscanada.com\/wp-content\/uploads\/2026\/01\/pardo_GT75_PardoGT75PARDO75GT.jpeg?resize=300%2C169&amp;ssl=1 300w, https:\/\/i0.wp.com\/itayachtscanada.com\/wp-content\/uploads\/2026\/01\/pardo_GT75_PardoGT75PARDO75GT.jpeg?resize=1024%2C576&amp;ssl=1 1024w, https:\/\/i0.wp.com\/itayachtscanada.com\/wp-content\/uploads\/2026\/01\/pardo_GT75_PardoGT75PARDO75GT.jpeg?resize=768%2C432&amp;ssl=1 768w, https:\/\/i0.wp.com\/itayachtscanada.com\/wp-content\/uploads\/2026\/01\/pardo_GT75_PardoGT75PARDO75GT.jpeg?resize=700%2C394&amp;ssl=1 700w, https:\/\/i0.wp.com\/itayachtscanada.com\/wp-content\/uploads\/2026\/01\/pardo_GT75_PardoGT75PARDO75GT.jpeg?resize=711%2C400&amp;ssl=1 711w, https:\/\/i0.wp.com\/itayachtscanada.com\/wp-content\/uploads\/2026\/01\/pardo_GT75_PardoGT75PARDO75GT.jpeg?w=1536&amp;ssl=1 1536w, https:\/\/i0.wp.com\/itayachtscanada.com\/wp-content\/uploads\/2026\/01\/pardo_GT75_PardoGT75PARDO75GT.jpeg?w=1400&amp;ssl=1 1400w\" sizes=\"auto, (max-width: 300px) 100vw, 300px\" \/><\/a><\/p>\n<p>&nbsp;<\/p>\n<p><strong><u>Meilleur Flybridge motor yachts up to 55ft \u2013 sponsored by Garmin (jusqu\u2019\u00e0 55 pi)<\/u><\/strong><\/p>\n<p>Beneteau Swift Trawler 37 Fly (gagnant)<\/p>\n<p>Greenline 45 Fly<\/p>\n<p>Jeanneau Merry Fisher 1095 Fly S2<\/p>\n<p>Prestige F4.3<\/p>\n<p>&nbsp;<\/p>\n<p><a href=\"https:\/\/i0.wp.com\/itayachtscanada.com\/wp-content\/uploads\/2026\/01\/beneteau_swift_trawler.jpeg?ssl=1\"><img data-recalc-dims=\"1\" loading=\"lazy\" decoding=\"async\" data-attachment-id=\"298621\" data-permalink=\"https:\/\/itayachtscanada.com\/fr\/the-2026-motorboat-awards-at-the-dusseldorf-boat-show\/beneteau_swift_trawler\/\" data-orig-file=\"https:\/\/i0.wp.com\/itayachtscanada.com\/wp-content\/uploads\/2026\/01\/beneteau_swift_trawler.jpeg?fit=1536%2C864&amp;ssl=1\" data-orig-size=\"1536,864\" data-comments-opened=\"1\" data-image-meta=\"{&quot;aperture&quot;:&quot;0&quot;,&quot;credit&quot;:&quot;&quot;,&quot;camera&quot;:&quot;&quot;,&quot;caption&quot;:&quot;&quot;,&quot;created_timestamp&quot;:&quot;0&quot;,&quot;copyright&quot;:&quot;&quot;,&quot;focal_length&quot;:&quot;0&quot;,&quot;iso&quot;:&quot;0&quot;,&quot;shutter_speed&quot;:&quot;0&quot;,&quot;title&quot;:&quot;&quot;,&quot;orientation&quot;:&quot;0&quot;}\" data-image-title=\"beneteau_swift_trawler\" data-image-description=\"\" data-image-caption=\"\" data-large-file=\"https:\/\/i0.wp.com\/itayachtscanada.com\/wp-content\/uploads\/2026\/01\/beneteau_swift_trawler.jpeg?fit=700%2C394&amp;ssl=1\" class=\"alignnone wp-image-298621 size-medium\" src=\"https:\/\/i0.wp.com\/itayachtscanada.com\/wp-content\/uploads\/2026\/01\/beneteau_swift_trawler.jpeg?resize=300%2C169&#038;ssl=1\" alt=\"\" width=\"300\" height=\"169\" srcset=\"https:\/\/i0.wp.com\/itayachtscanada.com\/wp-content\/uploads\/2026\/01\/beneteau_swift_trawler.jpeg?resize=300%2C169&amp;ssl=1 300w, https:\/\/i0.wp.com\/itayachtscanada.com\/wp-content\/uploads\/2026\/01\/beneteau_swift_trawler.jpeg?resize=1024%2C576&amp;ssl=1 1024w, https:\/\/i0.wp.com\/itayachtscanada.com\/wp-content\/uploads\/2026\/01\/beneteau_swift_trawler.jpeg?resize=768%2C432&amp;ssl=1 768w, https:\/\/i0.wp.com\/itayachtscanada.com\/wp-content\/uploads\/2026\/01\/beneteau_swift_trawler.jpeg?resize=700%2C394&amp;ssl=1 700w, https:\/\/i0.wp.com\/itayachtscanada.com\/wp-content\/uploads\/2026\/01\/beneteau_swift_trawler.jpeg?resize=711%2C400&amp;ssl=1 711w, https:\/\/i0.wp.com\/itayachtscanada.com\/wp-content\/uploads\/2026\/01\/beneteau_swift_trawler.jpeg?w=1536&amp;ssl=1 1536w, https:\/\/i0.wp.com\/itayachtscanada.com\/wp-content\/uploads\/2026\/01\/beneteau_swift_trawler.jpeg?w=1400&amp;ssl=1 1400w\" sizes=\"auto, (max-width: 300px) 100vw, 300px\" \/><\/a><\/p>\n<p>&nbsp;<\/p>\n<p>&nbsp;<\/p>\n<p><strong><u>Meilleur Flybridge motor yachts over 55ft \u2013 sponsored by Lumishore (55 pi et plus)<\/u><\/strong><\/p>\n<p>Pardo Endurance 72<\/p>\n<p>Pearl 63<\/p>\n<p>Pershing GTX70<\/p>\n<p>Princess F58 (gagnant)<\/p>\n<p><a href=\"https:\/\/i0.wp.com\/itayachtscanada.com\/wp-content\/uploads\/2026\/01\/princess_f58_Princess_F58.jpeg?ssl=1\"><img data-recalc-dims=\"1\" loading=\"lazy\" decoding=\"async\" data-attachment-id=\"298620\" data-permalink=\"https:\/\/itayachtscanada.com\/fr\/the-2026-motorboat-awards-at-the-dusseldorf-boat-show\/princess_f58_princess_f58\/\" data-orig-file=\"https:\/\/i0.wp.com\/itayachtscanada.com\/wp-content\/uploads\/2026\/01\/princess_f58_Princess_F58.jpeg?fit=1536%2C864&amp;ssl=1\" data-orig-size=\"1536,864\" data-comments-opened=\"1\" data-image-meta=\"{&quot;aperture&quot;:&quot;0&quot;,&quot;credit&quot;:&quot;&quot;,&quot;camera&quot;:&quot;&quot;,&quot;caption&quot;:&quot;&quot;,&quot;created_timestamp&quot;:&quot;0&quot;,&quot;copyright&quot;:&quot;Paul Wyeth&quot;,&quot;focal_length&quot;:&quot;0&quot;,&quot;iso&quot;:&quot;0&quot;,&quot;shutter_speed&quot;:&quot;0&quot;,&quot;title&quot;:&quot;&quot;,&quot;orientation&quot;:&quot;0&quot;}\" data-image-title=\"princess_f58_Princess_F58\" data-image-description=\"\" data-image-caption=\"\" data-large-file=\"https:\/\/i0.wp.com\/itayachtscanada.com\/wp-content\/uploads\/2026\/01\/princess_f58_Princess_F58.jpeg?fit=700%2C394&amp;ssl=1\" class=\"alignnone wp-image-298620 size-medium\" src=\"https:\/\/i0.wp.com\/itayachtscanada.com\/wp-content\/uploads\/2026\/01\/princess_f58_Princess_F58.jpeg?resize=300%2C169&#038;ssl=1\" alt=\"\" width=\"300\" height=\"169\" srcset=\"https:\/\/i0.wp.com\/itayachtscanada.com\/wp-content\/uploads\/2026\/01\/princess_f58_Princess_F58.jpeg?resize=300%2C169&amp;ssl=1 300w, https:\/\/i0.wp.com\/itayachtscanada.com\/wp-content\/uploads\/2026\/01\/princess_f58_Princess_F58.jpeg?resize=1024%2C576&amp;ssl=1 1024w, https:\/\/i0.wp.com\/itayachtscanada.com\/wp-content\/uploads\/2026\/01\/princess_f58_Princess_F58.jpeg?resize=768%2C432&amp;ssl=1 768w, https:\/\/i0.wp.com\/itayachtscanada.com\/wp-content\/uploads\/2026\/01\/princess_f58_Princess_F58.jpeg?resize=700%2C394&amp;ssl=1 700w, https:\/\/i0.wp.com\/itayachtscanada.com\/wp-content\/uploads\/2026\/01\/princess_f58_Princess_F58.jpeg?resize=711%2C400&amp;ssl=1 711w, https:\/\/i0.wp.com\/itayachtscanada.com\/wp-content\/uploads\/2026\/01\/princess_f58_Princess_F58.jpeg?w=1536&amp;ssl=1 1536w, https:\/\/i0.wp.com\/itayachtscanada.com\/wp-content\/uploads\/2026\/01\/princess_f58_Princess_F58.jpeg?w=1400&amp;ssl=1 1400w\" sizes=\"auto, (max-width: 300px) 100vw, 300px\" \/><\/a><\/p>\n<p>&nbsp;<\/p>\n<p><strong><u>Meilleur Custom motor yachts over 80ft (80 pi et plus)<\/u><\/strong><\/p>\n<p>Arksen 85<\/p>\n<p>Azimut 82 (gagnant)<\/p>\n<p>Ferretti Infynito 80<\/p>\n<p>Sanlorenzo SL96A<\/p>\n<p>Sunseeker Ocean 82 Enclosed<\/p>\n<p>Zeelander 8<\/p>\n<p><a href=\"https:\/\/i0.wp.com\/itayachtscanada.com\/wp-content\/uploads\/2026\/01\/azimut_82.jpeg?ssl=1\"><img data-recalc-dims=\"1\" loading=\"lazy\" decoding=\"async\" data-attachment-id=\"298619\" data-permalink=\"https:\/\/itayachtscanada.com\/fr\/the-2026-motorboat-awards-at-the-dusseldorf-boat-show\/azimut_82\/\" data-orig-file=\"https:\/\/i0.wp.com\/itayachtscanada.com\/wp-content\/uploads\/2026\/01\/azimut_82.jpeg?fit=1536%2C864&amp;ssl=1\" data-orig-size=\"1536,864\" data-comments-opened=\"1\" data-image-meta=\"{&quot;aperture&quot;:&quot;0&quot;,&quot;credit&quot;:&quot;&quot;,&quot;camera&quot;:&quot;&quot;,&quot;caption&quot;:&quot;&quot;,&quot;created_timestamp&quot;:&quot;1756926846&quot;,&quot;copyright&quot;:&quot;&quot;,&quot;focal_length&quot;:&quot;0&quot;,&quot;iso&quot;:&quot;0&quot;,&quot;shutter_speed&quot;:&quot;0&quot;,&quot;title&quot;:&quot;&quot;,&quot;orientation&quot;:&quot;1&quot;}\" data-image-title=\"azimut_82\" data-image-description=\"\" data-image-caption=\"\" data-large-file=\"https:\/\/i0.wp.com\/itayachtscanada.com\/wp-content\/uploads\/2026\/01\/azimut_82.jpeg?fit=700%2C394&amp;ssl=1\" class=\"alignnone wp-image-298619 size-medium\" src=\"https:\/\/i0.wp.com\/itayachtscanada.com\/wp-content\/uploads\/2026\/01\/azimut_82.jpeg?resize=300%2C169&#038;ssl=1\" alt=\"\" width=\"300\" height=\"169\" srcset=\"https:\/\/i0.wp.com\/itayachtscanada.com\/wp-content\/uploads\/2026\/01\/azimut_82.jpeg?resize=300%2C169&amp;ssl=1 300w, https:\/\/i0.wp.com\/itayachtscanada.com\/wp-content\/uploads\/2026\/01\/azimut_82.jpeg?resize=1024%2C576&amp;ssl=1 1024w, https:\/\/i0.wp.com\/itayachtscanada.com\/wp-content\/uploads\/2026\/01\/azimut_82.jpeg?resize=768%2C432&amp;ssl=1 768w, https:\/\/i0.wp.com\/itayachtscanada.com\/wp-content\/uploads\/2026\/01\/azimut_82.jpeg?resize=700%2C394&amp;ssl=1 700w, https:\/\/i0.wp.com\/itayachtscanada.com\/wp-content\/uploads\/2026\/01\/azimut_82.jpeg?resize=711%2C400&amp;ssl=1 711w, https:\/\/i0.wp.com\/itayachtscanada.com\/wp-content\/uploads\/2026\/01\/azimut_82.jpeg?w=1536&amp;ssl=1 1536w, https:\/\/i0.wp.com\/itayachtscanada.com\/wp-content\/uploads\/2026\/01\/azimut_82.jpeg?w=1400&amp;ssl=1 1400w\" sizes=\"auto, (max-width: 300px) 100vw, 300px\" \/><\/a><\/p>\n<p>&nbsp;<\/p>\n<p>&nbsp;<\/p>\n<p><strong><u>Meilleur Technical Development<\/u><\/strong><\/p>\n<p>Integrel E-Power 15<\/p>\n<p>Garmin OnBoard MOB system<\/p>\n<p>SEA.AI Watchkeeper<\/p>\n<p>Simrad Autocaptain<\/p>\n<p>Volvo Hybrid Electric IPS (gagnant)<\/p>\n<p><a href=\"https:\/\/i0.wp.com\/itayachtscanada.com\/wp-content\/uploads\/2026\/01\/Volvo-IPS-hybrid.jpg?ssl=1\"><img data-recalc-dims=\"1\" loading=\"lazy\" decoding=\"async\" data-attachment-id=\"298618\" data-permalink=\"https:\/\/itayachtscanada.com\/fr\/the-2026-motorboat-awards-at-the-dusseldorf-boat-show\/volvo-ips-hybrid\/\" data-orig-file=\"https:\/\/i0.wp.com\/itayachtscanada.com\/wp-content\/uploads\/2026\/01\/Volvo-IPS-hybrid.jpg?fit=1206%2C704&amp;ssl=1\" data-orig-size=\"1206,704\" data-comments-opened=\"1\" data-image-meta=\"{&quot;aperture&quot;:&quot;0&quot;,&quot;credit&quot;:&quot;&quot;,&quot;camera&quot;:&quot;&quot;,&quot;caption&quot;:&quot;&quot;,&quot;created_timestamp&quot;:&quot;0&quot;,&quot;copyright&quot;:&quot;&quot;,&quot;focal_length&quot;:&quot;0&quot;,&quot;iso&quot;:&quot;0&quot;,&quot;shutter_speed&quot;:&quot;0&quot;,&quot;title&quot;:&quot;&quot;,&quot;orientation&quot;:&quot;0&quot;}\" data-image-title=\"Volvo IPS hybrid\" data-image-description=\"\" data-image-caption=\"\" data-large-file=\"https:\/\/i0.wp.com\/itayachtscanada.com\/wp-content\/uploads\/2026\/01\/Volvo-IPS-hybrid.jpg?fit=700%2C409&amp;ssl=1\" class=\"alignnone wp-image-298618 size-medium\" src=\"https:\/\/i0.wp.com\/itayachtscanada.com\/wp-content\/uploads\/2026\/01\/Volvo-IPS-hybrid.jpg?resize=300%2C175&#038;ssl=1\" alt=\"\" width=\"300\" height=\"175\" srcset=\"https:\/\/i0.wp.com\/itayachtscanada.com\/wp-content\/uploads\/2026\/01\/Volvo-IPS-hybrid.jpg?resize=300%2C175&amp;ssl=1 300w, https:\/\/i0.wp.com\/itayachtscanada.com\/wp-content\/uploads\/2026\/01\/Volvo-IPS-hybrid.jpg?resize=1024%2C598&amp;ssl=1 1024w, https:\/\/i0.wp.com\/itayachtscanada.com\/wp-content\/uploads\/2026\/01\/Volvo-IPS-hybrid.jpg?resize=768%2C448&amp;ssl=1 768w, https:\/\/i0.wp.com\/itayachtscanada.com\/wp-content\/uploads\/2026\/01\/Volvo-IPS-hybrid.jpg?resize=700%2C409&amp;ssl=1 700w, https:\/\/i0.wp.com\/itayachtscanada.com\/wp-content\/uploads\/2026\/01\/Volvo-IPS-hybrid.jpg?resize=685%2C400&amp;ssl=1 685w, https:\/\/i0.wp.com\/itayachtscanada.com\/wp-content\/uploads\/2026\/01\/Volvo-IPS-hybrid.jpg?w=1206&amp;ssl=1 1206w\" sizes=\"auto, (max-width: 300px) 100vw, 300px\" \/><\/a><\/p>\n<p>&nbsp;<\/p>\n<p>&nbsp;<\/p>\n<p>Bien s\u00fbr, malgr\u00e9 ces distinctions, il faut toujours garder en t\u00eate ses crit\u00e8res avant de s\u00e9lectionner un yacht. Il y a de bonnes diff\u00e9rences entre chacun, il faut une analyse compl\u00e8te avant tout.<\/p>\n<p>De plus, lorsque vous s\u00e9lectionnez un bateau en provenance de l\u2019Europe, prenez soin de vous informer au sujet de la garantie donn\u00e9e ici en Am\u00e9rique du Nord. Le manufacturier poss\u00e8de-t-il des points de services ici au Canada ainsi qu\u2019aux \u00c9tats-Unis o\u00f9 vous pourrez vous r\u00e9f\u00e9rer en cas de besoin (autre que votre concessionnaire) et est-ce que celui-ci poss\u00e8de des infrastructures de pi\u00e8ces de rechange ici en Am\u00e9rique (un ou des entrep\u00f4ts).<\/p>\n<p>Un courtier exp\u00e9riment\u00e9 peut vous \u00eatre d\u2019une aide tr\u00e8s pr\u00e9cieuse afin d\u2019\u00e9viter les d\u00e9ceptions. Nous sommes chez Ita Yachts Canada et sa division ProprioBateau \u00e0 votre disposition.<\/p>\n<p>&nbsp;<\/p>\n<p>&nbsp;<\/p>\n<p><img data-recalc-dims=\"1\" loading=\"lazy\" decoding=\"async\" data-attachment-id=\"298628\" data-permalink=\"https:\/\/itayachtscanada.com\/fr\/the-2026-motorboat-awards-at-the-dusseldorf-boat-show\/motorboat-awards-2026\/\" data-orig-file=\"https:\/\/i0.wp.com\/itayachtscanada.com\/wp-content\/uploads\/2026\/01\/Motorboat-Awards-2026.jpg?fit=1294%2C734&amp;ssl=1\" data-orig-size=\"1294,734\" data-comments-opened=\"1\" data-image-meta=\"{&quot;aperture&quot;:&quot;0&quot;,&quot;credit&quot;:&quot;&quot;,&quot;camera&quot;:&quot;&quot;,&quot;caption&quot;:&quot;&quot;,&quot;created_timestamp&quot;:&quot;0&quot;,&quot;copyright&quot;:&quot;&quot;,&quot;focal_length&quot;:&quot;0&quot;,&quot;iso&quot;:&quot;0&quot;,&quot;shutter_speed&quot;:&quot;0&quot;,&quot;title&quot;:&quot;&quot;,&quot;orientation&quot;:&quot;0&quot;}\" data-image-title=\"Motorboat Awards 2026\" data-image-description=\"\" data-image-caption=\"\" data-large-file=\"https:\/\/i0.wp.com\/itayachtscanada.com\/wp-content\/uploads\/2026\/01\/Motorboat-Awards-2026.jpg?fit=700%2C397&amp;ssl=1\" class=\"alignnone wp-image-298628 size-large\" src=\"https:\/\/i0.wp.com\/itayachtscanada.com\/wp-content\/uploads\/2026\/01\/Motorboat-Awards-2026.jpg?resize=700%2C397&#038;ssl=1\" alt=\"\" width=\"700\" height=\"397\" srcset=\"https:\/\/i0.wp.com\/itayachtscanada.com\/wp-content\/uploads\/2026\/01\/Motorboat-Awards-2026.jpg?resize=1024%2C581&amp;ssl=1 1024w, https:\/\/i0.wp.com\/itayachtscanada.com\/wp-content\/uploads\/2026\/01\/Motorboat-Awards-2026.jpg?resize=300%2C170&amp;ssl=1 300w, https:\/\/i0.wp.com\/itayachtscanada.com\/wp-content\/uploads\/2026\/01\/Motorboat-Awards-2026.jpg?resize=768%2C436&amp;ssl=1 768w, https:\/\/i0.wp.com\/itayachtscanada.com\/wp-content\/uploads\/2026\/01\/Motorboat-Awards-2026.jpg?resize=700%2C397&amp;ssl=1 700w, https:\/\/i0.wp.com\/itayachtscanada.com\/wp-content\/uploads\/2026\/01\/Motorboat-Awards-2026.jpg?resize=705%2C400&amp;ssl=1 705w, https:\/\/i0.wp.com\/itayachtscanada.com\/wp-content\/uploads\/2026\/01\/Motorboat-Awards-2026.jpg?w=1294&amp;ssl=1 1294w\" sizes=\"auto, (max-width: 700px) 100vw, 700px\" \/><\/p>\n<p>&nbsp;<\/p>\n<div data-test='contact-form'\n\t\t\tid='contact-form-298616'\n\t\t\tclass='jetpack-contact-form-container '\n\t\t\tdata-wp-interactive='jetpack\/form' data-wp-context='{\"formId\":\"298616\",\"formHash\":\"e3296ca4da3d23bb35a8e22d1a43d2d8b8601cd3\",\"showErrors\":false,\"errors\":[],\"fields\":[],\"isMultiStep\":false,\"useAjax\":false,\"submissionData\":null,\"formattedSubmissionData\":[],\"submissionSuccess\":false,\"submissionError\":null,\"elementId\":\"jp-form-e3296ca4da3d23bb35a8e22d1a43d2d8b8601cd3\",\"isSingleInputForm\":false,\"isForcedHorizontal\":false}'\n\t\t\tdata-wp-watch--scroll-to-wrapper=\"callbacks.scrollToWrapper\"\n\t\t>\n<div class=\"contact-form-submission contact-form-ajax-submission\" data-wp-bind--aria-hidden=\"state.isSuccessMessageAriaHidden\" data-wp-class--submission-success=\"context.submissionSuccess\" id=\"contact-form-success-e3296ca4da3d23bb35a8e22d1a43d2d8b8601cd3\" tabindex=\"-1\" aria-labelledby=\"contact-form-success-header-e3296ca4da3d23bb35a8e22d1a43d2d8b8601cd3\"><p class=\"go-back-message\"><a class=\"link\" role=\"button\" tabindex=\"0\" data-wp-on--click=\"actions.goBack\" href=\"\/fr\/wp-json\/wp\/v2\/posts\/298616\">\u2190 Retour<\/a><\/p><h4 data-wp-bind--aria-hidden=\"state.isSuccessMessageAriaHidden\" id=\"contact-form-success-header-e3296ca4da3d23bb35a8e22d1a43d2d8b8601cd3\">Merci pour votre r\u00e9ponse. \u2728<\/h4>\n\n<template data-wp-each--submission=\"context.formattedSubmissionData\">\n\t\t\t\t\t<div class=\"jetpack_forms_contact-form-success-summary\">\n\t\t\t\t\t\t<div class=\"field-name-wrapper\">\n\t\t\t\t\t\t\t<div class=\"field-type-icon\" data-wp-watch=\"callbacks.watchFieldTypeIcon\"><\/div>\n\t\t\t\t\t\t\t<div class=\"field-name\" data-wp-text=\"context.submission.label\" data-wp-bind--hidden=\"!context.submission.label\"><\/div>\n\t\t\t\t\t\t<\/div>\n\t\t\t\t\t\t<div class=\"field-value\" data-wp-text=\"context.submission.value\" data-wp-bind--hidden=\"!context.submission.showPlainValue\"><\/div>\n\t\t\t\t\t\t<a class=\"field-url\" data-wp-bind--href=\"context.submission.url\" data-wp-text=\"context.submission.value\" data-wp-bind--hidden=\"!context.submission.url\" target=\"_blank\" rel=\"noopener noreferrer\"><\/a>\n\t\t\t\t\t\t<div class=\"field-rating\" data-wp-bind--hidden=\"!context.submission.rating\" data-wp-watch=\"callbacks.watchRatingIcons\"><\/div>\n\t\t\t\t\t\t<div class=\"field-images\" data-wp-bind--hidden=\"!context.submission.images\">\n\t\t\t\t\t\t\t<template data-wp-each--image=\"context.submission.images\">\n\t\t\t\t\t\t\t\t<div class=\"field-image-option\" data-wp-class--is-empty=\"!context.image.src\">\n\t\t\t\t\t\t\t\t\t<figure class=\"field-image-option__image\" data-wp-class--is-empty=\"!context.image.src\">\n\t\t\t\t\t\t\t\t\t\t<img data-wp-bind--src=\"context.image.src\" data-wp-bind--hidden=\"!context.image.src\" \/>\n\t\t\t\t\t\t\t\t\t\t<img decoding=\"async\" src=\"data:image\/gif;base64,R0lGODlhAQABAAD\/ACwAAAAAAQABAAACADs=\" data-wp-bind--hidden=\"context.image.src\" \/>\n\t\t\t\t\t\t\t\t\t<\/figure>\n\t\t\t\t\t\t\t\t\t<div class=\"field-image-option__label-wrapper\">\n\t\t\t\t\t\t\t\t\t\t<span class=\"field-image-option__label-code\" data-wp-text=\"context.image.letterCode\"><\/span>\n\t\t\t\t\t\t\t\t\t\t<span class=\"field-image-option__label\" data-wp-text=\"context.image.label\" data-wp-bind--hidden=\"!context.image.label\"><\/span>\n\t\t\t\t\t\t\t\t\t<\/div>\n\t\t\t\t\t\t\t\t<\/div>\n\t\t\t\t\t\t\t<\/template>\n\t\t\t\t\t\t<\/div>\n\t\t\t\t\t\t<div class=\"field-files\" data-wp-bind--hidden=\"!context.submission.files\">\n\t\t\t\t\t\t\t<template data-wp-each--file=\"context.submission.files\">\n\t\t\t\t\t\t\t\t<div class=\"field-file\">\n\t\t\t\t\t\t\t\t\t<div class=\"field-file__thumbnail\" data-wp-style--background-image=\"context.file.previewUrl\" data-wp-style--mask-image=\"context.file.iconUrl\" data-wp-bind--hidden=\"!context.file.hasPreview\"><\/div>\n\t\t\t\t\t\t\t\t\t<svg class=\"field-file__icon\" data-wp-bind--hidden=\"context.file.hasPreview\" width=\"20\" height=\"20\" viewBox=\"0 0 24 24\" fill=\"none\" xmlns=\"http:\/\/www.w3.org\/2000\/svg\" aria-hidden=\"true\">\n\t\t\t\t\t\t\t\t\t\t<path d=\"M14 2H6C4.9 2 4 2.9 4 4V20C4 21.1 4.89 22 5.99 22H18C19.1 22 20 21.1 20 20V8L14 2ZM18 20H6V4H13V9H18V20Z\" fill=\"currentColor\"\/>\n\t\t\t\t\t\t\t\t\t<\/svg>\n\t\t\t\t\t\t\t\t\t<span class=\"field-file__name\" data-wp-text=\"context.file.name\"><\/span>\n\t\t\t\t\t\t\t\t\t<span class=\"field-file__size\" data-wp-text=\"context.file.size\"><\/span>\n\t\t\t\t\t\t\t\t<\/div>\n\t\t\t\t\t\t\t<\/template>\n\t\t\t\t\t\t<\/div>\n\t\t\t\t\t<\/div>\n\t\t\t\t<\/template><\/div><form action='https:\/\/itayachtscanada.com\/fr\/the-2026-motorboat-awards-at-the-dusseldorf-boat-show\/'\n\t\t\t\tid='jp-form-e3296ca4da3d23bb35a8e22d1a43d2d8b8601cd3'\n\t\t\t\tmethod='post'\n\t\t\t\tclass='contact-form commentsblock jetpack-contact-form__form has-no-jetpack-form-layout' aria-label=\"{:en}The 2026 Motorboat Awards at the D\u00fcsseldorf Boat Show.{:}{:fr}LES MOTORBOAT AWARDS 2026 lors du Dusseldorf Boat Show.{:}\"\n\t\t\t\tdata-wp-on--submit=\"actions.onFormSubmit\"\n\t\t\t\tdata-wp-on--reset=\"actions.onFormReset\"\n\t\t\t\tdata-wp-class--submission-success=\"context.submissionSuccess\"\n\t\t\t\tdata-wp-class--is-first-step=\"state.isFirstStep\"\n\t\t\t\tdata-wp-class--is-last-step=\"state.isLastStep\"\n\t\t\t\tdata-wp-class--is-ajax-form=\"context.useAjax\"\n\t\t\t\tnovalidate >\n<input type='hidden' name='jetpack_contact_form_jwt' value='eyJ0eXAiOiJKV1QiLCJhbGciOiJIUzI1NiJ9.eyJlbmNyeXB0ZWRfYXR0cmlidXRlcyI6IllTelN4dEJwVExYcVVjZ1ZiRXo4NDlGSjdxN282THJWZjlubVlHc2oyODJzYldkZ0Yrak15Si9zZVFtRGNOMVVtR2loVGR6RWg1NlRjRjd6RmxpOXF6QWQ2MGhUb3J3UVgrWTNqcGU5U05OUXlNS0xYeHZOQ3o1aUxIU0xhNFJDTS9WTjVpSFVhT21Ud3lwb2NmUkRxZ3lLZkcwc2lDMkcyTSt4K1YzZkRpeGhJSERRNTA2bjRHaWU1OEJmVXBmK1NJWmJONzhIcndybHNQNFJJUWJ1dEQzUjNzMEQxR0ZKRjQwaFl4d3lhRmNKUlZlR2RrMUZjUnVXelkzNHRjZGZQaHg1K2lhR0ZSbWEyVG50V00vUUJRRXdMUWljR1BUMVJPWmRSTXBodXJCSDF4OHF5N25FNjZEZTROY0NFOWtPNzRKL3JWblhod3dJOTFsaGUvdEtBM0pNdDlha1lFWDdONitaNUMwNC9vRlRPS1pPRkZSZ0lFcmdtaStUTDB4V1pqKzBvS2tQSnhQaG12aXF6UUlwUVNPUW50SHpUNlY1dUVSak03SEMweCsvVEVtTmNyT2FaOStYTG40WVNGT1JxeW5WcytNNEdLZjhWbThVekpNbnBaQ0FoNXY1cC9Sd2dzYlZUYW96YXlHY3dSdXdqNGVZZmpuWWE4ZXlTckU1b0RBV3VYaVdRVG9Dc1YrQnl2QzcveUFvUkFsUW1XcUpIRDh1WUZmd2Y2SjY4MkpHZDcrZWxtZ0ZiSWgwc1FLd1U0NFJSaGxuU0tDemZqNHRCN1M5NmNCSWc3cytFWU1VZmJHWlR5dXhXVVF5MGxJNXhyeGNOZkdZK0VQNjdjM2pxYUh3Q0ljb2xEc0Z2eTdBMU1ub2FGRVpaSmt5ZVcxVGFVakx3QkJJMFk2ZVBYcEM1OHgwTnk4eFlUSjBxTWcxVk9hMXFqSm9BRGRObndOM3d4bHV0VzM4OEkzVXFSbmNUbUFVK0Y4RmxydnZqYTFlTnVsRVl6bm95dFY2bERLSHU5Nnl0MisxYkZrRDU3UzBKUEkxdklwcG8wN3lMaHdncGNYWUFQRHhaNjFvb09OYUFSN3h1VDRtRjdCWkhqNlhUNkhOZmRYSlVwNmdIZ3N0a1B5OGlpOXFRQk5FbmVJaEoyNmgxQWhhY01GaG9WTTdkUVdDa21OUGZPaTh0K1l6aHZ3OHZuU0JCZmpwK3M2eUlIZjdnb1d0VWlibCIsImNvbnRlbnQiOiJbY29udGFjdC1maWVsZCBsYWJlbD1cIk5vbVwiIHR5cGU9XCJuYW1lXCIgcmVxdWlyZWQ9XCIxXCJdW2NvbnRhY3QtZmllbGQgbGFiZWw9XCJFLW1haWxcIiB0eXBlPVwiZW1haWxcIiByZXF1aXJlZD1cIjFcIl1bY29udGFjdC1maWVsZCBsYWJlbD1cIkF1IHN1amV0IGRlIGNldCBhcnRpY2xlOlwiIHR5cGU9XCJ0ZXh0XCJdW2NvbnRhY3QtZmllbGQgbGFiZWw9XCJNZXNzYWdlXCIgdHlwZT1cInRleHRhcmVhXCJdIiwiaGFzaCI6ImUzMjk2Y2E0ZGEzZDIzYmIzNWE4ZTIyZDFhNDNkMmQ4Yjg2MDFjZDMiLCJzb3VyY2UiOnsiZW50cnlfdGl0bGUiOiJMRVMgTU9UT1JCT0FUIEFXQVJEUyAyMDI2IGxvcnMgZHUgRHVzc2VsZG9yZiBCb2F0IFNob3cuIiwiZW50cnlfcGFnZSI6MSwic291cmNlX2lkIjoyOTg2MTYsInNvdXJjZV90eXBlIjoic2luZ2xlIiwicmVxdWVzdF91cmwiOiJodHRwczovL2l0YXlhY2h0c2NhbmFkYS5jb20vZnIvd3AtanNvbi93cC92Mi9wb3N0cy8yOTg2MTYifSwidmVyc2lvbiI6MiwiY2lwaGVyIjoiYWVzLTI1Ni1nY20ifQ.KULRDDk29XVHfYS0KiNspiNTvgNhs7uDtWUVYJTYBvY' \/>\n\n<div style=\"\"  data-wp-interactive=\"jetpack\/form\" data-wp-context='{\"fieldId\":\"g298616-nom\",\"fieldType\":\"name\",\"fieldLabel\":\"Nom\",\"fieldValue\":\"\",\"fieldPlaceholder\":\"\",\"fieldIsRequired\":\"1\",\"fieldErrorMessage\":\"\",\"fieldExtra\":[],\"formHash\":\"e3296ca4da3d23bb35a8e22d1a43d2d8b8601cd3\"}'  class='grunion-field-name-wrap grunion-field-wrap'  data-wp-init='callbacks.initializeField' data-wp-on--jetpack-form-reset='callbacks.initializeField' >\n<label\n\t\t\t\tfor='g298616-nom' class=\"grunion-field-label name\" >Nom<span class=\"grunion-label-required\" aria-hidden=\"true\">(obligatoire)<\/span><\/label>\n<input\n\t\t\t\t\ttype='text'\n\t\t\t\t\tname='g298616-nom'\n\t\t\t\t\tid='g298616-nom'\n\t\t\t\t\tvalue=''\n\n\t\t\t\t\tdata-wp-bind--aria-invalid='state.fieldAriaInvalid'\n\t\t\t\t\tdata-wp-bind--value='state.getFieldValue'\n\t\t\t\t\taria-describedby='g298616-nom-text-error-message'\n\t\t\t\t\tdata-wp-on--input='actions.onFieldChange'\n\t\t\t\t\tdata-wp-on--blur='actions.onFieldBlur'\n\t\t\t\t\tdata-wp-class--has-value='state.hasFieldValue'\n\n\t\t\t\t\tclass='name  grunion-field' \n\t\t\t\t\trequired='true' aria-required='true'  \/>\n \n\t\t\t<div id=\"g298616-nom-text-error\" class=\"contact-form__input-error\" data-wp-class--has-errors=\"state.fieldHasErrors\">\n\t\t\t\t<span class=\"contact-form__warning-icon\" aria-hidden=\"true\">\n\t\t\t\t\t<svg width=\"16\" height=\"16\" viewBox=\"0 0 16 16\" fill=\"none\" xmlns=\"http:\/\/www.w3.org\/2000\/svg\">\n\t\t\t\t\t\t<path d=\"M8.50015 11.6402H7.50015V10.6402H8.50015V11.6402Z\" \/>\n\t\t\t\t\t\t<path d=\"M7.50015 9.64018H8.50015V6.30684H7.50015V9.64018Z\" \/>\n\t\t\t\t\t\t<path fill-rule=\"evenodd\" clip-rule=\"evenodd\" d=\"M6.98331 3.0947C7.42933 2.30177 8.57096 2.30177 9.01698 3.09469L13.8771 11.7349C14.3145 12.5126 13.7525 13.4735 12.8602 13.4735H3.14004C2.24774 13.4735 1.68575 12.5126 2.12321 11.7349L6.98331 3.0947ZM8.14541 3.58496C8.08169 3.47168 7.9186 3.47168 7.85488 3.58496L2.99478 12.2251C2.93229 12.3362 3.01257 12.4735 3.14004 12.4735H12.8602C12.9877 12.4735 13.068 12.3362 13.0055 12.2251L8.14541 3.58496Z\" \/>\n\t\t\t\t\t<\/svg>\n\t\t\t\t<\/span>\n\t\t\t\t<span data-wp-text=\"state.errorMessage\" id=\"g298616-nom-text-error-message\"><\/span>\n\t\t\t<\/div> \n\t<\/div>\n\n<div style=\"\"  data-wp-interactive=\"jetpack\/form\" data-wp-context='{\"fieldId\":\"g298616-email\",\"fieldType\":\"email\",\"fieldLabel\":\"E-mail\",\"fieldValue\":\"\",\"fieldPlaceholder\":\"\",\"fieldIsRequired\":\"1\",\"fieldErrorMessage\":\"\",\"fieldExtra\":[],\"formHash\":\"e3296ca4da3d23bb35a8e22d1a43d2d8b8601cd3\"}'  class='grunion-field-email-wrap grunion-field-wrap'  data-wp-init='callbacks.initializeField' data-wp-on--jetpack-form-reset='callbacks.initializeField' >\n<label\n\t\t\t\tfor='g298616-email' class=\"grunion-field-label email\" >E-mail<span class=\"grunion-label-required\" aria-hidden=\"true\">(obligatoire)<\/span><\/label>\n<input\n\t\t\t\t\ttype='email'\n\t\t\t\t\tname='g298616-email'\n\t\t\t\t\tid='g298616-email'\n\t\t\t\t\tvalue=''\n\n\t\t\t\t\tdata-wp-bind--aria-invalid='state.fieldAriaInvalid'\n\t\t\t\t\tdata-wp-bind--value='state.getFieldValue'\n\t\t\t\t\taria-describedby='g298616-email-email-error-message'\n\t\t\t\t\tdata-wp-on--input='actions.onFieldChange'\n\t\t\t\t\tdata-wp-on--blur='actions.onFieldBlur'\n\t\t\t\t\tdata-wp-class--has-value='state.hasFieldValue'\n\n\t\t\t\t\tclass='email  grunion-field' \n\t\t\t\t\trequired='true' aria-required='true'  \/>\n \n\t\t\t<div id=\"g298616-email-email-error\" class=\"contact-form__input-error\" data-wp-class--has-errors=\"state.fieldHasErrors\">\n\t\t\t\t<span class=\"contact-form__warning-icon\" aria-hidden=\"true\">\n\t\t\t\t\t<svg width=\"16\" height=\"16\" viewBox=\"0 0 16 16\" fill=\"none\" xmlns=\"http:\/\/www.w3.org\/2000\/svg\">\n\t\t\t\t\t\t<path d=\"M8.50015 11.6402H7.50015V10.6402H8.50015V11.6402Z\" \/>\n\t\t\t\t\t\t<path d=\"M7.50015 9.64018H8.50015V6.30684H7.50015V9.64018Z\" \/>\n\t\t\t\t\t\t<path fill-rule=\"evenodd\" clip-rule=\"evenodd\" d=\"M6.98331 3.0947C7.42933 2.30177 8.57096 2.30177 9.01698 3.09469L13.8771 11.7349C14.3145 12.5126 13.7525 13.4735 12.8602 13.4735H3.14004C2.24774 13.4735 1.68575 12.5126 2.12321 11.7349L6.98331 3.0947ZM8.14541 3.58496C8.08169 3.47168 7.9186 3.47168 7.85488 3.58496L2.99478 12.2251C2.93229 12.3362 3.01257 12.4735 3.14004 12.4735H12.8602C12.9877 12.4735 13.068 12.3362 13.0055 12.2251L8.14541 3.58496Z\" \/>\n\t\t\t\t\t<\/svg>\n\t\t\t\t<\/span>\n\t\t\t\t<span data-wp-text=\"state.errorMessage\" id=\"g298616-email-email-error-message\"><\/span>\n\t\t\t<\/div> \n\t<\/div>\n\n<div style=\"\"  data-wp-interactive=\"jetpack\/form\" data-wp-context='{\"fieldId\":\"g298616-ausujetdecetarticle\",\"fieldType\":\"text\",\"fieldLabel\":\"Au sujet de cet article:\",\"fieldValue\":\"\",\"fieldPlaceholder\":\"\",\"fieldIsRequired\":\"\",\"fieldErrorMessage\":\"\",\"fieldExtra\":[],\"formHash\":\"e3296ca4da3d23bb35a8e22d1a43d2d8b8601cd3\"}'  class='grunion-field-text-wrap grunion-field-wrap'  data-wp-init='callbacks.initializeField' data-wp-on--jetpack-form-reset='callbacks.initializeField' >\n<label\n\t\t\t\tfor='g298616-ausujetdecetarticle' class=\"grunion-field-label text\" >Au sujet de cet article:<\/label>\n<input\n\t\t\t\t\ttype='text'\n\t\t\t\t\tname='g298616-ausujetdecetarticle'\n\t\t\t\t\tid='g298616-ausujetdecetarticle'\n\t\t\t\t\tvalue=''\n\n\t\t\t\t\tdata-wp-bind--aria-invalid='state.fieldAriaInvalid'\n\t\t\t\t\tdata-wp-bind--value='state.getFieldValue'\n\t\t\t\t\taria-describedby='g298616-ausujetdecetarticle-text-error-message'\n\t\t\t\t\tdata-wp-on--input='actions.onFieldChange'\n\t\t\t\t\tdata-wp-on--blur='actions.onFieldBlur'\n\t\t\t\t\tdata-wp-class--has-value='state.hasFieldValue'\n\n\t\t\t\t\tclass='text  grunion-field' \n\t\t\t\t\t \/>\n \n\t\t\t<div id=\"g298616-ausujetdecetarticle-text-error\" class=\"contact-form__input-error\" data-wp-class--has-errors=\"state.fieldHasErrors\">\n\t\t\t\t<span class=\"contact-form__warning-icon\" aria-hidden=\"true\">\n\t\t\t\t\t<svg width=\"16\" height=\"16\" viewBox=\"0 0 16 16\" fill=\"none\" xmlns=\"http:\/\/www.w3.org\/2000\/svg\">\n\t\t\t\t\t\t<path d=\"M8.50015 11.6402H7.50015V10.6402H8.50015V11.6402Z\" \/>\n\t\t\t\t\t\t<path d=\"M7.50015 9.64018H8.50015V6.30684H7.50015V9.64018Z\" \/>\n\t\t\t\t\t\t<path fill-rule=\"evenodd\" clip-rule=\"evenodd\" d=\"M6.98331 3.0947C7.42933 2.30177 8.57096 2.30177 9.01698 3.09469L13.8771 11.7349C14.3145 12.5126 13.7525 13.4735 12.8602 13.4735H3.14004C2.24774 13.4735 1.68575 12.5126 2.12321 11.7349L6.98331 3.0947ZM8.14541 3.58496C8.08169 3.47168 7.9186 3.47168 7.85488 3.58496L2.99478 12.2251C2.93229 12.3362 3.01257 12.4735 3.14004 12.4735H12.8602C12.9877 12.4735 13.068 12.3362 13.0055 12.2251L8.14541 3.58496Z\" \/>\n\t\t\t\t\t<\/svg>\n\t\t\t\t<\/span>\n\t\t\t\t<span data-wp-text=\"state.errorMessage\" id=\"g298616-ausujetdecetarticle-text-error-message\"><\/span>\n\t\t\t<\/div> \n\t<\/div>\n\n<div style=\"\"  data-wp-interactive=\"jetpack\/form\" data-wp-context='{\"fieldId\":\"g298616-message\",\"fieldType\":\"textarea\",\"fieldLabel\":\"Message\",\"fieldValue\":\"\",\"fieldPlaceholder\":\"\",\"fieldIsRequired\":\"\",\"fieldErrorMessage\":\"\",\"fieldExtra\":[],\"formHash\":\"e3296ca4da3d23bb35a8e22d1a43d2d8b8601cd3\"}'  class='grunion-field-textarea-wrap grunion-field-wrap'  data-wp-init='callbacks.initializeField' data-wp-on--jetpack-form-reset='callbacks.initializeField' >\n<label\n\t\t\t\tfor='contact-form-comment-g298616-message' class=\"grunion-field-label textarea\" >Message<\/label>\n<textarea\n\t\t                style=''\n\t\t                name='g298616-message'\n\t\t                id='contact-form-comment-g298616-message'\n\t\t                rows='20'\n\t\t\t\t\t\tdata-wp-text='state.getFieldValue'\n\t\t\t\t\t\tdata-wp-on--input='actions.onFieldChange'\n\t\t\t\t\t\tdata-wp-on--blur='actions.onFieldBlur'\n\t\t\t\t\t\tdata-wp-class--has-value='state.hasFieldValue'\n\t\t\t\t\t\taria-describedby='g298616-message-textarea-error-message'\n\t\t\t\t\t\tdata-wp-bind--aria-invalid='state.fieldAriaInvalid'\n\t\t\t\t\t\tclass='textarea  grunion-field'  ><\/textarea>\n \n\t\t\t<div id=\"g298616-message-textarea-error\" class=\"contact-form__input-error\" data-wp-class--has-errors=\"state.fieldHasErrors\">\n\t\t\t\t<span class=\"contact-form__warning-icon\" aria-hidden=\"true\">\n\t\t\t\t\t<svg width=\"16\" height=\"16\" viewBox=\"0 0 16 16\" fill=\"none\" xmlns=\"http:\/\/www.w3.org\/2000\/svg\">\n\t\t\t\t\t\t<path d=\"M8.50015 11.6402H7.50015V10.6402H8.50015V11.6402Z\" \/>\n\t\t\t\t\t\t<path d=\"M7.50015 9.64018H8.50015V6.30684H7.50015V9.64018Z\" \/>\n\t\t\t\t\t\t<path fill-rule=\"evenodd\" clip-rule=\"evenodd\" d=\"M6.98331 3.0947C7.42933 2.30177 8.57096 2.30177 9.01698 3.09469L13.8771 11.7349C14.3145 12.5126 13.7525 13.4735 12.8602 13.4735H3.14004C2.24774 13.4735 1.68575 12.5126 2.12321 11.7349L6.98331 3.0947ZM8.14541 3.58496C8.08169 3.47168 7.9186 3.47168 7.85488 3.58496L2.99478 12.2251C2.93229 12.3362 3.01257 12.4735 3.14004 12.4735H12.8602C12.9877 12.4735 13.068 12.3362 13.0055 12.2251L8.14541 3.58496Z\" \/>\n\t\t\t\t\t<\/svg>\n\t\t\t\t<\/span>\n\t\t\t\t<span data-wp-text=\"state.errorMessage\" id=\"g298616-message-textarea-error-message\"><\/span>\n\t\t\t<\/div>\n\t<\/div>\n\t<p class='contact-submit'>\n<div class=\"contact-form__error\" data-wp-class--show-errors=\"state.showFormErrors\"><span class=\"contact-form__warning-icon\" aria-hidden=\"true\"><i><\/i><\/span><span class=\"contact-form__error-message\" tabindex=\"-1\" data-wp-watch=\"callbacks.focusOnValidationError\" data-wp-text=\"state.getFormErrorMessage\"><\/span><ul aria-label=\"Erreurs de formulaire\">\n\t\t\t\t<template data-wp-each=\"state.getErrorList\" data-wp-key=\"context.item.id\">\n\t\t\t\t\t<li><a data-wp-bind--href=\"context.item.anchor\" data-wp-on--click=\"actions.scrollIntoView\" data-wp-text=\"context.item.label\"><\/a><\/li>\n\t\t\t\t<\/template>\n\t\t\t\t<\/ul><\/div><div class=\"contact-form__error\" data-wp-class--show-errors=\"state.showSubmissionError\" data-wp-text=\"context.submissionError\" tabindex=\"-1\" data-wp-watch=\"callbacks.focusOnSubmissionError\"><\/div>\t\t<button type='submit' class='pushbutton-wide'>Envoyer<\/button>\t\t<input type='hidden' name='contact-form-id' value='298616' \/>\n\t\t<input type='hidden' name='action' value='grunion-contact-form' \/>\n\t\t<input type='hidden' name='contact-form-hash' value='e3296ca4da3d23bb35a8e22d1a43d2d8b8601cd3' \/>\n\t<\/p>\n<p style=\"display: none !important;\" class=\"akismet-fields-container\" data-prefix=\"ak_\"><label>&#916;<textarea name=\"ak_hp_textarea\" cols=\"45\" rows=\"8\" maxlength=\"100\"><\/textarea><\/label><input type=\"hidden\" id=\"ak_js_1\" name=\"ak_js\" value=\"81\"\/><script type=\"text\/javascript\">\n\/* <![CDATA[ *\/\ndocument.getElementById( \"ak_js_1\" ).setAttribute( \"value\", ( new Date() ).getTime() );\n\/* ]]> *\/\n<\/script>\n<\/p><\/form>\n<\/div>\n<p>&nbsp;<\/p>\n<p><strong><span style=\"color: black;\">AVIS DE NON-RESPONSABILIT\u00c9<\/span><\/strong><\/p>\n<p><strong><span style=\"color: black; font-weight: normal;\">Le bateau qui est pr\u00e9sent\u00e9 sur cette page, l\u2019est uniquement \u00e0 titre d\u2019information et n\u2019est pas n\u00e9cessairement toujours disponible \u00e0 la vente et\/ou \u00e0 la location.<\/span><\/strong><span class=\"apple-converted-space\"><b><span style=\"color: black;\">\u00a0<\/span><\/b><\/span><strong><span style=\"color: black; font-weight: normal;\">Ce bateau est peut-\u00eatre offert sous r\u00e9serve, il faut v\u00e9rifier sa disponibilit\u00e9.<\/span><\/strong><span class=\"apple-converted-space\"><b><span style=\"color: black;\">\u00a0<\/span><\/b><\/span><strong><span style=\"color: black; font-weight: normal;\">\u00a0Ce document ou cette annonce n\u2019est pas contractuel. Les informations sur les bateaux affich\u00e9es dans les r\u00e9sultats ci-dessus sont pr\u00e9sent\u00e9es en toute bonne foi et, bien qu\u2019elles soient consid\u00e9r\u00e9es comme correctes, elles ne sont pas garanties. Ita Yachts Canada ne garantit pas et n\u2019assume aucune responsabilit\u00e9 l\u00e9gale ou responsabilit\u00e9 pour l\u2019exactitude, l\u2019exhaustivit\u00e9 ou l\u2019utilit\u00e9 des informations et\/ou des images affich\u00e9es, car elles peuvent ne pas \u00eatre \u00e0 jour ou encore \u00eatres des images d\u2019un bateau comparable. Toutes les informations sur les bateaux peuvent \u00eatre modifi\u00e9es sans pr\u00e9avis et sont sans garantie.<\/span><\/strong><span class=\"apple-converted-space\"><b><span style=\"color: black;\">\u00a0<\/span><\/b><\/span><strong><span style=\"color: black; font-weight: normal;\">Ce bateau est peut-\u00eatre offert par un autre courtier ouvert au co-courtage (co-brokerage).<\/span><\/strong><\/p>\n<p>&nbsp;<\/p>\n","protected":false},"excerpt":{"rendered":"<p>LES MOTORBOAT AWARDS 2026 lors du Dusseldorf Boat Show. Laur\u00e9ats des Motor Boat Awards 2026 : les meilleurs bateaux \u00e0 moteur de l&rsquo;ann\u00e9e d\u00e9voil\u00e9s. &nbsp; Le chantier maritime italien Absolute vient de remporter le MOTORBOAT AWARDS 2026 pour la cat\u00e9gorie Best Passagemaker, associ\u00e9 surtout ici en Am\u00e9rique \u00e0 la cat\u00e9gorie Trawler , mais cette cat\u00e9gorie &hellip; <a href=\"https:\/\/itayachtscanada.com\/fr\/the-2026-motorboat-awards-at-the-dusseldorf-boat-show\/\" class=\"more-link\">Lire la suite <span class=\"screen-reader-text\">LES MOTORBOAT AWARDS 2026 lors du Dusseldorf Boat Show.<\/span> <span class=\"meta-nav\">&rarr;<\/span><\/a><\/p>\n","protected":false},"author":119081455,"featured_media":298628,"comment_status":"open","ping_status":"open","sticky":false,"template":"","format":"standard","meta":{"_coblocks_attr":"","_coblocks_dimensions":"","_coblocks_responsive_height":"","_coblocks_accordion_ie_support":"","_lmt_disableupdate":"no","_lmt_disable":"","advanced_seo_description":"","jetpack_seo_html_title":"","jetpack_seo_noindex":false,"_jetpack_newsletter_access":"","_jetpack_dont_email_post_to_subs":false,"_jetpack_newsletter_tier_id":0,"_jetpack_memberships_contains_paywalled_content":false,"_jetpack_memberships_contains_paid_content":false,"footnotes":"","jetpack_publicize_message":"","jetpack_publicize_feature_enabled":true,"jetpack_social_post_already_shared":true,"jetpack_social_options":{"image_generator_settings":{"template":"highway","default_image_id":0,"font":"","enabled":false},"version":2},"_wpas_customize_per_network":false,"jetpack_post_was_ever_published":false},"categories":[6325],"tags":[],"class_list":["post-298616","post","type-post","status-publish","format-standard","has-post-thumbnail","hentry","category-non-classe"],"translation":{"provider":"WPGlobus","version":"2.12.2","language":"fr","enabled_languages":["en","fr"],"languages":{"en":{"title":true,"content":true,"excerpt":false},"fr":{"title":true,"content":true,"excerpt":false}}},"modified_by":"Guy Bolduc","jetpack_publicize_connections":[],"jetpack_featured_media_url":"https:\/\/i0.wp.com\/itayachtscanada.com\/wp-content\/uploads\/2026\/01\/Motorboat-Awards-2026.jpg?fit=1294%2C734&ssl=1","jetpack_likes_enabled":true,"jetpack_sharing_enabled":true,"jetpack_shortlink":"https:\/\/wp.me\/pdr7OT-1fGo","_links":{"self":[{"href":"https:\/\/itayachtscanada.com\/fr\/wp-json\/wp\/v2\/posts\/298616","targetHints":{"allow":["GET"]}}],"collection":[{"href":"https:\/\/itayachtscanada.com\/fr\/wp-json\/wp\/v2\/posts"}],"about":[{"href":"https:\/\/itayachtscanada.com\/fr\/wp-json\/wp\/v2\/types\/post"}],"author":[{"embeddable":true,"href":"https:\/\/itayachtscanada.com\/fr\/wp-json\/wp\/v2\/users\/119081455"}],"replies":[{"embeddable":true,"href":"https:\/\/itayachtscanada.com\/fr\/wp-json\/wp\/v2\/comments?post=298616"}],"version-history":[{"count":20,"href":"https:\/\/itayachtscanada.com\/fr\/wp-json\/wp\/v2\/posts\/298616\/revisions"}],"predecessor-version":[{"id":298674,"href":"https:\/\/itayachtscanada.com\/fr\/wp-json\/wp\/v2\/posts\/298616\/revisions\/298674"}],"wp:featuredmedia":[{"embeddable":true,"href":"https:\/\/itayachtscanada.com\/fr\/wp-json\/wp\/v2\/media\/298628"}],"wp:attachment":[{"href":"https:\/\/itayachtscanada.com\/fr\/wp-json\/wp\/v2\/media?parent=298616"}],"wp:term":[{"taxonomy":"category","embeddable":true,"href":"https:\/\/itayachtscanada.com\/fr\/wp-json\/wp\/v2\/categories?post=298616"},{"taxonomy":"post_tag","embeddable":true,"href":"https:\/\/itayachtscanada.com\/fr\/wp-json\/wp\/v2\/tags?post=298616"}],"curies":[{"name":"wp","href":"https:\/\/api.w.org\/{rel}","templated":true}]}}